{"id":657873,"date":"2026-01-12T07:55:11","date_gmt":"2026-01-12T07:55:11","guid":{"rendered":"https:\/\/www.europesays.com\/fr\/657873\/"},"modified":"2026-01-12T07:55:11","modified_gmt":"2026-01-12T07:55:11","slug":"strasbourg-une-conference-sur-les-statues-du-portail-sud-de-la-cathedrale","status":"publish","type":"post","link":"https:\/\/www.europesays.com\/fr\/657873\/","title":{"rendered":"Strasbourg. Une conf\u00e9rence sur les statues du portail sud de la\u00a0cath\u00e9drale"},"content":{"rendered":"<p>Les statues de l\u2019\u00c9glise et de la Synagogue du portail sud de la <a href=\"https:\/\/www.dna.fr\/p\/cathedrale-de-strasbourg\" target=\"_blank\" rel=\"noopener\">Cath\u00e9drale de Strasbourg<\/a> comptent parmi les plus remarquables chefs-d\u2019\u0153uvre de la sculpture m\u00e9di\u00e9vale. L\u2019\u00e9l\u00e9gance des visages, la finesse des drap\u00e9s, la dynamique des corps ainsi que l\u2019ex\u00e9cution en ronde-bosse \u00e9voquent en effet irr\u00e9sistiblement l\u2019h\u00e9ritage de l\u2019art antique.<\/p>\n<p>Leur sculpteur \u00e9voluait manifestement dans un milieu o\u00f9 l\u2019\u00e9tude des \u0153uvres antiques nourrit la recherche de naturalisme, de proportions justes et de mouvement. Probablement pass\u00e9 par le chantier de la Cath\u00e9drale de Chartres, il introduisit \u00e0 Strasbourg un langage plastique novateur, marqu\u00e9 par le d\u00e9tachement des figures de la paroi et par une conception renouvel\u00e9e de la ronde-bosse.<\/p>\n<p>  Une conf\u00e9rence \u00e0 retrouver au M\u00fcnsterhof<\/p>\n<p>Toutefois, loin de copier servilement des mod\u00e8les antiques pr\u00e9cis, il en assimila les principes g\u00e9n\u00e9raux \u2013 traitement de l\u2019anatomie, organisation des drap\u00e9s, torsion du corps \u2013 pour les r\u00e9interpr\u00e9ter de mani\u00e8re originale. Cette appropriation s\u00e9lective aboutit \u00e0 un style personnel, \u00e0 la fois ancr\u00e9 dans l\u2019Antiquit\u00e9 et r\u00e9solument novateur, illustrant le processus d\u2019\u00e9mulation qui caract\u00e9rise le style 1200.<\/p>\n<p>Laurence Terrier Aliferis est professeure titulaire d\u2019histoire de l\u2019art m\u00e9di\u00e9val et de mus\u00e9ologie depuis ao\u00fbt\u00a02024 \u00e0 l\u2019universit\u00e9 de Neuch\u00e2tel. Depuis sa th\u00e8se de doctorat consacr\u00e9e \u00e0 l\u2019imitation de l\u2019Antiquit\u00e9 dans le style 1200, ses recherches portent notamment sur la transmission du patrimoine antique durant le Moyen \u00c2ge. En t\u00e9moigne, entre autres, sa participation \u00e0 l\u2019exposition \u201cStrasbourg 1200-1230 La r\u00e9volution gothique\u201d.<\/p>\n<p class=\"note\">Mercredi 21\u00a0janvier \u00e0 18\u00a0h au M\u00fcnsterhof, 9 rue des Juifs, Strasbourg. Laurence Terrier Aliferis\u00a0: L\u2019\u00c9glise et la Synagogue du portail de Strasbourg\u00a0: au plus pr\u00e8s de l\u2019Antiquit\u00e9. Entr\u00e9e libre.<\/p>\n","protected":false},"excerpt":{"rendered":"Les statues de l\u2019\u00c9glise et de la Synagogue du portail sud de la Cath\u00e9drale de Strasbourg comptent parmi&hellip;\n","protected":false},"author":2,"featured_media":657874,"comment_status":"","ping_status":"","sticky":false,"template":"","format":"standard","meta":{"footnotes":""},"categories":[2820],"tags":[1111,11,6211,1687,2880,1777,674,107,1011,27,775,12,2661,5486,25,640,2879],"class_list":{"0":"post-657873","1":"post","2":"type-post","3":"status-publish","4":"format-standard","5":"has-post-thumbnail","7":"category-strasbourg","8":"tag-actu","9":"tag-actualites","10":"tag-conference","11":"tag-culture-loisirs","12":"tag-edition-strasbourg","13":"tag-eu","14":"tag-europe","15":"tag-fil-info","16":"tag-fr","17":"tag-france","18":"tag-grand-est","19":"tag-news","20":"tag-patrimoine-culturel","21":"tag-rencontre","22":"tag-republique-francaise","23":"tag-strasbourg","24":"tag-strasbourg-ville"},"share_on_mastodon":{"url":"https:\/\/pubeurope.com\/@fr\/115881058210362055","error":""},"_links":{"self":[{"href":"https:\/\/www.europesays.com\/fr\/wp-json\/wp\/v2\/posts\/657873","targetHints":{"allow":["GET"]}}],"collection":[{"href":"https:\/\/www.europesays.com\/fr\/wp-json\/wp\/v2\/posts"}],"about":[{"href":"https:\/\/www.europesays.com\/fr\/wp-json\/wp\/v2\/types\/post"}],"author":[{"embeddable":true,"href":"https:\/\/www.europesays.com\/fr\/wp-json\/wp\/v2\/users\/2"}],"replies":[{"embeddable":true,"href":"https:\/\/www.europesays.com\/fr\/wp-json\/wp\/v2\/comments?post=657873"}],"version-history":[{"count":0,"href":"https:\/\/www.europesays.com\/fr\/wp-json\/wp\/v2\/posts\/657873\/revisions"}],"wp:featuredmedia":[{"embeddable":true,"href":"https:\/\/www.europesays.com\/fr\/wp-json\/wp\/v2\/media\/657874"}],"wp:attachment":[{"href":"https:\/\/www.europesays.com\/fr\/wp-json\/wp\/v2\/media?parent=657873"}],"wp:term":[{"taxonomy":"category","embeddable":true,"href":"https:\/\/www.europesays.com\/fr\/wp-json\/wp\/v2\/categories?post=657873"},{"taxonomy":"post_tag","embeddable":true,"href":"https:\/\/www.europesays.com\/fr\/wp-json\/wp\/v2\/tags?post=657873"}],"curies":[{"name":"wp","href":"https:\/\/api.w.org\/{rel}","templated":true}]}}