{"id":657875,"date":"2026-01-12T07:56:14","date_gmt":"2026-01-12T07:56:14","guid":{"rendered":"https:\/\/www.europesays.com\/fr\/657875\/"},"modified":"2026-01-12T07:56:14","modified_gmt":"2026-01-12T07:56:14","slug":"decembre-2025-deuxieme-meilleur-mois-de-decembre-de-lhistoire-de-batorama-a-strasbourg","status":"publish","type":"post","link":"https:\/\/www.europesays.com\/fr\/657875\/","title":{"rendered":"D\u00e9cembre 2025, deuxi\u00e8me meilleur mois de d\u00e9cembre de l&rsquo;histoire de Batorama \u00e0 Strasbourg"},"content":{"rendered":"<p> <img decoding=\"async\" src=\"https:\/\/www.europesays.com\/fr\/wp-content\/uploads\/2026\/01\/1768204573_284_1200x680.jpeg\" alt=\"illustration agrandir l'image\" style=\"--_image-preview:url('data:image\/jpeg;base64,\/9j\/2wBDACgcHiMeGSgjISMtKygwPGRBPDc3PHtYXUlkkYCZlo+AjIqgtObDoKrarYqMyP\/L2u71\/\/\/\/m8H\/\/\/\/6\/+b9\/\/j\/2wBDASstLTw1PHZBQXb4pYyl+Pj4+Pj4+Pj4+Pj4+Pj4+Pj4+Pj4+Pj4+Pj4+Pj4+Pj4+Pj4+Pj4+Pj4+Pj4+Pj4+Pj\/wAARCAAXACoDASIAAhEBAxEB\/8QAGAABAQEBAQAAAAAAAAAAAAAAAAEEAgP\/xAAYEAEAAwEAAAAAAAAAAAAAAAAAAQISEf\/EABUBAQEAAAAAAAAAAAAAAAAAAAAB\/8QAFBEBAAAAAAAAAAAAAAAAAAAAAP\/aAAwDAQACEQMRAD8A99EXeOjQrRF3UXZos6iwNOzbPpdgzdUEFXoAvToA\/9k=');\" loading=\"eager\" fetchpriority=\"high\" class=\"svelte-1cksh76 rounded\" onload=\"this.__e=event\" onerror=\"this.__e=event\"\/> Image d&rsquo;illustration.  \u00a9 Radio France &#8211; Corinne Fugler    <\/p>\n<p class=\"g-ici-body-regular-3 info svelte-1tw4hsy\">Diffus\u00e9 le lundi 12 janvier 2026 \u00e0 7:22 <\/p>\n<p class=\"g-ici-body-regular-3 info svelte-1tw4hsy\">Publi\u00e9 le lundi 12 janvier 2026 \u00e0 7:22 <\/p>\n<p class=\"g-ici-body-bold-1 standFirst svelte-1gkeky6\">L&rsquo;entreprise Batorama, qui g\u00e8re les bateaux-promenade \u00e0 Strasbourg, fait le bilan de la fr\u00e9quentation lors du mois de d\u00e9cembre 2025. Fr\u00e9quentation qui chute en janvier, et qui permet la maintenance des bateaux. <\/p>\n<p>Avec le froid, les canaux sont gel\u00e9s en Alsace mais pas de quoi arr\u00eater les bateaux-promenade \u00e0 Strasbourg comme le confirme le\u00a0directeur adjoint de <strong>Batorama \u00e0 Strasbourg<\/strong> Reynald Schaich ce lundi 12 janvier. \u00ab\u00a0La glace n&rsquo;est pas assez \u00e9paisse et si besoin un\u00a0petit bateau passe avant pour fendre la glace et permettre la circulation de nos bateaux\u00a0\u00bb. Et Batorama\u00a0profite de cette p\u00e9riode plus calme du mois de janvier pour faire de la maintenance.<\/p>\n<p>Fr\u00e9quentation divis\u00e9e par 7 en janvier par rapport \u00e0 d\u00e9cembre<\/p>\n<p>\u00ab\u00a0La fr\u00e9quentation chute drastiquement en janvier par rapport \u00e0 d\u00e9cembre, on passe \u00e0 12.000 visiteurs contre plus de 70.000 en d\u00e9cembre 2025\u00a0\u00bb. <strong>Le mois de d\u00e9cembre 2025<\/strong> qui est\u00a0<strong>le deuxi\u00e8me meilleur mois de d\u00e9cembre<\/strong> enregistr\u00e9 depuis la cr\u00e9ation de Batorama en 1974.<\/p>\n<p>\u00c0 lire aussi   <img decoding=\"async\" src=\"https:\/\/www.europesays.com\/fr\/wp-content\/uploads\/2026\/01\/1768204574_353_400x400.jpeg\" alt=\"\" style=\"--_image-preview:url('data:image\/jpeg;base64,\/9j\/2wBDACgcHiMeGSgjISMtKygwPGRBPDc3PHtYXUlkkYCZlo+AjIqgtObDoKrarYqMyP\/L2u71\/\/\/\/m8H\/\/\/\/6\/+b9\/\/j\/2wBDASstLTw1PHZBQXb4pYyl+Pj4+Pj4+Pj4+Pj4+Pj4+Pj4+Pj4+Pj4+Pj4+Pj4+Pj4+Pj4+Pj4+Pj4+Pj4+Pj4+Pj\/wAARCAAXACoDASIAAhEBAxEB\/8QAFwABAQEBAAAAAAAAAAAAAAAAAAEDAv\/EABgQAQEBAQEAAAAAAAAAAAAAAAASEQEC\/8QAFgEBAQEAAAAAAAAAAAAAAAAAAAIB\/8QAFREBAQAAAAAAAAAAAAAAAAAAAAH\/2gAMAwEAAhEDEQA\/AOdXnplRQhtS0wssG9JTG0sHGpoJUlFAqJKSgaP\/2Q==');\" loading=\"lazy\" fetchpriority=\"low\" aria-hidden=\"true\" class=\"svelte-1cksh76 rounded\" onload=\"this.__e=event\" onerror=\"this.__e=event\"\/> <\/p>\n<ul class=\"SocialNetworks svelte-oam7rq\">\n<li class=\"svelte-oam7rq\"><\/li>\n<li class=\"svelte-oam7rq\"><\/li>\n<li class=\"svelte-oam7rq\"><\/li>\n<li class=\"svelte-oam7rq\"><\/li>\n<li class=\"svelte-oam7rq\"><\/li>\n<\/ul>\n","protected":false},"excerpt":{"rendered":"Image d&rsquo;illustration. \u00a9 Radio France &#8211; Corinne Fugler Diffus\u00e9 le lundi 12 janvier 2026 \u00e0 7:22 Publi\u00e9 le&hellip;\n","protected":false},"author":2,"featured_media":657876,"comment_status":"","ping_status":"","sticky":false,"template":"","format":"standard","meta":{"footnotes":""},"categories":[2820],"tags":[1111,11,1777,674,1011,27,775,12,25,640],"class_list":{"0":"post-657875","1":"post","2":"type-post","3":"status-publish","4":"format-standard","5":"has-post-thumbnail","7":"category-strasbourg","8":"tag-actu","9":"tag-actualites","10":"tag-eu","11":"tag-europe","12":"tag-fr","13":"tag-france","14":"tag-grand-est","15":"tag-news","16":"tag-republique-francaise","17":"tag-strasbourg"},"share_on_mastodon":{"url":"https:\/\/pubeurope.com\/@fr\/115881062290877699","error":""},"_links":{"self":[{"href":"https:\/\/www.europesays.com\/fr\/wp-json\/wp\/v2\/posts\/657875","targetHints":{"allow":["GET"]}}],"collection":[{"href":"https:\/\/www.europesays.com\/fr\/wp-json\/wp\/v2\/posts"}],"about":[{"href":"https:\/\/www.europesays.com\/fr\/wp-json\/wp\/v2\/types\/post"}],"author":[{"embeddable":true,"href":"https:\/\/www.europesays.com\/fr\/wp-json\/wp\/v2\/users\/2"}],"replies":[{"embeddable":true,"href":"https:\/\/www.europesays.com\/fr\/wp-json\/wp\/v2\/comments?post=657875"}],"version-history":[{"count":0,"href":"https:\/\/www.europesays.com\/fr\/wp-json\/wp\/v2\/posts\/657875\/revisions"}],"wp:featuredmedia":[{"embeddable":true,"href":"https:\/\/www.europesays.com\/fr\/wp-json\/wp\/v2\/media\/657876"}],"wp:attachment":[{"href":"https:\/\/www.europesays.com\/fr\/wp-json\/wp\/v2\/media?parent=657875"}],"wp:term":[{"taxonomy":"category","embeddable":true,"href":"https:\/\/www.europesays.com\/fr\/wp-json\/wp\/v2\/categories?post=657875"},{"taxonomy":"post_tag","embeddable":true,"href":"https:\/\/www.europesays.com\/fr\/wp-json\/wp\/v2\/tags?post=657875"}],"curies":[{"name":"wp","href":"https:\/\/api.w.org\/{rel}","templated":true}]}}