{"id":657887,"date":"2026-01-12T08:04:14","date_gmt":"2026-01-12T08:04:14","guid":{"rendered":"https:\/\/www.europesays.com\/fr\/657887\/"},"modified":"2026-01-12T08:04:14","modified_gmt":"2026-01-12T08:04:14","slug":"a-26-ans-pierre-laffont-vise-la-mairie-de-pechbonnieu","status":"publish","type":"post","link":"https:\/\/www.europesays.com\/fr\/657887\/","title":{"rendered":"\u00e0 26 ans, Pierre Laffont vise la mairie de Pechbonnieu"},"content":{"rendered":"<p>\u00c0 trois mois de l\u2019\u00e9lection municipale,<strong> <\/strong>la campagne s\u2019anime \u00e0 <a href=\"https:\/\/lopinion.com\/\" rel=\"noopener noreferrer\" target=\"_blank\">Pechbonnieu<\/a>. Le 8 janvier dernier, <strong>Pierre Laffont<\/strong>, 26 ans, a officialis\u00e9 sa candidature \u00e0 la mairie pour le scrutin de 2026. Il conduit le collectif \u00ab\u00a0PechboMieux\u00a0\u00bb, proche du terrain et du tissu local.<\/p>\n<p>N\u00e9 et grandi \u00e0 Pechbonnieu, Pierre Laffont conna\u00eet bien la commune. <strong>De l\u2019ancienne \u00e9cole de l\u2019Olivier aux courts de tennis, en passant par le coll\u00e8ge Jean-Dieuzaide, son parcours est intimement li\u00e9 \u00e0 la vie locale<\/strong>.<\/p>\n<p>Un ancrage local et une premi\u00e8re exp\u00e9rience politique<\/p>\n<p>Dipl\u00f4m\u00e9 d\u2019une licence de droit et d\u2019un master de science politique, il dispose \u00e9galement d\u2019une exp\u00e9rience d\u00e9j\u00e0 significative des collectivit\u00e9s territoriales. <strong>En 2020, il s\u2019\u00e9tait fait remarquer en devenant la plus jeune t\u00eate de liste d\u2019Occitanie<\/strong>.<\/p>\n<p>Sa liste, \u00ab\u00a0Union pour l\u2019Alternative \u00e0 Pechbonnieu\u00a0\u00bb, avait d\u00e9croch\u00e9 trois si\u00e8ges au Conseil municipal et un \u00e0 la Communaut\u00e9 de communes. Une opposition \u00ab\u00a0souvent frustrante\u00a0\u00bb qui a toutefois renforc\u00e9 sa volont\u00e9 de proposer une alternative pour la commune.<\/p>\n<p>Depuis quatre ans, <strong>Pierre Laffont travaille par ailleurs comme charg\u00e9 de missions et collaborateur de cabinet en mairie<\/strong>. Un poste qui lui a permis, selon lui, de mieux appr\u00e9hender les rouages municipaux et intercommunaux.<\/p>\n<p>Le collectif \u00ab\u00a0PechboMieux\u00a0\u00bb s\u2019articule autour de trois priorit\u00e9s :<strong> offrir un cadre de vie paisible et s\u00e9curis\u00e9 pour les enfants, redonner \u00e0 Pechbonnieu son attractivit\u00e9 <\/strong>tout en s\u2019engageant dans le d\u00e9veloppement durable, et<strong> proposer des \u00e9lus pleinement investis<\/strong>.<\/p>\n<p><strong>\u00ab\u00a0Entour\u00e9 d\u2019une \u00e9quipe passionn\u00e9e, je serai maire de Pechbonnieu \u00e0 plein temps, r\u00e9ellement \u00e0 l\u2019\u00e9coute, rigoureux et pr\u00e9sent\u00a0\u00bb<\/strong>, affirme le candidat <a href=\"https:\/\/lopinion.com\/articles\/politique\/31391_municipales-2026-montauban-thierry-deville-candidature-delegations\" rel=\"noopener noreferrer\" target=\"_blank\">LR<\/a>, qui souhaite constituer une \u00e9quipe ouverte aux habitants d\u00e9sireux de s\u2019engager.<\/p>\n<p>Une premi\u00e8re r\u00e9union publique, organis\u00e9e sous forme de tables rondes, se tiendra le <strong>mercredi 28 janvier 2026 \u00e0 19 heures, \u00e0 la salle des f\u00eates de Pechbonnieu<\/strong>. Un premier rendez-vous pour pr\u00e9senter le projet et \u00e9changer avec les habitants.<\/p>\n<p>&gt;&gt; \u00c0 LIRE AUSSI :\u00a0<a href=\"https:\/\/lopinion.com\/articles\/politique\/31847_colere-agricole-haute-garonne-coordination-rurale-mepris-repression\" rel=\"noopener noreferrer\" target=\"_blank\">Col\u00e8re agricole en Haute-Garonne : la Coordination Rurale d\u00e9nonce \u00ab\u00a0m\u00e9pris et r\u00e9pression\u00a0\u00bb<\/a><\/p>\n","protected":false},"excerpt":{"rendered":"\u00c0 trois mois de l\u2019\u00e9lection municipale, la campagne s\u2019anime \u00e0 Pechbonnieu. Le 8 janvier dernier, Pierre Laffont, 26&hellip;\n","protected":false},"author":2,"featured_media":657888,"comment_status":"","ping_status":"","sticky":false,"template":"","format":"standard","meta":{"footnotes":""},"categories":[2816],"tags":[1111,11,1777,674,1011,27,12,2680,25,2312],"class_list":{"0":"post-657887","1":"post","2":"type-post","3":"status-publish","4":"format-standard","5":"has-post-thumbnail","7":"category-toulouse","8":"tag-actu","9":"tag-actualites","10":"tag-eu","11":"tag-europe","12":"tag-fr","13":"tag-france","14":"tag-news","15":"tag-occitanie","16":"tag-republique-francaise","17":"tag-toulouse"},"share_on_mastodon":{"url":"https:\/\/pubeurope.com\/@fr\/115881093710817946","error":""},"_links":{"self":[{"href":"https:\/\/www.europesays.com\/fr\/wp-json\/wp\/v2\/posts\/657887","targetHints":{"allow":["GET"]}}],"collection":[{"href":"https:\/\/www.europesays.com\/fr\/wp-json\/wp\/v2\/posts"}],"about":[{"href":"https:\/\/www.europesays.com\/fr\/wp-json\/wp\/v2\/types\/post"}],"author":[{"embeddable":true,"href":"https:\/\/www.europesays.com\/fr\/wp-json\/wp\/v2\/users\/2"}],"replies":[{"embeddable":true,"href":"https:\/\/www.europesays.com\/fr\/wp-json\/wp\/v2\/comments?post=657887"}],"version-history":[{"count":0,"href":"https:\/\/www.europesays.com\/fr\/wp-json\/wp\/v2\/posts\/657887\/revisions"}],"wp:featuredmedia":[{"embeddable":true,"href":"https:\/\/www.europesays.com\/fr\/wp-json\/wp\/v2\/media\/657888"}],"wp:attachment":[{"href":"https:\/\/www.europesays.com\/fr\/wp-json\/wp\/v2\/media?parent=657887"}],"wp:term":[{"taxonomy":"category","embeddable":true,"href":"https:\/\/www.europesays.com\/fr\/wp-json\/wp\/v2\/categories?post=657887"},{"taxonomy":"post_tag","embeddable":true,"href":"https:\/\/www.europesays.com\/fr\/wp-json\/wp\/v2\/tags?post=657887"}],"curies":[{"name":"wp","href":"https:\/\/api.w.org\/{rel}","templated":true}]}}