{"id":657912,"date":"2026-01-12T08:19:11","date_gmt":"2026-01-12T08:19:11","guid":{"rendered":"https:\/\/www.europesays.com\/fr\/657912\/"},"modified":"2026-01-12T08:19:11","modified_gmt":"2026-01-12T08:19:11","slug":"lue-reflechit-a-une-armee-commune-alerte-au-froid-a-kiev","status":"publish","type":"post","link":"https:\/\/www.europesays.com\/fr\/657912\/","title":{"rendered":"L&rsquo;UE r\u00e9fl\u00e9chit \u00e0 une arm\u00e9e commune, alerte au froid \u00e0 Kiev&#8230;"},"content":{"rendered":"<p>L&rsquo;ONU r\u00e9unira son conseil de s\u00e9curit\u00e9 ce lundi \u00e0 la demande de l&rsquo;Ukraine apr\u00e8s l&rsquo;utilisation d&rsquo;un missile russe hypersonique vendredi<\/p>\n<p>Le Conseil de s\u00e9curit\u00e9 de l\u2019ONU se r\u00e9unit ce lundi \u00e0 la demande de l\u2019Ukraine \u00e0 la suite de ces frappes et du recours par Moscou \u00e0 son missile balistique de derni\u00e8re g\u00e9n\u00e9ration Orechnik.<\/p>\n<p>\u00ab La Russie a atteint un nouveau niveau effroyable de crimes de guerre et de crimes contre l\u2019humanit\u00e9 dans ses attaques contre les civils et infrastructures civiles en Ukraine \u00bb, d\u00e9nonce l\u2019ambassadeur d\u2019Ukraine \u00e0 l\u2019ONU Andri\u00ef Melnyk dans sa lettre demandant la r\u00e9union, vue par l\u2019AFP, dans laquelle il affirme que l\u2019utilisation du missile constitue une \u00ab menace grave et sans pr\u00e9c\u00e9dent pour la s\u00e9curit\u00e9 du continent europ\u00e9en \u00bb.<\/p>\n<p>L&rsquo;UE devrait envisager de constituer une arm\u00e9e commune, estime son responsable de la d\u00e9fense<\/p>\n<p>Les pays de l&rsquo;Union europ\u00e9enne devrait envisager de mettre sur pied une force militaire commune qui pourrait remplacer les troupes am\u00e9ricaines stationn\u00e9es en Europe, a estim\u00e9 dimanche le commissaire europ\u00e9en \u00e0 la d\u00e9fense, Andrius Kubilius. Ce dernier, ex-Premier ministre lituanien, a \u00e9voqu\u00e9 la cr\u00e9ation d&rsquo;une \u00ab force militaire europ\u00e9enne permanente de 100.000 hommes \u00bb comme une option possible pour mieux prot\u00e9ger le continent. \u00ab Comment remplacerons-nous la force am\u00e9ricaine de 100.000 hommes, qui est la colonne vert\u00e9brale des forces arm\u00e9es en Europe ? \u00bb, a-t-il interrog\u00e9 lors d&rsquo;un discours en Su\u00e8de.<\/p>\n<p>Ces d\u00e9clarations interviennent alors que les propos insistants du pr\u00e9sident am\u00e9ricain Donald Trump sur son ambition d&rsquo;annexer le Groenland alimente les craintes des dirigeants de l&rsquo;Otan quant \u00e0 la fiabilit\u00e9 de l&rsquo;alliance avec Washington.<\/p>\n<p>Ce lundi, la situation est encore tr\u00e8s pr\u00e9caire pour des milliers d&rsquo;habitants de Kiev priv\u00e9s de chauffage<\/p>\n<p>Le maire de Kive a affirm\u00e9 dimanche matin que plus de 1.000 immeubles restaient sans chauffage et que l&rsquo;approvisionnement en \u00e9nergie demeurait dans la capitale \u00ab tr\u00e8s difficile \u00bb. Les tempr\u00e9atures  sont glaciales, autour de -10C\u00b0, et devraient prochainement encore chuter.<\/p>\n<p>L&rsquo;alimentation en chaleur d\u00e9pend de celle d&rsquo;\u00e9lectricit\u00e9 qui est \u00e9galement fortement perturb\u00e9e \u00e0 cause des frappes russes qui d\u00e9vastent, depuis 2022, le r\u00e9seau \u00e9nerg\u00e9tique ukrainien.<\/p>\n<p>Bonjour et bienvenue dans ce nouveau live !<\/p>\n<p>Chaque jour, \u00ab 20 Minutes \u00bb fait le point en direct avec vous sur les derni\u00e8res actualit\u00e9s de la guerre en Ukraine via nos articles live comment\u00e9s. La guerre a \u00e9t\u00e9 d\u00e9clar\u00e9e avec l&rsquo;invasion du pays par la Russie dans la nuit du 23 au 24 f\u00e9vrier 2022 sur d\u00e9cision du pr\u00e9sident russe Vladimir Poutine. Ce lundi, il s&rsquo;agit du 1.418e jour du conflit.<\/p>\n","protected":false},"excerpt":{"rendered":"L&rsquo;ONU r\u00e9unira son conseil de s\u00e9curit\u00e9 ce lundi \u00e0 la demande de l&rsquo;Ukraine apr\u00e8s l&rsquo;utilisation d&rsquo;un missile russe&hellip;\n","protected":false},"author":2,"featured_media":657913,"comment_status":"","ping_status":"","sticky":false,"template":"","format":"standard","meta":{"footnotes":""},"categories":[1590],"tags":[47,11,1777,674,131,74,12,132,220,135,134],"class_list":{"0":"post-657912","1":"post","2":"type-post","3":"status-publish","4":"format-standard","5":"has-post-thumbnail","7":"category-ukraine","8":"tag-actualite","9":"tag-actualites","10":"tag-eu","11":"tag-europe","12":"tag-guerre-en-ukraine","13":"tag-monde","14":"tag-news","15":"tag-russie","16":"tag-ukraine","17":"tag-vladimir-poutine","18":"tag-volodymyr-zelensky"},"share_on_mastodon":{"url":"https:\/\/pubeurope.com\/@fr\/115881152636708872","error":""},"_links":{"self":[{"href":"https:\/\/www.europesays.com\/fr\/wp-json\/wp\/v2\/posts\/657912","targetHints":{"allow":["GET"]}}],"collection":[{"href":"https:\/\/www.europesays.com\/fr\/wp-json\/wp\/v2\/posts"}],"about":[{"href":"https:\/\/www.europesays.com\/fr\/wp-json\/wp\/v2\/types\/post"}],"author":[{"embeddable":true,"href":"https:\/\/www.europesays.com\/fr\/wp-json\/wp\/v2\/users\/2"}],"replies":[{"embeddable":true,"href":"https:\/\/www.europesays.com\/fr\/wp-json\/wp\/v2\/comments?post=657912"}],"version-history":[{"count":0,"href":"https:\/\/www.europesays.com\/fr\/wp-json\/wp\/v2\/posts\/657912\/revisions"}],"wp:featuredmedia":[{"embeddable":true,"href":"https:\/\/www.europesays.com\/fr\/wp-json\/wp\/v2\/media\/657913"}],"wp:attachment":[{"href":"https:\/\/www.europesays.com\/fr\/wp-json\/wp\/v2\/media?parent=657912"}],"wp:term":[{"taxonomy":"category","embeddable":true,"href":"https:\/\/www.europesays.com\/fr\/wp-json\/wp\/v2\/categories?post=657912"},{"taxonomy":"post_tag","embeddable":true,"href":"https:\/\/www.europesays.com\/fr\/wp-json\/wp\/v2\/tags?post=657912"}],"curies":[{"name":"wp","href":"https:\/\/api.w.org\/{rel}","templated":true}]}}