{"id":657925,"date":"2026-01-12T08:26:10","date_gmt":"2026-01-12T08:26:10","guid":{"rendered":"https:\/\/www.europesays.com\/fr\/657925\/"},"modified":"2026-01-12T08:26:10","modified_gmt":"2026-01-12T08:26:10","slug":"larmee-russe-progresse-dans-les-oblasts-de-kharkiv-et-de-donetsk-la-situation-reste-sous-controle-total-affirme-kiev","status":"publish","type":"post","link":"https:\/\/www.europesays.com\/fr\/657925\/","title":{"rendered":"l\u2019arm\u00e9e russe progresse dans les oblasts de Kharkiv et de Donetsk\u00a0; la situation reste \u00ab\u00a0sous contr\u00f4le total\u00a0\u00bb, affirme Kiev"},"content":{"rendered":"<p>   Le commissaire europ\u00e9en \u00e0 la d\u00e9fense estime que l\u2019Union europ\u00e9enne devrait envisager la constitution d\u2019une arm\u00e9e commune             <\/p>\n<p class=\"post__live-container--answer-text post__space-node\">Andrius Kubilius, ex-premier ministre lituanien et commissaire europ\u00e9en \u00e0 la d\u00e9fense, a \u00e9voqu\u00e9 dimanche la cr\u00e9ation d\u2019une \u00ab\u00a0force militaire europ\u00e9enne permanente de 100\u00a0000 hommes\u00a0\u00bb comme une option possible pour mieux prot\u00e9ger le continent. \u00ab\u00a0Comment remplacerons-nous la force am\u00e9ricaine de 100\u00a0000 hommes, qui est la colonne vert\u00e9brale des forces arm\u00e9es en Europe\u00a0?\u00a0\u00bb, a-t-il interrog\u00e9 lors d\u2019un discours en Su\u00e8de.<\/p>\n<p class=\"post__live-container--answer-text post__space-node\">\u00ab\u00a0Dans un tel contexte, nous ne devons pas \u00e9luder les questions les plus urgentes concernant notre capacit\u00e9 institutionnelle de d\u00e9fense\u00a0\u00bb, a d\u00e9clar\u00e9 Andrius Kubilius. Le commissaire europ\u00e9en \u00e0 la d\u00e9fense a \u00e9galement d\u00e9fendu l\u2019id\u00e9e de cr\u00e9er un \u00ab\u00a0Conseil de s\u00e9curit\u00e9 europ\u00e9en\u00a0\u00bb regroupant les grandes puissances du continent, dont potentiellement le Royaume-Uni, pour faciliter et acc\u00e9l\u00e9rer la prise de d\u00e9cision en Europe en mati\u00e8re de d\u00e9fense.<\/p>\n<p class=\"post__live-container--answer-text post__space-node\">\u00ab\u00a0Le Conseil de s\u00e9curit\u00e9 europ\u00e9en pourrait \u00eatre compos\u00e9 de membres permanents-cl\u00e9s, et d\u2019autres membres tournants\u00a0\u00bb, a-t-il ajout\u00e9. \u00ab\u00a0Il y aurait 10 \u00e0 12 membres au total, qui auraient pour t\u00e2che de discuter des sujets essentiels en mati\u00e8re de d\u00e9fense\u00a0\u00bb. La priorit\u00e9 absolue de cet organe serait selon lui de tenter de modifier la dynamique du conflit en Ukraine afin d\u2019\u00e9viter une d\u00e9faite de Kiev.<\/p>\n<p class=\"post__live-container--answer-text post__space-node\">\u00ab\u00a0Nous devons avoir une r\u00e9ponse claire\u00a0: comment l\u2019UE compte-t-elle infl\u00e9chir ce sc\u00e9nario\u00a0?\u00a0\u00bb, a-t-il interrog\u00e9. \u00ab\u00a0C\u2019est la raison pour laquelle nous avons besoin d\u2019un Conseil de s\u00e9curit\u00e9 europ\u00e9en maintenant.\u00a0\u00bb<\/p>\n","protected":false},"excerpt":{"rendered":"Le commissaire europ\u00e9en \u00e0 la d\u00e9fense estime que l\u2019Union europ\u00e9enne devrait envisager la constitution d\u2019une arm\u00e9e commune Andrius&hellip;\n","protected":false},"author":2,"featured_media":657926,"comment_status":"","ping_status":"","sticky":false,"template":"","format":"standard","meta":{"footnotes":""},"categories":[2],"tags":[11,1011,27,12,25],"class_list":{"0":"post-657925","1":"post","2":"type-post","3":"status-publish","4":"format-standard","5":"has-post-thumbnail","7":"category-actualites","8":"tag-actualites","9":"tag-fr","10":"tag-france","11":"tag-news","12":"tag-republique-francaise"},"share_on_mastodon":{"url":"https:\/\/pubeurope.com\/@fr\/115881180367915808","error":""},"_links":{"self":[{"href":"https:\/\/www.europesays.com\/fr\/wp-json\/wp\/v2\/posts\/657925","targetHints":{"allow":["GET"]}}],"collection":[{"href":"https:\/\/www.europesays.com\/fr\/wp-json\/wp\/v2\/posts"}],"about":[{"href":"https:\/\/www.europesays.com\/fr\/wp-json\/wp\/v2\/types\/post"}],"author":[{"embeddable":true,"href":"https:\/\/www.europesays.com\/fr\/wp-json\/wp\/v2\/users\/2"}],"replies":[{"embeddable":true,"href":"https:\/\/www.europesays.com\/fr\/wp-json\/wp\/v2\/comments?post=657925"}],"version-history":[{"count":0,"href":"https:\/\/www.europesays.com\/fr\/wp-json\/wp\/v2\/posts\/657925\/revisions"}],"wp:featuredmedia":[{"embeddable":true,"href":"https:\/\/www.europesays.com\/fr\/wp-json\/wp\/v2\/media\/657926"}],"wp:attachment":[{"href":"https:\/\/www.europesays.com\/fr\/wp-json\/wp\/v2\/media?parent=657925"}],"wp:term":[{"taxonomy":"category","embeddable":true,"href":"https:\/\/www.europesays.com\/fr\/wp-json\/wp\/v2\/categories?post=657925"},{"taxonomy":"post_tag","embeddable":true,"href":"https:\/\/www.europesays.com\/fr\/wp-json\/wp\/v2\/tags?post=657925"}],"curies":[{"name":"wp","href":"https:\/\/api.w.org\/{rel}","templated":true}]}}