{"id":657927,"date":"2026-01-12T08:27:12","date_gmt":"2026-01-12T08:27:12","guid":{"rendered":"https:\/\/www.europesays.com\/fr\/657927\/"},"modified":"2026-01-12T08:27:12","modified_gmt":"2026-01-12T08:27:12","slug":"la-france-et-leurope-doivent-declarer-lurgence-industrielle-par-jean-marc-scolari-lexpress","status":"publish","type":"post","link":"https:\/\/www.europesays.com\/fr\/657927\/","title":{"rendered":"la France et l\u2019Europe doivent d\u00e9clarer l\u2019urgence industrielle, par Jean-Marc Scolari \u2013 L&rsquo;Express"},"content":{"rendered":"<p class=\"paragraph article-body-paragraph article__item   article-body-paragraph--first \">Face \u00e0 la crise climatique et aux bouleversements g\u00e9opolitiques, le nucl\u00e9aire s\u2019impose \u00e0 nouveau comme un pilier strat\u00e9gique de la souverainet\u00e9 \u00e9nerg\u00e9tique europ\u00e9enne. L\u2019\u00e9dition 2025 du World Nuclear Exhibition en a apport\u00e9 la preuve : la France en premi\u00e8re ligne parie sur l\u2019atome pour tenir ses ambitions de neutralit\u00e9 carbone.<\/p>\n<p class=\"paragraph article-body-paragraph article__item   \">Les ambitions sont claires : la France vise un triplement de ses capacit\u00e9s nucl\u00e9aires d\u2019ici 2050. Mais entre les d\u00e9clarations politiques et la r\u00e9alit\u00e9 industrielle, un d\u00e9calage majeur subsiste. Derri\u00e8re les grandes annonces, <a href=\"https:\/\/www.lexpress.fr\/podcasts\/laloupe\/nucleaire-la-relance-francaise-ne-tient-pas-toutes-ses-promesses-G2AUKHIQHBARBEMGTDR6R3GNW4\/?auth=7b9ddc7d9c\" target=\"_self\" rel=\"noopener\" title=\"https:\/\/www.lexpress.fr\/podcasts\/laloupe\/nucleaire-la-relance-francaise-ne-tient-pas-toutes-ses-promesses-G2AUKHIQHBARBEMGTDR6R3GNW4\/?auth=7b9ddc7d9c\">le d\u00e9fi reste entier<\/a> : transformer la volont\u00e9 affich\u00e9e en une ex\u00e9cution rapide, structur\u00e9e et comp\u00e9titive.<\/p>\n<p>Une guerre industrielle que l\u2019Europe ne peut plus se permettre de perdre<\/p>\n<p class=\"paragraph article-body-paragraph article__item   \">Partout dans le monde, le nucl\u00e9aire acc\u00e9l\u00e8re. En Chine, une centrale peut sortir de terre <a href=\"https:\/\/www.lexpress.fr\/environnement\/on-leur-a-tout-appris-et-ils-nous-ont-depasses-la-chine-relance-la-bataille-mondiale-du-nucleaire-3EP5ZETHBVBMTNJ5LYHCCSGVJ4\/\" target=\"_self\" rel=\"noopener\" title=\"https:\/\/www.lexpress.fr\/environnement\/on-leur-a-tout-appris-et-ils-nous-ont-depasses-la-chine-relance-la-bataille-mondiale-du-nucleaire-3EP5ZETHBVBMTNJ5LYHCCSGVJ4\/\">en moins de 7 ans<\/a> (en France, il en faut encore quinze). Avec 58 centrales nucl\u00e9aires \u00e0 son actif (57 pour la France), elle devrait d\u00e9passer les Etats-Unis d\u2019ici 2030. Ce contraste r\u00e9v\u00e8le une faille structurelle, un d\u00e9calage profond entre nos ambitions et notre capacit\u00e9 d\u2019ex\u00e9cution. L\u2019Europe, et la France ne peuvent plus se contenter de suivre le rythme. Elles doivent le donner.<\/p>\n<p><strong class=\"article-body-link-list__item text-gray-800 article-body-link-list__item--one-item\">LIRE AUSSI : <a class=\"article-body-link-list__item-link\" href=\"https:\/\/www.lexpress.fr\/environnement\/dans-le-nucleaire-les-retraites-reprennent-du-service-un-senior-peut-rendre-des-avis-pertinents-QJJ27IHQQ5DDFBZDSLFXR45UXA\/\" target=\"_blank\" rel=\"noopener\">Dans le nucl\u00e9aire, les retrait\u00e9s reprennent du service : \u00ab\u00a0Un senior peut rendre des avis pertinents\u00a0\u00bb<\/a><\/strong><\/p>\n<p class=\"paragraph article-body-paragraph article__item   \">Les freins sont connus et d\u00e9sormais critiques. D\u2019abord, la p\u00e9nurie de comp\u00e9tences p\u00e8se lourdement sur la relance du secteur. L\u2019incertitude prolong\u00e9e autour de l\u2019avenir du nucl\u00e9aire a dissuad\u00e9 les investissements dans la formation. R\u00e9sultat : les savoir-faire techniques, notamment dans des domaines comme le soudage de haute pr\u00e9cision, se sont \u00e9rod\u00e9s, alors m\u00eame qu\u2019ils sont aujourd\u2019hui au c\u0153ur des exigences de qualit\u00e9 et de s\u00fbret\u00e9. Relocaliser, transmettre, valoriser ces comp\u00e9tences est une urgence.<\/p>\n<p><img decoding=\"async\" src=\"https:\/\/www.europesays.com\/fr\/wp-content\/uploads\/2026\/01\/ZVDXSC4FY5FPTAZXHWXIMXWZYU.png\" class=\"image-with-legend__cover-img\" alt=\"Jean-Marc Scolari, dirigeant de Fronius France\" width=\"883\" height=\"0\" loading=\"lazy\"\/><\/p>\n<p class=\"image-with-legend__legend\">Jean-Marc Scolari, dirigeant de Fronius France<\/p>\n<p class=\"image-with-legend__credits\"> \u00a9  \/ Fronius<\/p>\n<p class=\"paragraph article-body-paragraph article__item   \">\u00c0 cela s\u2019ajoute une complexit\u00e9 r\u00e9glementaire qui, au fil des ann\u00e9es, est devenue un frein majeur \u00e0 la performance industrielle. L\u2019empilement des normes, des proc\u00e9dures, des validations \u00e0 chaque \u00e9tape finit par d\u00e9synchroniser l\u2019ensemble de la cha\u00eene. Pourtant, lorsque l\u2019urgence impose un cap clair. La reconstruction de Notre-Dame en est le symbole, en pr\u00e9sence d\u2019une volont\u00e9 politique forte, l\u2019exception devient la norme.<\/p>\n<p>Oser innover, oser industrialiser<\/p>\n<p class=\"paragraph article-body-paragraph article__item   \">Les technologies existent, les acteurs industriels sont mobilis\u00e9s. Ce qui fait encore d\u00e9faut, c\u2019est le courage de l\u2019innovation et la rapidit\u00e9 d\u2019ex\u00e9cution. Trop souvent, les grands donneurs d\u2019ordre h\u00e9sitent \u00e0 s\u2019engager pleinement dans de nouveaux proc\u00e9d\u00e9s de fabrication, plus automatis\u00e9s, plus agiles, plus tra\u00e7ables. La crainte de \u00ab\u00a0rater le prochain projet\u00a0\u00bb par exc\u00e8s d\u2019audace freine toute dynamique de transformation.<\/p>\n<p><strong class=\"article-body-link-list__item text-gray-800 article-body-link-list__item--one-item\">LIRE AUSSI : <a class=\"article-body-link-list__item-link\" href=\"https:\/\/www.lexpress.fr\/economie\/jonas-helwig-entre-leurope-et-la-chine-la-divergence-de-trajectoire-est-etroitement-liee-au-QPRCS46HJZGIDHR6UVOER3MZJU\/\" target=\"_blank\" rel=\"noopener\">Jonas Helwig : \u00ab\u00a0Entre l\u2019Europe et la Chine, la divergence de trajectoire est \u00e9troitement li\u00e9e au nucl\u00e9aire\u00a0\u00bb<\/a><\/strong><\/p>\n<p class=\"paragraph article-body-paragraph article__item   \">Nous devons sortir de cette logique d\u00e9fensive. Les <a href=\"https:\/\/www.lexpress.fr\/environnement\/flamanville-comment-la-filiere-nucleaire-tente-deviter-un-nouveau-fiasco-P7HIGDFP4BGQTPP6K354AGKR3A\/\" target=\"_self\" rel=\"noopener\" title=\"https:\/\/www.lexpress.fr\/environnement\/flamanville-comment-la-filiere-nucleaire-tente-deviter-un-nouveau-fiasco-P7HIGDFP4BGQTPP6K354AGKR3A\/\">difficult\u00e9s rencontr\u00e9es \u00e0 Flamanville<\/a> ne doivent plus \u00eatre vues comme un \u00e9chec, mais comme un point de d\u00e9part. Il faut standardiser les m\u00e9thodes, int\u00e9grer les sous-traitants en amont, adopter une logique de s\u00e9rie, moderniser les ateliers et ouvrir la fili\u00e8re \u00e0 l\u2019automatisation. Sans cela, aucun gain de comp\u00e9titivit\u00e9 ne sera possible.<\/p>\n<p>Vers un \u00ab\u00a0Airbus du nucl\u00e9aire\u00a0\u00bb<\/p>\n<p class=\"paragraph article-body-paragraph article__item   \">La France ne pourra pas porter seule l\u2019effort de relance nucl\u00e9aire \u00e0 la hauteur des enjeux qui s\u2019annoncent. L\u2019ambition ne peut plus \u00eatre nationale ; elle <a href=\"https:\/\/www.lexpress.fr\/environnement\/leurope-pourrait-reduire-de-60-le-cout-de-son-nucleaire-le-combat-du-depute-europeen-christophe-UCJJ3UUWMNEATGPVMQJ3OU7DUQ\/\" target=\"_self\" rel=\"noopener\" title=\"https:\/\/www.lexpress.fr\/environnement\/leurope-pourrait-reduire-de-60-le-cout-de-son-nucleaire-le-combat-du-depute-europeen-christophe-UCJJ3UUWMNEATGPVMQJ3OU7DUQ\/\">doit \u00eatre europ\u00e9enne<\/a>. L\u2019Union europ\u00e9enne fixe les objectifs en mati\u00e8re de d\u00e9carbonation : elle doit d\u00e9sormais assumer le r\u00f4le moteur dans la construction des moyens industriels permettant de les atteindre. Cela implique d\u2019unifier les standards techniques et r\u00e9glementaires, de mutualiser les investissements \u00e0 l\u2019\u00e9chelle du continent, et de favoriser l\u2019\u00e9mergence de v\u00e9ritables synergies industrielles entre les \u00c9tats membres. C\u2019est \u00e0 ce prix que l\u2019Europe pourra b\u00e2tir une fili\u00e8re nucl\u00e9aire coh\u00e9rente, efficace et souveraine.<\/p>\n<p><strong class=\"article-body-link-list__item text-gray-800 article-body-link-list__item--one-item\">LIRE AUSSI : <a class=\"article-body-link-list__item-link\" href=\"https:\/\/www.lexpress.fr\/environnement\/electricite-dans-le-futur-il-faudra-peut-etre-acheter-les-panneaux-solaires-chinois-en-yuans-CSGK463P6BEA3NSM5TEBA3S5CQ\/\" target=\"_blank\" rel=\"noopener\">Electricit\u00e9 : \u00ab\u00a0Dans le futur, il faudra peut-\u00eatre acheter les panneaux solaires chinois en yuans\u00a0\u00bb<\/a><\/strong><\/p>\n<p class=\"paragraph article-body-paragraph article__item   \">Il est temps d\u2019envisager un projet structurant \u00e0 la hauteur des besoins : un \u00ab\u00a0Airbus du nucl\u00e9aire\u00a0\u00bb, capable de soutenir des projets <a href=\"https:\/\/www.lexpress.fr\/environnement\/calogena-futur-champion-des-mini-reacteurs-nucleaires-le-meilleur-projet-en-france-cest-nous-5VRCWBHHVFBMZH3BSL7GXYVDQE\/\" target=\"_self\" rel=\"noopener\" title=\"https:\/\/www.lexpress.fr\/environnement\/calogena-futur-champion-des-mini-reacteurs-nucleaires-le-meilleur-projet-en-france-cest-nous-5VRCWBHHVFBMZH3BSL7GXYVDQE\/\">comme les SMR<\/a> (Small Modular Reactors), tout en garantissant \u00e0 l\u2019Europe une autonomie technologique et \u00e9nerg\u00e9tique face \u00e0 la Chine ou aux \u00c9tats-Unis.<\/p>\n<p class=\"paragraph article-body-paragraph article__item   \">La fili\u00e8re nucl\u00e9aire fran\u00e7aise poss\u00e8de les comp\u00e9tences, l\u2019exp\u00e9rience et l\u2019excellence technique. Ce qu\u2019il lui faut aujourd\u2019hui, c\u2019est un sursaut politique, une strat\u00e9gie claire, des d\u00e9cisions rapides. Osons penser industriellement ! Osons prendre des risques ! Car derri\u00e8re cette relance, ce sont notre souverainet\u00e9, notre r\u00e9silience \u00e9nerg\u00e9tique et l\u2019avenir des jeunes g\u00e9n\u00e9rations qui se jouent.<\/p>\n<p class=\"paragraph article-body-paragraph article__item    article__text__endpicto\">*Jean-Marc Scolari dirige Fronius France depuis bient\u00f4t 17 ans. Il est \u00e9galement pr\u00e9sident de la section soudage, brasage et coupage chez Evolis (organisation professionnelle au service des cr\u00e9ateurs de solutions industrielles productives) et membre du Conseil d&rsquo;Administration de l&rsquo;Institut de Soudure<\/p>\n","protected":false},"excerpt":{"rendered":"Face \u00e0 la crise climatique et aux bouleversements g\u00e9opolitiques, le nucl\u00e9aire s\u2019impose \u00e0 nouveau comme un pilier strat\u00e9gique&hellip;\n","protected":false},"author":2,"featured_media":657928,"comment_status":"","ping_status":"","sticky":false,"template":"","format":"standard","meta":{"footnotes":""},"categories":[4],"tags":[11,10696,33,1011,27,12,25],"class_list":{"0":"post-657927","1":"post","2":"type-post","3":"status-publish","4":"format-standard","5":"has-post-thumbnail","7":"category-france","8":"tag-actualites","9":"tag-climat-et-transitions","10":"tag-economie","11":"tag-fr","12":"tag-france","13":"tag-news","14":"tag-republique-francaise"},"share_on_mastodon":{"url":"https:\/\/pubeurope.com\/@fr\/115881184028767471","error":""},"_links":{"self":[{"href":"https:\/\/www.europesays.com\/fr\/wp-json\/wp\/v2\/posts\/657927","targetHints":{"allow":["GET"]}}],"collection":[{"href":"https:\/\/www.europesays.com\/fr\/wp-json\/wp\/v2\/posts"}],"about":[{"href":"https:\/\/www.europesays.com\/fr\/wp-json\/wp\/v2\/types\/post"}],"author":[{"embeddable":true,"href":"https:\/\/www.europesays.com\/fr\/wp-json\/wp\/v2\/users\/2"}],"replies":[{"embeddable":true,"href":"https:\/\/www.europesays.com\/fr\/wp-json\/wp\/v2\/comments?post=657927"}],"version-history":[{"count":0,"href":"https:\/\/www.europesays.com\/fr\/wp-json\/wp\/v2\/posts\/657927\/revisions"}],"wp:featuredmedia":[{"embeddable":true,"href":"https:\/\/www.europesays.com\/fr\/wp-json\/wp\/v2\/media\/657928"}],"wp:attachment":[{"href":"https:\/\/www.europesays.com\/fr\/wp-json\/wp\/v2\/media?parent=657927"}],"wp:term":[{"taxonomy":"category","embeddable":true,"href":"https:\/\/www.europesays.com\/fr\/wp-json\/wp\/v2\/categories?post=657927"},{"taxonomy":"post_tag","embeddable":true,"href":"https:\/\/www.europesays.com\/fr\/wp-json\/wp\/v2\/tags?post=657927"}],"curies":[{"name":"wp","href":"https:\/\/api.w.org\/{rel}","templated":true}]}}