{"id":657931,"date":"2026-01-12T08:31:11","date_gmt":"2026-01-12T08:31:11","guid":{"rendered":"https:\/\/www.europesays.com\/fr\/657931\/"},"modified":"2026-01-12T08:31:11","modified_gmt":"2026-01-12T08:31:11","slug":"tennis-jo-wilfried-tsonga-sur-lois-boisson-elle-decouvre-ce-que-lon-a-subi-et-quon-navait-jamais-demande-le-dauphine-libere","status":"publish","type":"post","link":"https:\/\/www.europesays.com\/fr\/657931\/","title":{"rendered":"Tennis. Jo-Wilfried Tsonga sur Lo\u00efs Boisson : \u00ab Elle d\u00e9couvre ce que l\u2019on a subi et qu&#039;on n&#039;avait jamais demand\u00e9 \u00bb &#8211; Le Dauphin\u00e9 Lib\u00e9r\u00e9"},"content":{"rendered":"<ol>\n<li><a href=\"https:\/\/news.google.com\/rss\/articles\/CBMi2gFBVV95cUxPcVREdDRlRWZKcnZYZnZHQXJfMTdsV3JrUzFOYjFraHpMSWZmSGI1THhUSlduMWJzQXA5VVh0a1NyNERpd3o4WDhvSGNjRm1GcURoaGVZS1FtQV80T0d0eDZRX0pZclpmNmRVWm1UMWtCXzFxM2ZjcG1XVWlvdk9nZ3hFb1ZtQlA0NTMwZDNvMVN1ZVFScG04a2dYemM4VjY2QVJHcGRNRldUVXlmRnpVdHV3QV9FN0JBLWdEMlh6RU9pbF92MmM1ZkMzRGFMSUtvUVE4Yk0zX0hkdw?oc=5\" target=\"_blank\" rel=\"noopener\">Tennis. Jo-Wilfried Tsonga sur Lo\u00efs Boisson : \u00ab Elle d\u00e9couvre ce que l\u2019on a subi et qu&rsquo;on n&rsquo;avait jamais demand\u00e9 \u00bb<\/a>&nbsp;&nbsp;Le Dauphin\u00e9 Lib\u00e9r\u00e9<\/li>\n<li><a href=\"https:\/\/news.google.com\/rss\/articles\/CBMilAFBVV95cUxOdkRKSDVnSFgySUFGQnJORmVuTTBKdHZFTW9lbFVOaHEtakZfbXhTRV8zQ1M0T2d3SEhmQU9WNnVqUkVlOUY4cERiRHJkNlNiVktjZ1RYTzVjNXE4YTlRcEYyaGlFbzJLakJXRG1fZkZYdW9EaEk5eC1VOHQ4elNIVnRvX19qaG45WmhNUFRyN0JnS29I?oc=5\" target=\"_blank\" rel=\"noopener\">Tennis. Lo\u00efs Boisson est d\u00e9sormais sur une autre plan\u00e8te<\/a>&nbsp;&nbsp;Le Progr\u00e8s<\/li>\n<li><a href=\"https:\/\/news.google.com\/rss\/articles\/CBMimAFBVV95cUxOWnNfQ1UwTWhYV1JoeE5neUNIdUFBVTRWcEhuVUY2amwzS2VyMjZjYWNOczAyWHY1aVJNMGtJX0UzVVV2Q193Ym5BMlFjN0E4SFJFNGV2TGYweEFpNVlVclZ0UUswekVYM0dzak5jcS14NUNIZ1FoQVBZRFYzQkk3dm1QNHJ0N2lKOXdHbklDektjVGtQY1pNcw?oc=5\" target=\"_blank\" rel=\"noopener\">Lois Boisson, les raisons de la fin de son couple<\/a>&nbsp;&nbsp;Sports.fr<\/li>\n<li><a href=\"https:\/\/news.google.com\/rss\/articles\/CBMiqAJBVV95cUxQSFB4OW9kTnFfZlo4cTA1VlctcTlhU29RTUlzMTR3ZjNkSXhIRnh6ZWJMVlJYaUZTbU1faGwwWjBFcnRTWkJ5SWx6YXdTM0xMNEdrZzVMZS1EUU9WeXBxVHY3cU8zeDhJUlBhbTZaM2FNQ2hiNE1kalo3X1AycGM4bHZZRG5QRm9zUlRtandicmgzOGdfMEN1YWJOUDNzMU9LQ0FKakt3V0xMTGdjMXJydThDVjBoZjVFVVF1anF5RTFMQnBCRi1lTVYwRmM4V1g4QTAzWDVBeW9TelBNZlN6TmhkTEM2WUlhZFBDWFJyMlh5VjlSYUJUNnJmSlJpT1pmTDdEWDVzU3lXTWRJSEFOaGV6dUgwWkpNZGlnYTdNQXkydTBuZTItVQ?oc=5\" target=\"_blank\" rel=\"noopener\">\u00ab\u00a0Je suis Dijonnaise et fi\u00e8re de l&rsquo;\u00eatre\u00a0\u00bb : star du tennis fran\u00e7ais, Lo\u00efs Boisson se confie sur son changement de vie<\/a>&nbsp;&nbsp;France 3 R\u00e9gions<\/li>\n<li><a href=\"https:\/\/news.google.com\/rss\/articles\/CBMi4AFBVV95cUxOQ0hubVNPTVRpN3JnWkd5MC1mSnJ0R2YwYkJlRkVtWVhaeU9MRmFjbTNUTVRqQmhrUExaVVRSZ1JnVlg4R3pRNDhBdVNrNlFrNUh0cndWcFgtWURzQi1SUlRUMXlWMzJ5VldSSW83X2l3dURvRTJJOWJ2eWx6OGxqa3Z3SWRnc2pFOVAyWEZYWHlBcFVJZnhGOFVnN0U0emtfaDhuRmo5YlU4OUVCTDVyNUhKTUY2Ym0xWkFiR3R3dl9FUDF2RER1cWE0T2RXMjlWTHpIZWFzdDMyakJPR19EWg?oc=5\" target=\"_blank\" rel=\"noopener\">Rencontre avec Lo\u00efs Boisson, qui doit g\u00e9rer sa nouvelle notori\u00e9t\u00e9 : \u00ab Int\u00e9rieurement, je n&rsquo;ai pas chang\u00e9 \u00bb<\/a>&nbsp;&nbsp;L&rsquo;\u00c9quipe<\/li>\n<\/ol>\n","protected":false},"excerpt":{"rendered":"Tennis. Jo-Wilfried Tsonga sur Lo\u00efs Boisson : \u00ab Elle d\u00e9couvre ce que l\u2019on a subi et qu&rsquo;on n&rsquo;avait&hellip;\n","protected":false},"author":2,"featured_media":657932,"comment_status":"","ping_status":"","sticky":false,"template":"","format":"standard","meta":{"footnotes":""},"categories":[1415],"tags":[3853,3854,3855,3856,1701,1011,27,517,1947,60,1467],"class_list":{"0":"post-657931","1":"post","2":"type-post","3":"status-publish","4":"format-standard","5":"has-post-thumbnail","7":"category-tennis","8":"tag-annecy","9":"tag-annecy-bassin","10":"tag-annecy-region","11":"tag-edition-annecy-rumilly-les-aravis","12":"tag-fil-info-sport","13":"tag-fr","14":"tag-france","15":"tag-sport","16":"tag-sport-national","17":"tag-sports","18":"tag-tennis"},"share_on_mastodon":{"url":"https:\/\/pubeurope.com\/@fr\/115881199680547181","error":""},"_links":{"self":[{"href":"https:\/\/www.europesays.com\/fr\/wp-json\/wp\/v2\/posts\/657931","targetHints":{"allow":["GET"]}}],"collection":[{"href":"https:\/\/www.europesays.com\/fr\/wp-json\/wp\/v2\/posts"}],"about":[{"href":"https:\/\/www.europesays.com\/fr\/wp-json\/wp\/v2\/types\/post"}],"author":[{"embeddable":true,"href":"https:\/\/www.europesays.com\/fr\/wp-json\/wp\/v2\/users\/2"}],"replies":[{"embeddable":true,"href":"https:\/\/www.europesays.com\/fr\/wp-json\/wp\/v2\/comments?post=657931"}],"version-history":[{"count":0,"href":"https:\/\/www.europesays.com\/fr\/wp-json\/wp\/v2\/posts\/657931\/revisions"}],"wp:featuredmedia":[{"embeddable":true,"href":"https:\/\/www.europesays.com\/fr\/wp-json\/wp\/v2\/media\/657932"}],"wp:attachment":[{"href":"https:\/\/www.europesays.com\/fr\/wp-json\/wp\/v2\/media?parent=657931"}],"wp:term":[{"taxonomy":"category","embeddable":true,"href":"https:\/\/www.europesays.com\/fr\/wp-json\/wp\/v2\/categories?post=657931"},{"taxonomy":"post_tag","embeddable":true,"href":"https:\/\/www.europesays.com\/fr\/wp-json\/wp\/v2\/tags?post=657931"}],"curies":[{"name":"wp","href":"https:\/\/api.w.org\/{rel}","templated":true}]}}