{"id":657937,"date":"2026-01-12T08:37:11","date_gmt":"2026-01-12T08:37:11","guid":{"rendered":"https:\/\/www.europesays.com\/fr\/657937\/"},"modified":"2026-01-12T08:37:11","modified_gmt":"2026-01-12T08:37:11","slug":"sacre-meilleur-acteur-timothee-chalamet-plus-amoureux-que-jamais-de-kylie-jenner-aux-golden-globes","status":"publish","type":"post","link":"https:\/\/www.europesays.com\/fr\/657937\/","title":{"rendered":"Sacr\u00e9 meilleur acteur, Timoth\u00e9e Chalamet, plus amoureux que jamais de Kylie Jenner aux Golden Globes"},"content":{"rendered":"<p>\n    Honor\u00e9 par le Golden Globe du meilleur acteur dans un film comique ou musical, Timoth\u00e9e Chalamet a rendu hommage \u00e0 sa compagne depuis trois ans, Kylie Jenner, visiblement plus amoureux que jamais.<\/p>\n<p class=\"fig-paragraph\"><a href=\"https:\/\/madame.lefigaro.fr\/tag\/timothee-chalamet\" target=\"_blank\" data-fig-type=\"Keyword\" rel=\"sponsored noopener\" data-gtm-custom-categorie=\"navigation\" data-gtm-custom-action=\"crossclick\" data-gtm-custom-label=\"Contextuel\" data-gtm-event=\"customEventSPE\" data-fig-domain=\"MADAME\">Timoth\u00e9e Chalamet<\/a>\u00a0est au sommet, au travail et en amour. Ce dimanche 11 janvier, l\u2019acteur de 30 ans a re\u00e7u le prix du meilleur acteur dans un film comique ou musical pour son r\u00f4le dans Marty Supreme, dans lequel il joue le r\u00f4le central de Marty Mauser, un aspirant champion de ping-pong en 1952 \u00e0 l\u2019ambition d\u00e9mesur\u00e9e. Et si sa victoire laissait peu de doute &#8211; il a \u00e9galement remport\u00e9 le prix du meilleur acteur aux Critics Choice Awards le 4 janvier dernier &#8211; Timoth\u00e9e Chalamet n\u2019en \u00e9tait pas moins \u00e9mu lors de son discours de remerciements sur la sc\u00e8ne du Beverly Hilton.<\/p>\n<p class=\"fig-paragraph\">\u00abMon p\u00e8re m\u2019a inculqu\u00e9 un esprit de gratitude en grandissant\u00bb, a-t-il d\u00e9clar\u00e9 sur sc\u00e8ne. \u00abSois toujours reconnaissant pour ce que tu as. C\u2019est ce qui m\u2019a permis de quitter cette c\u00e9r\u00e9monie dans le pass\u00e9 les mains vides mais la t\u00eate haute, simplement reconnaissant d\u2019\u00eatre ici. Je mentirais si je ne disais pas que ces moments n\u2019ont pas rendu ce moment encore plus doux.\u00bb Il a \u00e9galement salu\u00e9 tous ceux qui l\u2019avaient soutenu tout au long de sa carri\u00e8re, avant de s\u2019adresser directement \u00e0 ceux qu\u2019il juge probablement les plus importants. \u00ab\u00c0 mes parents et \u00e0 ma partenaire, je vous aime. Merci beaucoup.\u00bb<\/p>\n<p class=\"fig-body-link&#10;    \">\n            \u00c0 lire aussi<br \/>\n        <a class=\"fig-body-link__link\" href=\"http:\/\/madame.lefigaro.fr\/celebrites\/actu-people\/je-ne-pourrais-pas-faire-ca-sans-toi-la-rare-declaration-de-timothee-chalamet-a-kylie-jenner-aux-critics-choice-awards-20260105\" data-fig-type=\"Article\" data-gtm-custom-categorie=\"navigation\" data-gtm-custom-action=\"crossclick\" data-gtm-custom-label=\"Contextuel\" data-gtm-event=\"customEventSPE\" data-fig-domain=\"MADAME\" target=\"_blank\" rel=\"noopener\"><br \/>\n        \u00abJe ne pourrais pas faire \u00e7a sans toi\u00bb\u00a0: la rare d\u00e9claration de Timoth\u00e9e Chalamet \u00e0 Kylie Jenner aux Critics Choice Awards<\/a>\n<\/p>\n<p>                                                                <a class=\"fig-a11y-skip\" href=\"#fig-a11y-skip-main-inarticle\" data-module=\"a11y-skip\" data-context=\"was @visible\"><br \/>\n    Passer la publicit\u00e9<br \/>\n<\/a>            <\/p>\n<p>                                                                Chalamet gaga<\/p>\n<p class=\"fig-paragraph\">Depuis le public,\u00a0<a href=\"https:\/\/madame.lefigaro.fr\/tag\/kylie-jenner\" target=\"_blank\" data-fig-type=\"Keyword\" rel=\"sponsored noopener\" data-gtm-custom-categorie=\"navigation\" data-gtm-custom-action=\"crossclick\" data-gtm-custom-label=\"Contextuel\" data-gtm-event=\"customEventSPE\" data-fig-domain=\"MADAME\">Kylie Jenner<\/a>, qui a offert un baiser passionn\u00e9 \u00e0 son petit ami lors de l\u2019annonce de sa victoire par Jennifer Lopez, semblait tout aussi \u00e9mue. Pour l\u2019occasion, la star de t\u00e9l\u00e9r\u00e9alit\u00e9 de 28 ans avait opt\u00e9 pour une robe m\u00e9tallique dor\u00e9e et scintillante Ashi Studio et plus de 100 carats de bijoux en diamants sign\u00e9s Lorraine Schwartz, dont d\u2019\u00e9normes boucles d\u2019oreilles et plusieurs bagues.<\/p>\n<p class=\"fig-paragraph\">Toute la soir\u00e9e, l\u2019acteur prim\u00e9 avait l\u2019air compl\u00e8tement hypnotis\u00e9 par sa compagne, comme en t\u00e9moignent plusieurs images capt\u00e9es sur place par CBS. Entre regards langoureux et baisers furtifs, Timoth\u00e9e Chalamet n\u2019avait d\u2019yeux que pour sa dulcin\u00e9e, loin des rumeurs de \u00abcoup marketing\u00bb autour de leur relation d\u00e9nonc\u00e9e par des internautes.<\/p>\n<p>                                                                \u00abMerci de croire en moi\u00bb<\/p>\n<p class=\"fig-paragraph\">Apr\u00e8s avoir f\u00e9licit\u00e9 les autres nomm\u00e9s pour le m\u00eame r\u00f4le, dont\u00a0<a href=\"https:\/\/madame.lefigaro.fr\/tag\/leonardo-dicaprio\" target=\"_blank\" data-fig-type=\"Keyword\" rel=\"sponsored noopener\" data-gtm-custom-categorie=\"navigation\" data-gtm-custom-action=\"crossclick\" data-gtm-custom-label=\"Contextuel\" data-gtm-event=\"customEventSPE\" data-fig-domain=\"MADAME\">Leonardo DiCaprio<\/a>,\u00a0<a href=\"https:\/\/madame.lefigaro.fr\/tag\/george-clooney\" target=\"_blank\" data-fig-type=\"Keyword\" rel=\"sponsored noopener\" data-gtm-custom-categorie=\"navigation\" data-gtm-custom-action=\"crossclick\" data-gtm-custom-label=\"Contextuel\" data-gtm-event=\"customEventSPE\" data-fig-domain=\"MADAME\">George Clooney<\/a>\u00a0ou encore Ethan Hawke, Timoth\u00e9e Chalamet s\u2019est adress\u00e9 directement au r\u00e9alisateur de Marty Supreme, Josh Safdie. \u00abJe suis dans une cat\u00e9gorie avec beaucoup de grands que j\u2019admire tous. \u00c0 Josh Safdie, merci du fond du c\u0153ur. Merci pour ce r\u00f4le, merci de croire en moi, merci pour ce portrait, pour ton esprit, pour ta vision du monde\u00bb, a-t-il continu\u00e9.<\/p>\n<p class=\"fig-paragraph\">Avant de finir par un clin d\u2019\u0153il au casting du film, dont fait notamment partie\u00a0<a href=\"http:\/\/madame.lefigaro.fr\/celebrites\/actu-people\/gwyneth-paltrow-se-livre-sans-filtre-sur-son-combat-contre-l-anxiete-et-le-trouble-de-l-attention-20251113\" data-fig-type=\"Article\" data-gtm-custom-categorie=\"navigation\" data-gtm-custom-action=\"crossclick\" data-gtm-custom-label=\"Contextuel\" data-gtm-event=\"customEventSPE\" data-fig-domain=\"MADAME\" target=\"_blank\" rel=\"noopener\">Gwyneth Paltrow<\/a>. \u00abSi tu m\u2019avais dit quand j\u2019avais 19 ans, je remercierais Monsieur Merveilleux de Shark Tank (en r\u00e9f\u00e9rence \u00e0 Kevin O\u2019Leary, membre du casting, NDLR) (&#8230;) j\u2019aurais \u00e9t\u00e9 stup\u00e9fait, mais je lui en suis tr\u00e8s reconnaissant\u00bb, a-t-il conclu. Une soir\u00e9e riche en \u00e9motions.<\/p>\n","protected":false},"excerpt":{"rendered":"Honor\u00e9 par le Golden Globe du meilleur acteur dans un film comique ou musical, Timoth\u00e9e Chalamet a rendu&hellip;\n","protected":false},"author":2,"featured_media":657938,"comment_status":"","ping_status":"","sticky":false,"template":"","format":"standard","meta":{"footnotes":""},"categories":[1359],"tags":[1193,58,59,1011,27,76028,19295,973,13427],"class_list":{"0":"post-657937","1":"post","2":"type-post","3":"status-publish","4":"format-standard","5":"has-post-thumbnail","7":"category-people","8":"tag-couple","9":"tag-divertissement","10":"tag-entertainment","11":"tag-fr","12":"tag-france","13":"tag-golden-globes","14":"tag-kylie-jenner","15":"tag-people","16":"tag-timothee-chalamet"},"share_on_mastodon":{"url":"https:\/\/pubeurope.com\/@fr\/115881223522614303","error":""},"_links":{"self":[{"href":"https:\/\/www.europesays.com\/fr\/wp-json\/wp\/v2\/posts\/657937","targetHints":{"allow":["GET"]}}],"collection":[{"href":"https:\/\/www.europesays.com\/fr\/wp-json\/wp\/v2\/posts"}],"about":[{"href":"https:\/\/www.europesays.com\/fr\/wp-json\/wp\/v2\/types\/post"}],"author":[{"embeddable":true,"href":"https:\/\/www.europesays.com\/fr\/wp-json\/wp\/v2\/users\/2"}],"replies":[{"embeddable":true,"href":"https:\/\/www.europesays.com\/fr\/wp-json\/wp\/v2\/comments?post=657937"}],"version-history":[{"count":0,"href":"https:\/\/www.europesays.com\/fr\/wp-json\/wp\/v2\/posts\/657937\/revisions"}],"wp:featuredmedia":[{"embeddable":true,"href":"https:\/\/www.europesays.com\/fr\/wp-json\/wp\/v2\/media\/657938"}],"wp:attachment":[{"href":"https:\/\/www.europesays.com\/fr\/wp-json\/wp\/v2\/media?parent=657937"}],"wp:term":[{"taxonomy":"category","embeddable":true,"href":"https:\/\/www.europesays.com\/fr\/wp-json\/wp\/v2\/categories?post=657937"},{"taxonomy":"post_tag","embeddable":true,"href":"https:\/\/www.europesays.com\/fr\/wp-json\/wp\/v2\/tags?post=657937"}],"curies":[{"name":"wp","href":"https:\/\/api.w.org\/{rel}","templated":true}]}}