{"id":657939,"date":"2026-01-12T08:38:11","date_gmt":"2026-01-12T08:38:11","guid":{"rendered":"https:\/\/www.europesays.com\/fr\/657939\/"},"modified":"2026-01-12T08:38:11","modified_gmt":"2026-01-12T08:38:11","slug":"en-2026-lart-deco-revient-pour-sauver-la-deco-du-beige-ennuyeux","status":"publish","type":"post","link":"https:\/\/www.europesays.com\/fr\/657939\/","title":{"rendered":"En 2026, l\u2019Art d\u00e9co revient pour sauver la d\u00e9co du beige ennuyeux"},"content":{"rendered":"<p>Les <a href=\"https:\/\/www.lejournaldelamaison.fr\/non-classe\/cuisines-bleu-glacial-la-tendance-pinterest-2026-qui-remplace-le-tout-blanc-et-change-tout-chez-vous-sans-gros-travaux-532832.html\" target=\"_blank\" rel=\"noopener\"><br \/>\ntendances du rapport Pinterest Predicts<\/a> et nos confr\u00e8res du<br \/>\nm\u00e9dia AD Magazine le confirment : en 2026, le beige lasse<br \/>\nd\u00e9finitivement. Les int\u00e9rieurs reprennent ainsi du caract\u00e8re en<br \/>\nsuivant le mouvement Art d\u00e9co, port\u00e9 par un style Neo Deco qui<br \/>\noffre un rendu canon.<\/p>\n<p>Pourquoi l\u00a0\u00bbArt d\u00e9co marque la fin du r\u00e8gne du beige<\/p>\n<p>N\u00e9 dans les ann\u00e9es 1920, <strong><a href=\"https:\/\/www.lejournaldelamaison.fr\/maison\/ce-retour-des-annees-folles-dans-nos-interieurs-comment-adopter-lart-deco-chez-vous-sans-vieillir-la-piece-ni-tomber-dans-le-bling-528103.html\" target=\"_blank\" rel=\"noopener\"><br \/>\nl&rsquo;Art d\u00e9co s\u2019est impos\u00e9<\/a> comme un langage visuel de puissance,<br \/>\nde modernit\u00e9 et de confiance<\/strong>. Des boulevards parisiens aux<br \/>\nstudios hollywoodiens, <strong>ce style a fa\u00e7onn\u00e9<br \/>\nl&rsquo;architecture<\/strong>, le mobilier et les arts d\u00e9coratifs en<br \/>\nconjuguant formes g\u00e9om\u00e9triques, mat\u00e9riaux nobles et esprit<br \/>\nd&rsquo;avant-garde.<\/p>\n<p>Un si\u00e8cle plus tard, cette tendance revient, <a href=\"https:\/\/www.lejournaldelamaison.fr\/maison\/salon-2026-ces-tendances-validees-par-les-designers-pour-en-finir-avec-le-salon-beige-chez-vous-531004.html\" target=\"_blank\" rel=\"noopener\"><br \/>\nrevisit\u00e9e par les nouvelles g\u00e9n\u00e9rations<\/a> qui cherchent \u00e0<br \/>\n<strong>r\u00e9injecter de la personnalit\u00e9<\/strong> dans des int\u00e9rieurs<br \/>\ndevenus bien trop sages. Les int\u00e9rieurs beiges et tr\u00e8s \u00e9pur\u00e9s<br \/>\nc\u00e8dent place \u00e0 des espaces color\u00e9s et bien construits. Selon Sydney<br \/>\nStanback, directrice des tendances chez Pinterest, <strong>cette<br \/>\nrenaissance m\u00eale l&rsquo;h\u00e9ritage des ann\u00e9es 20 et les exigences<br \/>\ncontemporaines<\/strong>.<\/p>\n<blockquote class=\"instagram-media\" style=\"background: #ffffff;border: 0;margin: 1px;width: 100%;padding: 0;max-width: 500px;\" data-instgrm-permalink=\"https:\/\/www.instagram.com\/reel\/C4oF6yFs2c8\/\" data-instgrm-version=\"14\"\/><p>\nCe qui d\u00e9finit une d\u00e9coration Art d\u00e9co aujourd&rsquo;hui<\/p>\n<p>M\u00eame si on parle plus de <strong>Neo D\u00e9co<\/strong>, ce style<br \/>\nconcerve l&rsquo;<strong>ADN pur de l&rsquo;Art d\u00e9co<\/strong>. On retrouve de<br \/>\nla g\u00e9om\u00e9trie, de la sym\u00e9trie, des mat\u00e9riaux brillants, <a href=\"https:\/\/www.lejournaldelamaison.fr\/le-journal-de-la-maison\/nouveautes\/verres-ikea-esprit-vintage-rappellent-tables-annees-60-cartonnent-532780.html\" target=\"_blank\" rel=\"noopener\"><br \/>\ndes pi\u00e8ces vintage<\/a> et bien s\u00fbr des volumes bien structur\u00e9s. Le<br \/>\nlaiton, le chrome, le verre et le velours, associ\u00e9s \u00e0 des formes<br \/>\nfranches, des arches ou des motifs chevrons, cr\u00e9ent <strong>ces<br \/>\ncontrastes visuels bien marqu\u00e9s<\/strong>.<\/p>\n<p>Du c\u00f4t\u00e9 des couleurs, on opte pour <strong><a href=\"https:\/\/www.lejournaldelamaison.fr\/tendance-deco\/benjamin-moore-ces-couleurs-2025-que-tout-le-monde-adopte-deja-et-qui-vont-ringardiser-vos-murs-blancs-532914.html\" target=\"_blank\" rel=\"noopener\"><br \/>\ndes teintes profondes<\/a> et enveloppantes<\/strong>. Du vert<br \/>\n\u00e9meraude, du bordeaux, du bleu nuit, du terracota ou <strong>de<br \/>\nl&rsquo;ocre chaud<\/strong>. Les textures se m\u00e9langent et <strong>les<br \/>\nsurfaces lisses et les mati\u00e8res mates<\/strong>\u00a0s&rsquo;associent<br \/>\navec brio.<\/p>\n<blockquote class=\"tiktok-embed\" cite=\"https:\/\/www.tiktok.com\/@charlie__danger\/video\/7550977456149105942\" data-video-id=\"7550977456149105942\" style=\"max-width: 605px;min-width: 325px;\"><p>\n<a target=\"_blank\" href=\"https:\/\/www.tiktok.com\/@charlie__danger\/video\/7550977456149105942\" rel=\"noopener\"><br \/>\n<img decoding=\"async\" src=\"https:\/\/www.tiktok.com\/img\/logo.png\" alt=\"TikTok Logo\"\/><\/a>\n<\/p><\/blockquote>\n<p>Comment adopter l&rsquo;Art d\u00e9co chez soi et<br \/>\nles d\u00e9tails \u00e0 ne pas oublier<\/p>\n<p>Ce style est accessible \u00e0 tous. Il suffit souvent d&rsquo;<strong>une<br \/>\npi\u00e8ce forte pour installer l&rsquo;ambiance<\/strong>. Pour commencer,<br \/>\nvous pouvez ajouter <a href=\"https:\/\/www.lejournaldelamaison.fr\/le-journal-de-la-maison\/nouveautes\/tendances\/tendances-deco\/tout-monde-deja-vu-parent-miroirs-vintage-trumeaux-valent-aujourdhui-condition-reperer-modeles-precis-529826.html\" target=\"_blank\" rel=\"noopener\"><br \/>\nun miroir ancien et bien orn\u00e9<\/a>, un tableau graphique ou encore<br \/>\nune lampe sculpturale. Cela va donner le ton du d\u00e9cor et<br \/>\n<strong>structurer le reste de l&rsquo;espace<\/strong>.<\/p>\n<blockquote class=\"instagram-media\" style=\"background: #ffffff;border: 0;margin: 1px;width: 100%;padding: 0;max-width: 500px;\" data-instgrm-permalink=\"https:\/\/www.instagram.com\/reel\/DTTGfWICJ-N\/\" data-instgrm-version=\"14\"\/>\n<p>Enfin, <strong>les plantes jouent un r\u00f4le essentiel dans le<br \/>\nstyle Art d\u00e9co<\/strong>. Et pour cause, votre int\u00e9rieur doit \u00eatre<br \/>\nchaleureux lorsqu&rsquo;il est Art d\u00e9co. Ainsi, les plantes participent \u00e0<br \/>\nadoucir les lignes, \u00e0 <strong>r\u00e9chauffer les mat\u00e9riaux et \u00e0 donner<br \/>\nce c\u00f4t\u00e9 \u00ab\u00a0habit\u00e9\u00a0\u00bb<\/strong> \u00e0 votre maison nouvellement d\u00e9cor\u00e9e.<\/p>\n<p><script async src=\"\/\/www.instagram.com\/embed.js\"><\/script><script async src=\"\/\/www.tiktok.com\/embed.js\"><\/script><\/p>\n","protected":false},"excerpt":{"rendered":"Les tendances du rapport Pinterest Predicts et nos confr\u00e8res du m\u00e9dia AD Magazine le confirment : en 2026,&hellip;\n","protected":false},"author":2,"featured_media":657940,"comment_status":"","ping_status":"","sticky":false,"template":"","format":"standard","meta":{"footnotes":""},"categories":[1358],"tags":[5734,66932,1348,1384,1385,68338,8117,1386,58,3029,3026,76029,59,36905,1011,27,68340,4743,3053,151,471,14173,4561,9874],"class_list":{"0":"post-657939","1":"post","2":"type-post","3":"status-publish","4":"format-standard","5":"has-post-thumbnail","7":"category-arts-et-design","8":"tag-5734","9":"tag-ame","10":"tag-arts","11":"tag-arts-and-design","12":"tag-arts-et-design","13":"tag-beige","14":"tag-deco","15":"tag-design","16":"tag-divertissement","17":"tag-du","18":"tag-en","19":"tag-ennuyeux","20":"tag-entertainment","21":"tag-fini","22":"tag-fr","23":"tag-france","24":"tag-interieurs","25":"tag-la","26":"tag-lart","27":"tag-les","28":"tag-pour","29":"tag-revient","30":"tag-sans","31":"tag-sauver"},"share_on_mastodon":{"url":"https:\/\/pubeurope.com\/@fr\/115881227312992092","error":""},"_links":{"self":[{"href":"https:\/\/www.europesays.com\/fr\/wp-json\/wp\/v2\/posts\/657939","targetHints":{"allow":["GET"]}}],"collection":[{"href":"https:\/\/www.europesays.com\/fr\/wp-json\/wp\/v2\/posts"}],"about":[{"href":"https:\/\/www.europesays.com\/fr\/wp-json\/wp\/v2\/types\/post"}],"author":[{"embeddable":true,"href":"https:\/\/www.europesays.com\/fr\/wp-json\/wp\/v2\/users\/2"}],"replies":[{"embeddable":true,"href":"https:\/\/www.europesays.com\/fr\/wp-json\/wp\/v2\/comments?post=657939"}],"version-history":[{"count":0,"href":"https:\/\/www.europesays.com\/fr\/wp-json\/wp\/v2\/posts\/657939\/revisions"}],"wp:featuredmedia":[{"embeddable":true,"href":"https:\/\/www.europesays.com\/fr\/wp-json\/wp\/v2\/media\/657940"}],"wp:attachment":[{"href":"https:\/\/www.europesays.com\/fr\/wp-json\/wp\/v2\/media?parent=657939"}],"wp:term":[{"taxonomy":"category","embeddable":true,"href":"https:\/\/www.europesays.com\/fr\/wp-json\/wp\/v2\/categories?post=657939"},{"taxonomy":"post_tag","embeddable":true,"href":"https:\/\/www.europesays.com\/fr\/wp-json\/wp\/v2\/tags?post=657939"}],"curies":[{"name":"wp","href":"https:\/\/api.w.org\/{rel}","templated":true}]}}