{"id":657943,"date":"2026-01-12T08:41:13","date_gmt":"2026-01-12T08:41:13","guid":{"rendered":"https:\/\/www.europesays.com\/fr\/657943\/"},"modified":"2026-01-12T08:41:13","modified_gmt":"2026-01-12T08:41:13","slug":"dave-ce-quartier-tres-prise-ou-il-a-elu-domicile-a-paris-en-face-de-la-ou-habitait-une-icone-de-la-chanson-francaise","status":"publish","type":"post","link":"https:\/\/www.europesays.com\/fr\/657943\/","title":{"rendered":"Dave : ce quartier tr\u00e8s pris\u00e9 o\u00f9 il a \u00e9lu domicile \u00e0 Paris, en face de l\u00e0 o\u00f9 habitait une ic\u00f4ne de la chanson fran\u00e7aise"},"content":{"rendered":"<p>                <img loading=\"lazy\" decoding=\"async\" src=\"https:\/\/www.europesays.com\/fr\/wp-content\/uploads\/2025\/04\/145-6602e1ce8ddc4-35x35-1.jpg\" class=\"author-article-picture\" width=\"35\" height=\"35\"\/><\/p>\n<p>                    Par<\/p>\n<p>                                            <a class=\"author-article-bio-link\" href=\"https:\/\/www.purepeople.com\/auteur\/lucie-gosselin_a145\" target=\"_blank\" rel=\"noopener\">Lucie Gosselin<\/a><\/p>\n<p>                    |<\/p>\n<p>                                            R\u00e9dactrice<\/p>\n<p>\n                Journaliste passionn\u00e9e, depuis plus de 10 ans, je r\u00e9alise des enqu\u00eates, des portraits, des reportages ou des interviews.\n            <\/p>\n<p>\n    Dave n&rsquo;\u00e9tait pas le voisin de n&rsquo;importe qui. Le chanteur de 81 ans victime d&rsquo;une terrible chute en 2022 reviendra bient\u00f4t sur sc\u00e8ne pour un concert tr\u00e8s sp\u00e9cial. L&rsquo;occasion pour lui de revenir sur son parcours et notamment son arriv\u00e9e en France. Il revient sur cet endroit pris\u00e9 de la capitale dans lequel il a v\u00e9cu avec son mari Patrick Loiseau.\n<\/p>\n<p>                                                        <img decoding=\"async\" class=\"player-thumbnail\" src=\"https:\/\/www.europesays.com\/fr\/wp-content\/uploads\/2026\/01\/c58aaa9f3b3d4553-580x326-2.jpg\" width=\"580\" height=\"326\" loading=\"lazy\"\/><\/p>\n<p>                            Dave : ce quartier tr\u00e8s pris\u00e9 o\u00f9 il a \u00e9lu domicile \u00e0 Paris, en face de l\u00e0 o\u00f9 habitait une ic\u00f4ne de la chanson fran\u00e7aise<\/p>\n<p>                            <img decoding=\"async\" src=\"https:\/\/www.europesays.com\/fr\/wp-content\/uploads\/2025\/12\/fnac_logo.16f0f09d.jpg\" alt=\"Dave\" class=\"logo\"\/><\/p>\n<p>                                    Dave<\/p>\n<p class=\"description\">Vos billets pour le concert pr\u00e8s de chez vous !<\/p>\n<p>                            R\u00e9server<\/p>\n<p>La suite apr\u00e8s la publicit\u00e9<\/p>\n<p>Le plus Fran\u00e7ais des Hollandais a v\u00e9cu des moments difficiles ces derni\u00e8res ann\u00e9es. Dans <a href=\"https:\/\/www.purepeople.com\/article\/maison-de-stars-dave-son-nid-douillet-baigne-de-lumiere-au-coeur-d-un-village-en-plein-paris-hante-par-un-mauvais-souvenir_a522893\/1\" target=\"_blank\" rel=\"noopener\">son nid douillet du 16e arrondissement de Paris<\/a>, <a href=\"https:\/\/www.purepeople.com\/people\/dave_p1428\" target=\"_blank\" rel=\"noopener\"><strong>Dave<\/strong><\/a><strong> a \u00e9t\u00e9 victime d\u2019un accident domestique<\/strong> qui lui a valu quatre jours de coma. Apr\u00e8s une chute de 2,5 m\u00e8tres dans les escaliers en janvier 2022, le chanteur a souffert d\u2019une h\u00e9morragie c\u00e9r\u00e9brale qui l\u2019a <a href=\"https:\/\/www.purepeople.com\/article\/il-ny-a-aucun-espoir-mais-dave-evoque-son-etat-apres-sa-perte-dequilibre_a545160\/1\" target=\"_blank\" rel=\"noopener\">priv\u00e9 de go\u00fbt et d\u2019odorat<\/a>. <a href=\"https:\/\/www.purepeople.com\/article\/dave-tire-d-affaires-mais-pas-indemne-deux-zones-qui-ne-marchent-plus-dans-le-cerveau_a542985\/1\" target=\"_blank\" rel=\"noopener\">Il a m\u00eame des pertes de m\u00e9moire depuis<\/a>. Mais heureusement, sa voix est rest\u00e9e intacte.\u00a0<\/p>\n<p>Invit\u00e9 d\u2019honneur du th\u00e9\u00e2tre de la Tour Eiffel le 27 janvier prochain pour un concert et une rencontre avec son public, Dave est revenu sur son parcours pour T\u00e9l\u00e9 Star. Avant de vivre au c\u0153ur de la Villa Montmorency o\u00f9 le drame s\u2019est d\u00e9roul\u00e9, l\u2019artiste de 81 ans a v\u00e9cu avec son mari Patrick Loiseau dans un autre endroit iconique de la capitale. Et <strong>il habitait en face d\u2019une grande chanteuse fran\u00e7aise.<\/strong><\/p>\n<p>Dave : ancien voisin d&rsquo;une autre star<\/p>\n<p>Dave raconte avoir quitt\u00e9 les Pays-Bas en bateau avec son ami de l\u2019\u00e9poque en passant par les canaux pour rejoindre Marseille. Il a ensuite chant\u00e9 dans les rues de Namur, de Saint-Tropez et de Paris et a rencontr\u00e9 Patrick Loiseau, avec qui il vit depuis le 7 f\u00e9vrier 1971. Pour leur cocon, ils n\u2019ont pas choisi au hasard : \u201c<strong>Nous nous sommes vite install\u00e9s sur l\u2019\u00eele Saint-Louis \u00e0 Paris, en face de chez <\/strong><a href=\"https:\/\/www.purepeople.com\/people\/francoise-hardy_p388\" target=\"_blank\" rel=\"noopener\"><strong>Fran\u00e7oise Hardy<\/strong><\/a>, qui \u00e9tait l\u2019idole absolue de Patrick\u201d.<\/p>\n<p>La m\u00e8re de <a href=\"https:\/\/www.purepeople.com\/people\/thomas-dutronc_p390\" target=\"_blank\" rel=\"noopener\">Thomas Dutronc<\/a> avait vendu son studio de la rue du Rocher en 1970 pour acqu\u00e9rir un appartement situ\u00e9 au 10 rue Saint-Louis-en-l\u2019\u00eele. Mais apr\u00e8s la naissance de son fils, l\u2019interpr\u00e8te de Message personnel avait emm\u00e9nag\u00e9 avec <a href=\"https:\/\/www.purepeople.com\/people\/jacques-dutronc_p389\" target=\"_blank\" rel=\"noopener\">Jacques Dutronc<\/a> dans une maison du 14e arrondissement.<\/p>\n<p>Dans le 16e \u00e0 pr\u00e9sent, <strong>Dave est l\u2019un des derniers artistes \u00e0 vivre \u201c<\/strong><strong>avec la grande bourgeoisie<\/strong><strong>\u201d <\/strong>depuis le d\u00e9part de <a href=\"https:\/\/www.purepeople.com\/people\/mylene-farmer_p94\" target=\"_blank\" rel=\"noopener\">Myl\u00e8ne Farmer<\/a>. Ce petit village de 110 maisons est une vraie p\u00e9pite. Il y loue un ancien atelier d\u2019artiste tr\u00e8s lumineux gr\u00e2ce \u00e0 d\u2019immenses verri\u00e8res. \u00c9galement parolier de la star, <a href=\"https:\/\/www.purepeople.com\/article\/dave-un-celebre-animateur-tele-a-joue-un-role-capital-dans-son-mariage-avec-patrick-loiseau_a530084\/1\" target=\"_blank\" rel=\"noopener\">Patrick Loiseau est mari\u00e9 \u00e0 Dave depuis 2019<\/a>.<\/p>\n<p>Depuis de nombreuses ann\u00e9es, le couple (<a href=\"https:\/\/www.purepeople.com\/article\/dave-contraint-de-cacher-son-couple-avec-patrick-loiseau-on-leur-a-refuse-de-participer-ensemble-a-une-celebre-emission_a537563\/1\" target=\"_blank\" rel=\"noopener\">\u00e0 qui on a refus\u00e9 de participer \u00e0 une c\u00e9l\u00e8bre \u00e9mission<\/a>) <strong>n\u2019h\u00e9site pas \u00e0 quitter Paris pour se mettre au vert <\/strong>gr\u00e2ce \u00e0 une <a href=\"https:\/\/www.purepeople.com\/article\/-le-seul-desavantage-dave-proprietaire-d-une-maison-dans-le-luberon_a496098\/1\" target=\"_blank\" rel=\"noopener\">maison secondaire situ\u00e9e dans le Lub\u00e9ron<\/a>. L&rsquo;ami de Dave <a href=\"https:\/\/www.purepeople.com\/people\/daniel-auteuil_p185\" target=\"_blank\" rel=\"noopener\">Daniel Auteuil<\/a> l\u2019avait convaincu d\u2019y poser ses valises mais avait ensuite pr\u00e9f\u00e9r\u00e9 la Corse apr\u00e8s sa s\u00e9paration avec <a href=\"https:\/\/www.purepeople.com\/people\/emmanuelle-beart_p187\" target=\"_blank\" rel=\"noopener\">Emmanuelle B\u00e9art<\/a>.\u00a0<\/p>\n","protected":false},"excerpt":{"rendered":"Par Lucie Gosselin | R\u00e9dactrice Journaliste passionn\u00e9e, depuis plus de 10 ans, je r\u00e9alise des enqu\u00eates, des portraits,&hellip;\n","protected":false},"author":2,"featured_media":657944,"comment_status":"","ping_status":"","sticky":false,"template":"","format":"standard","meta":{"footnotes":""},"categories":[1355],"tags":[58,59,1011,27,1361,873],"class_list":{"0":"post-657943","1":"post","2":"type-post","3":"status-publish","4":"format-standard","5":"has-post-thumbnail","7":"category-musique","8":"tag-divertissement","9":"tag-entertainment","10":"tag-fr","11":"tag-france","12":"tag-music","13":"tag-musique"},"share_on_mastodon":{"url":"https:\/\/pubeurope.com\/@fr\/115881239306627508","error":""},"_links":{"self":[{"href":"https:\/\/www.europesays.com\/fr\/wp-json\/wp\/v2\/posts\/657943","targetHints":{"allow":["GET"]}}],"collection":[{"href":"https:\/\/www.europesays.com\/fr\/wp-json\/wp\/v2\/posts"}],"about":[{"href":"https:\/\/www.europesays.com\/fr\/wp-json\/wp\/v2\/types\/post"}],"author":[{"embeddable":true,"href":"https:\/\/www.europesays.com\/fr\/wp-json\/wp\/v2\/users\/2"}],"replies":[{"embeddable":true,"href":"https:\/\/www.europesays.com\/fr\/wp-json\/wp\/v2\/comments?post=657943"}],"version-history":[{"count":0,"href":"https:\/\/www.europesays.com\/fr\/wp-json\/wp\/v2\/posts\/657943\/revisions"}],"wp:featuredmedia":[{"embeddable":true,"href":"https:\/\/www.europesays.com\/fr\/wp-json\/wp\/v2\/media\/657944"}],"wp:attachment":[{"href":"https:\/\/www.europesays.com\/fr\/wp-json\/wp\/v2\/media?parent=657943"}],"wp:term":[{"taxonomy":"category","embeddable":true,"href":"https:\/\/www.europesays.com\/fr\/wp-json\/wp\/v2\/categories?post=657943"},{"taxonomy":"post_tag","embeddable":true,"href":"https:\/\/www.europesays.com\/fr\/wp-json\/wp\/v2\/tags?post=657943"}],"curies":[{"name":"wp","href":"https:\/\/api.w.org\/{rel}","templated":true}]}}