{"id":657956,"date":"2026-01-12T08:48:11","date_gmt":"2026-01-12T08:48:11","guid":{"rendered":"https:\/\/www.europesays.com\/fr\/657956\/"},"modified":"2026-01-12T08:48:11","modified_gmt":"2026-01-12T08:48:11","slug":"en-direct-groenland-les-etats-unis-auront-le-territoire-dune-maniere-ou-dune-autre-selon-trump","status":"publish","type":"post","link":"https:\/\/www.europesays.com\/fr\/657956\/","title":{"rendered":"EN DIRECT &#8211; Groenland : les \u00c9tats-Unis auront le territoire \u00abd\u2019une mani\u00e8re ou d\u2019une autre\u00bb, selon Trump"},"content":{"rendered":"<p class=\"fig-paragraph\">Apr\u00e8s l\u2019op\u00e9ration militaire men\u00e9e au<a href=\"http:\/\/www.lefigaro.fr\/international\/dossier\/attaque-americaine-au-venezuela-tous-nos-articles-pour-comprendre\" data-fig-type=\"Topic\" data-gtm-custom-categorie=\"navigation\" data-gtm-custom-action=\"crossclick\" data-gtm-custom-label=\"Contextuel\" data-gtm-event=\"customEventSPE\" data-fig-domain=\"LEFIGARO\" target=\"_blank\" rel=\"noopener\">\u00a0Venezuela\u00a0<\/a>le 3 janvier 2026 pour capturer Nicolas Maduro, Donald Trump a r\u00e9it\u00e9r\u00e9 ses menaces \u00e0 l\u2019encontre du Danemark, membre de l\u2019Otan, pour r\u00e9cup\u00e9rer le\u00a0<a href=\"http:\/\/www.lefigaro.fr\/international\/les-scenarios-envisages-par-trump-pour-se-saisir-du-groenland-20260111\" data-fig-type=\"Article\" data-gtm-custom-categorie=\"navigation\" data-gtm-custom-action=\"crossclick\" data-gtm-custom-label=\"Contextuel\" data-gtm-event=\"customEventSPE\" data-fig-domain=\"LEFIGARO\" target=\"_blank\" rel=\"noopener\">Groenland<\/a>, ce territoire de l\u2019Arctique colonis\u00e9 par les Vikings au Moyen-\u00c2ge et officiellement rattach\u00e9 \u00e0 la couronne danoise depuis le XIXe si\u00e8cle.<\/p>\n<p class=\"fig-paragraph\">\u00ab Nous avons besoin du Groenland du point de vue de la s\u00e9curit\u00e9 nationale, et le Danemark ne sera pas en mesure de s\u2019en occuper\u00a0\u00bb, a d\u00e9clar\u00e9 le pr\u00e9sident am\u00e9ricain le 6 janvier 2026, r\u00e9p\u00e9tant son ambition d\u2019annexion d\u00e9j\u00e0 exprim\u00e9e \u00e0 plusieurs reprises depuis 2019.<\/p>\n<p class=\"fig-paragraph\">Le Groenland, qui compte seulement 55.000 habitants et est recouvert de glace \u00e0 plus de 80%, est un pays constitutif du royaume du Danemark, avec un statut autonome, et n\u2019est plus un territoire europ\u00e9en depuis un r\u00e9f\u00e9rendum en 1985, m\u00eame s\u2019il conserve des liens importants avec l\u2019Union europ\u00e9enne.<\/p>\n","protected":false},"excerpt":{"rendered":"Apr\u00e8s l\u2019op\u00e9ration militaire men\u00e9e au\u00a0Venezuela\u00a0le 3 janvier 2026 pour capturer Nicolas Maduro, Donald Trump a r\u00e9it\u00e9r\u00e9 ses menaces&hellip;\n","protected":false},"author":2,"featured_media":657957,"comment_status":"","ping_status":"","sticky":false,"template":"","format":"standard","meta":{"footnotes":""},"categories":[5],"tags":[259,11,260,19551,75,1011,27,14,261,12,262,337,28],"class_list":{"0":"post-657956","1":"post","2":"type-post","3":"status-publish","4":"format-standard","5":"has-post-thumbnail","7":"category-international","8":"tag-actualite-internationale","9":"tag-actualites","10":"tag-affaires-etrangeres","11":"tag-cuba","12":"tag-donald-trump","13":"tag-fr","14":"tag-france","15":"tag-international","16":"tag-ministere-des-affaires-etrangeres","17":"tag-news","18":"tag-politique-etrangere","19":"tag-venezuela","20":"tag-world"},"share_on_mastodon":{"url":"https:\/\/pubeurope.com\/@fr\/115881266613445401","error":""},"_links":{"self":[{"href":"https:\/\/www.europesays.com\/fr\/wp-json\/wp\/v2\/posts\/657956","targetHints":{"allow":["GET"]}}],"collection":[{"href":"https:\/\/www.europesays.com\/fr\/wp-json\/wp\/v2\/posts"}],"about":[{"href":"https:\/\/www.europesays.com\/fr\/wp-json\/wp\/v2\/types\/post"}],"author":[{"embeddable":true,"href":"https:\/\/www.europesays.com\/fr\/wp-json\/wp\/v2\/users\/2"}],"replies":[{"embeddable":true,"href":"https:\/\/www.europesays.com\/fr\/wp-json\/wp\/v2\/comments?post=657956"}],"version-history":[{"count":0,"href":"https:\/\/www.europesays.com\/fr\/wp-json\/wp\/v2\/posts\/657956\/revisions"}],"wp:featuredmedia":[{"embeddable":true,"href":"https:\/\/www.europesays.com\/fr\/wp-json\/wp\/v2\/media\/657957"}],"wp:attachment":[{"href":"https:\/\/www.europesays.com\/fr\/wp-json\/wp\/v2\/media?parent=657956"}],"wp:term":[{"taxonomy":"category","embeddable":true,"href":"https:\/\/www.europesays.com\/fr\/wp-json\/wp\/v2\/categories?post=657956"},{"taxonomy":"post_tag","embeddable":true,"href":"https:\/\/www.europesays.com\/fr\/wp-json\/wp\/v2\/tags?post=657956"}],"curies":[{"name":"wp","href":"https:\/\/api.w.org\/{rel}","templated":true}]}}