{"id":657958,"date":"2026-01-12T08:49:14","date_gmt":"2026-01-12T08:49:14","guid":{"rendered":"https:\/\/www.europesays.com\/fr\/657958\/"},"modified":"2026-01-12T08:49:14","modified_gmt":"2026-01-12T08:49:14","slug":"au-detour-de-l-affaire-des-barbouzeries-autour-du-psg-les-relations-de-rachida-dati-avec-deux-lobbyistes","status":"publish","type":"post","link":"https:\/\/www.europesays.com\/fr\/657958\/","title":{"rendered":"Au d\u00e9tour de l\u2019\u00ab\u00a0affaire des barbouzeries\u00a0\u00bb autour du PSG, les relations de Rachida Dati avec deux lobbyistes"},"content":{"rendered":"<p>                     <img loading=\"lazy\" decoding=\"async\" src=\"https:\/\/www.europesays.com\/fr\/wp-content\/uploads\/2026\/01\/a40c110_ftp-1-l73yf8ysgjcx-5805822-01-06.jpg\" alt=\"La ministre fran\u00e7aise de la culture, Rachida Dati, apr\u00e8s la r\u00e9union hebdomadaire du Conseil des ministres, au palais de l\u2019Elys\u00e9e, \u00e0 Paris , le 5\u00a0janvier 2026.\"   width=\"664\" height=\"443\"\/>    La ministre fran\u00e7aise de la culture, Rachida Dati, apr\u00e8s la r\u00e9union hebdomadaire du Conseil des ministres, au palais de l\u2019Elys\u00e9e, \u00e0 Paris , le 5\u00a0janvier 2026.  LUDOVIC MARIN \/ AFP                 <\/p>\n<p class=\"article__paragraph  \">Dossier judiciaire \u00e0 tiroirs, ce que l\u2019on appelle l\u2019\u00ab\u00a0affaire des barbouzeries\u00a0\u00bb autour du Paris-Saint-Germain et de son pr\u00e9sident qatari, Nasser Al-Khela\u00effi, constitue un v\u00e9ritable Who\u2019s Who, tant il regorge de patronymes illustres. Parmi eux figure celui de la ministre de la culture et maire (Les R\u00e9publicains) du 7e arrondissement de Paris, Rachida Dati, par ailleurs renvoy\u00e9e devant le tribunal correctionnel pour corruption\u00a0dans l\u2019affaire de l\u2019ancien PDG de Renault-Nissan Carlos Ghosn, et vis\u00e9e par une autre information judiciaire en lien avec ses r\u00e9mun\u00e9rations lorsqu\u2019elle \u00e9tait d\u00e9put\u00e9e europ\u00e9enne (2009-2019), en particulier pour d\u00e9tournement de fonds publics.<\/p>\n<p class=\"article__paragraph  \">Comme l\u2019ont d\u00e9j\u00e0 narr\u00e9 Lib\u00e9ration et Mediapart, ce qui relie Mme Dati \u00e0 l\u2019un des nombreux volets du<strong> <\/strong>dossier judiciaire dit \u00ab\u00a0des barbouzeries autour du PSG\u00a0\u00bb est son lien d\u2019amiti\u00e9, bris\u00e9 aujourd\u2019hui, avec le lobbyiste franco-alg\u00e9rien Tayeb Benabderrahmane. Ce dernier est poursuivi dans cette affaire pour corruption, trafic d\u2019influence, mais aussi pour faux et usage de faux, et \u00ab\u00a0aide au s\u00e9jour irr\u00e9gulier en bande organis\u00e9e\u00a0\u00bb.<\/p>\n<p class=\"reading-mode-only \"><strong>Il vous reste 87.87% de cet article \u00e0 lire. La suite est r\u00e9serv\u00e9e aux abonn\u00e9s.<\/strong><\/p>\n","protected":false},"excerpt":{"rendered":"La ministre fran\u00e7aise de la culture, Rachida Dati, apr\u00e8s la r\u00e9union hebdomadaire du Conseil des ministres, au palais&hellip;\n","protected":false},"author":2,"featured_media":657959,"comment_status":"","ping_status":"","sticky":false,"template":"","format":"standard","meta":{"footnotes":""},"categories":[4],"tags":[11,1011,27,12,25],"class_list":{"0":"post-657958","1":"post","2":"type-post","3":"status-publish","4":"format-standard","5":"has-post-thumbnail","7":"category-france","8":"tag-actualites","9":"tag-fr","10":"tag-france","11":"tag-news","12":"tag-republique-francaise"},"share_on_mastodon":{"url":"https:\/\/pubeurope.com\/@fr\/115881270747161920","error":""},"_links":{"self":[{"href":"https:\/\/www.europesays.com\/fr\/wp-json\/wp\/v2\/posts\/657958","targetHints":{"allow":["GET"]}}],"collection":[{"href":"https:\/\/www.europesays.com\/fr\/wp-json\/wp\/v2\/posts"}],"about":[{"href":"https:\/\/www.europesays.com\/fr\/wp-json\/wp\/v2\/types\/post"}],"author":[{"embeddable":true,"href":"https:\/\/www.europesays.com\/fr\/wp-json\/wp\/v2\/users\/2"}],"replies":[{"embeddable":true,"href":"https:\/\/www.europesays.com\/fr\/wp-json\/wp\/v2\/comments?post=657958"}],"version-history":[{"count":0,"href":"https:\/\/www.europesays.com\/fr\/wp-json\/wp\/v2\/posts\/657958\/revisions"}],"wp:featuredmedia":[{"embeddable":true,"href":"https:\/\/www.europesays.com\/fr\/wp-json\/wp\/v2\/media\/657959"}],"wp:attachment":[{"href":"https:\/\/www.europesays.com\/fr\/wp-json\/wp\/v2\/media?parent=657958"}],"wp:term":[{"taxonomy":"category","embeddable":true,"href":"https:\/\/www.europesays.com\/fr\/wp-json\/wp\/v2\/categories?post=657958"},{"taxonomy":"post_tag","embeddable":true,"href":"https:\/\/www.europesays.com\/fr\/wp-json\/wp\/v2\/tags?post=657958"}],"curies":[{"name":"wp","href":"https:\/\/api.w.org\/{rel}","templated":true}]}}