{"id":657960,"date":"2026-01-12T08:50:13","date_gmt":"2026-01-12T08:50:13","guid":{"rendered":"https:\/\/www.europesays.com\/fr\/657960\/"},"modified":"2026-01-12T08:50:13","modified_gmt":"2026-01-12T08:50:13","slug":"le-point-sur-les-actions-des-agriculteurs-en-cours-region-par-region-ce-lundi","status":"publish","type":"post","link":"https:\/\/www.europesays.com\/fr\/657960\/","title":{"rendered":"le point sur les actions des agriculteurs en cours r\u00e9gion par r\u00e9gion, ce lundi"},"content":{"rendered":"\n<p class=\"c-chapo \">\n  Blocages, barrages filtrants, op\u00e9ration \u00ab\u00a0p\u00e9ages gratuits\u00a0\u00bb&#8230; Les agriculteurs continuent d&rsquo;exprimer leur col\u00e8re. Et ne comptent pas s&rsquo;arr\u00eater. Des rassemblements sont pr\u00e9vus toute la semaine dans plusieurs villes de France.\n<\/p>\n<p>      lire plus tard<\/p>\n<p id=\"dialog__title\" class=\"dialog__title\">Pour sauvegarder cet article, connectez-vous ou cr\u00e9ez un compte franceinfo<\/p>\n<p class=\"dialog__description\">Sans paiement. Sans abonnement.<\/p>\n<p>        Fermer la fen\u00eatre d\u2019activation des notifications France Info<\/p>\n<p>      cr\u00e9er votre compte<\/p>\n<p>      se connecter<\/p>\n<p>      :<\/p>\n<p>        Fermer la fen\u00eatre de pr\u00e9sentation<\/p>\n<p>    <img loading=\"lazy\" decoding=\"async\" class=\"signature__image lazyload\" width=\"100\" height=\"100\" data- alt=\"\" src=\"https:\/\/www.europesays.com\/fr\/wp-content\/uploads\/2025\/05\/64a7df4c5fe71_placeholder-36b69ec8.png\"\/><\/p>\n<p>        Article r\u00e9dig\u00e9 par <\/p>\n<p>        <a href=\"https:\/\/www.franceinfo.fr\/redaction\/france-info\/\" class=\"author-link\" target=\"_blank\" rel=\"noopener\">franceinfo<\/a><\/p>\n<p>                   &#8211; avec le r\u00e9seau ICI<\/p>\n<p>          Radio France<\/p>\n<p>    Publi\u00e9 le 12\/01\/2026 06:54<\/p>\n<p>      Mis \u00e0 jour le 12\/01\/2026 08:39<\/p>\n<p>        Temps de lecture : 5min<\/p>\n<p>    <img decoding=\"async\"  alt=\"Des agriculteurs installent des bottes de paille pour bloquer une autoroute dans le Nord de la France, le 11 janvier 2026. (BENJAMIN BOULY RAMES \/ AFP)\" width=\"432\" height=\"243\" src=\"https:\/\/www.europesays.com\/fr\/wp-content\/uploads\/2026\/01\/000-92cv7nu-69648b76bcdb1805055933.jpg\" fetchpriority=\"high\"\/><\/p>\n<p>      Des agriculteurs installent des bottes de paille pour bloquer une autoroute dans le Nord de la France, le 11 janvier 2026. (BENJAMIN BOULY RAMES \/ AFP)<\/p>\n<p>Les agriculteurs poursuivent leur mobilisation lundi 12 janvier contre l&rsquo;accord de libre-\u00e9change entre l&rsquo;Union europ\u00e9enne et les \u00c9tats du Mercosur, la politique agricole commune (PAC) ou encore la strat\u00e9gie gouvernementale contre la dermatose nodulaire contagieuse (DNC). De nombreuses mobilisations sont pr\u00e9vues dans le sud-ouest de la France, notamment \u00e0 Toulouse sur l&rsquo;A64, ou au port du Havre, \u00e0 Metz et sur les axes routiers du Nord et du Pas-de-Calais.<\/p>\n<p>Le point sur les principales actions pr\u00e9vues.<\/p>\n<p>Actions \u00e0 Bayonne et en B\u00e9arn<\/p>\n<p>La Conf\u00e9d\u00e9ration paysanne du B\u00e9arn mais aussi celle des Landes et le Modef (mouvement de d\u00e9fenses des exploitants familiaux) annoncent mener une action \u00e0 partir de 8\u00a0heures lundi matin dans le secteur du grand basque \u00e0 Bayonne. Le pr\u00e9fet a interdit \u00ab\u00a0toute manifestation non d\u00e9clar\u00e9e\u00a0\u00bb \u00e0 Bayonne.<\/p>\n<p>Les agriculteurs r\u00e9unis \u00e0 hauteur de Saint-Pierre-d&rsquo;Irube (Pyr\u00e9n\u00e9es-Atlantiques), pr\u00e8s de Bayonne, sous la banni\u00e8re des \u00ab\u00a0Ultras de l&rsquo;A63\u00a0\u00bb ont quitt\u00e9 l&rsquo;autoroute dans la nuit de dimanche \u00e0 lundi, rapporte <a href=\"https:\/\/www.francebleu.fr\/infos\/agriculture-peche\/les-ultras-de-l-a63-ont-quitte-les-lieux-dans-la-nuit-l-autoroute-devrait-rouvrir-6797485\" target=\"_blank\" rel=\"noopener\" data-tooltip-url=\"https:\/\/www.francebleu.fr\/infos\/agriculture-peche\/les-ultras-de-l-a63-ont-quitte-les-lieux-dans-la-nuit-l-autoroute-devrait-rouvrir-6797485\">ICI Pays Basque<\/a> lundi matin. Un peu avant 6h, l&rsquo;autoroute A63 a rouvert dans les deux sens de circulation.<\/p>\n<p>Une mobilisation de la FDSEA64 et des JA64 est \u00e9galement pr\u00e9vue lundi devant la Chambre d&rsquo;agriculture \u00e0 Pau pour 10\u00a0heures.<\/p>\n<p>Trafic toujours interrompu sur l&rsquo;A64 au sud de Toulouse<\/p>\n<p>En Haute-Garonne, sur l&rsquo;autoroute A64, le trafic est toujours interrompu au sud de Toulouse, au niveau de Lafitte-Vigordane en direction de Toulouse et \u00e0 hauteur de Carbonne en direction de Bayonne, rapporte lundi Bison fut\u00e9. Le barrage est en place depuis un mois.<\/p>\n<p>Landes<\/p>\n<p>Dans les Landes, la Coordination rurale annonce qu&rsquo;elle maintient ses blocages lundi sur des ronds-points de la rocade de Mont-de-Marsan, assure <a href=\"https:\/\/www.francebleu.fr\/infos\/agriculture-peche\/colere-des-agriculteurs-nouvelle-matinee-de-blocage-lundi-sur-la-rocade-de-mont-de-marsan-une-mobilisation-a-bayonne-7923449\" target=\"_blank\" rel=\"noopener\" data-tooltip-url=\"https:\/\/www.francebleu.fr\/infos\/agriculture-peche\/colere-des-agriculteurs-nouvelle-matinee-de-blocage-lundi-sur-la-rocade-de-mont-de-marsan-une-mobilisation-a-bayonne-7923449\">ICI Gascogne<\/a>.<\/p>\n<p>Dordogne<\/p>\n<p>En Dordogne, les agriculteurs vont manifester devant la pr\u00e9fecture \u00e0 P\u00e9rigueux \u00e0 midi.<\/p>\n<p>Creuse<\/p>\n<p>Dans la Creuse, la FDSEA et les Jeunes agriculteurs vont mettre en place plusieurs barrages filtrants, rapporte <a href=\"https:\/\/www.francebleu.fr\/infos\/agriculture-peche\/crise-agricole-la-fdsea-et-les-ja-maintiennent-la-pression-en-creuse-avant-une-nouvelle-mobilisation-lundi-2647048\" target=\"_blank\" rel=\"noopener\" data-tooltip-url=\"https:\/\/www.francebleu.fr\/infos\/agriculture-peche\/crise-agricole-la-fdsea-et-les-ja-maintiennent-la-pression-en-creuse-avant-une-nouvelle-mobilisation-lundi-2647048\">ICI Creuse<\/a>.<\/p>\n<p>Charente Maritime<\/p>\n<p>En Charente Maritime, une manifestation est pr\u00e9vue d\u00e8s 4\u00a0heures du matin lundi \u00e0 La Rochelle. Des perturbations sont pr\u00e9vues sur la rocade, la RN137, dans les deux sens. Sur X, la pr\u00e9fecture \u00ab\u00a0d\u00e9conseille fortement aux automobilistes d&#8217;emprunter cette route toute la journ\u00e9e et les invite \u00e0 anticiper voire \u00e0 reporter leurs d\u00e9placements et \u00e0 privil\u00e9gier des itin\u00e9raires alternatifs.\u00a0\u00bb<\/p>\n<p>Contr\u00f4le des camions au port du Havre<\/p>\n<p>En Normandie, les agriculteurs se mobilisent \u00e0 nouveau au port du Havre lundi, pour la troisi\u00e8me journ\u00e9e cons\u00e9cutive, rapporte <a href=\"https:\/\/www.francebleu.fr\/infos\/agriculture-peche\/crise-agricole-des-blocages-se-poursuivent-ce-dimanche-le-point-sur-les-principales-actions-6473594\" target=\"_blank\" rel=\"noopener\" data-tooltip-url=\"https:\/\/www.francebleu.fr\/infos\/agriculture-peche\/crise-agricole-des-blocages-se-poursuivent-ce-dimanche-le-point-sur-les-principales-actions-6473594\">ICI Normandie<\/a>. Men\u00e9e par les Jeunes agriculteurs de Seine-Maritime, l&rsquo;action ne vise pas \u00e0 bloquer le port mais \u00e0 contr\u00f4ler tous les camions qui entrent ou qui sortent et bloquer les produits alimentaires qui ne respectent pas les normes impos\u00e9es aux producteurs fran\u00e7ais et europ\u00e9ens. 40\u00a0tracteurs et 150\u00a0agriculteurs sont attendus.<\/p>\n<p>Morbihan<\/p>\n<p>Dans le Morbihan, une manifestation men\u00e9e par la Coordination rurale 56 est pr\u00e9vue lundi sur la RN24 entre Guer et Plo\u00ebrmel, rapporte <a href=\"https:\/\/www.francebleu.fr\/infos\/transports\/une-manifestation-agricole-lundi-matin-entre-guer-et-ploermel-la-prefecture-du-morbihan-appelle-a-eviter-la-rn24-9492879\" target=\"_blank\" rel=\"noopener\" data-tooltip-url=\"https:\/\/www.francebleu.fr\/infos\/transports\/une-manifestation-agricole-lundi-matin-entre-guer-et-ploermel-la-prefecture-du-morbihan-appelle-a-eviter-la-rn24-9492879\">ICI Armorique<\/a>. Le mouvement est pr\u00e9vu de 11h \u00e0 15h30.<\/p>\n<p>\u00ab\u00a0P\u00e9age gratuit\u00a0\u00bb sur l&rsquo;A16 et l&rsquo;A26 dans le Pas-de-Calais<\/p>\n<p>Dans le Nord et le Pas-de-Calais, la FDSEA du Pas-de-Calais et les Jeunes agriculteurs du Nord-Pas-de-Calais, organisent deux actions coup de poing, \u00e0 partir de 11\u00a0heures, rapporte <a href=\"https:\/\/www.francebleu.fr\/infos\/economie-social\/plusieurs-actions-et-blocages-organises-par-les-agriculteurs-sur-les-autoroutes-de-la-region-4802180\" target=\"_blank\" rel=\"noopener\" data-tooltip-url=\"https:\/\/www.francebleu.fr\/infos\/economie-social\/plusieurs-actions-et-blocages-organises-par-les-agriculteurs-sur-les-autoroutes-de-la-region-4802180\">ICI Nord<\/a>. Deux op\u00e9rations \u00ab\u00a0p\u00e9age gratuit\u00a0\u00bb et contr\u00f4le des camions seront mises en place au p\u00e9age d&rsquo;Herquelingue, sur l&rsquo;A16, pr\u00e8s de Boulogne-sur-Mer, et au p\u00e9age de Setques, sur l&rsquo;A26, pr\u00e8s de Saint-Omer. Dimanche soir, les agriculteurs se sont \u00e9galement mobilis\u00e9s au niveau du p\u00e9age de Fresnes-l\u00e8s-Montauban (Pas-de-Calais) sur l&rsquo;autoroute A1 et d&rsquo;Hordain, sur l&rsquo;A2.<\/p>\n<p>Circulation perturb\u00e9e dans Metz<\/p>\n<p>En Moselle, la FDSEA et les Jeunes agriculteurs annoncent qu&rsquo;un convoi de 300\u00a0tracteurs va converger lundi matin de tout le d\u00e9partement en direction de la pr\u00e9fecture \u00e0 Metz. Plusieurs centaines de manifestants vont mener une op\u00e9ration escargot, annoncent les syndicats \u00e0 <a href=\"https:\/\/www.francebleu.fr\/infos\/societe\/mobilisation-agricole-jusqu-a-300-tracteurs-attendus-ce-lundi-a-metz-9560659\" target=\"_blank\" rel=\"noopener\" data-tooltip-url=\"https:\/\/www.francebleu.fr\/infos\/societe\/mobilisation-agricole-jusqu-a-300-tracteurs-attendus-ce-lundi-a-metz-9560659\">ICI Lorraine<\/a>. Les agriculteurs ont rendez-vous \u00e0 10\u00a0heures dans le centre-ville de Metz. Sur X, la pr\u00e9fecture pr\u00e9voit une circulation perturb\u00e9e dans Metz et appelle les automobilistes \u00e0 \u00ab\u00a0faire preuve de patience\u00a0\u00bb. La pr\u00e9fecture de la Moselle restera ferm\u00e9e toute la journ\u00e9e.<\/p>\n<p>D\u00e9p\u00f4t p\u00e9trolier d\u2019Albens en Savoie bloqu\u00e9<\/p>\n<p>En Savoie et en Haute-Savoie, apr\u00e8s quatre jours de blocage, la Conf\u00e9d\u00e9ration paysanne veut tenir le barrage du d\u00e9p\u00f4t p\u00e9trolier d\u2019Albens sur la commune d&rsquo;Entrelacs (Savoie), assurent les syndicats dans un communiqu\u00e9 transmis \u00e0 l&rsquo;Agence de Radio France.<\/p>\n<p>Des mobilisations toute la semaine<\/p>\n<p>En Picardie, les syndicats esp\u00e8rent mobiliser entre 100 et 200\u00a0tracteurs pour rejoindre Paris au d\u00e9part de l&rsquo;Oise, dans les prochains jours, rapporte <a href=\"https:\/\/www.francebleu.fr\/radio\/picardie\" target=\"_blank\" rel=\"noopener\" data-tooltip-url=\"https:\/\/www.francebleu.fr\/radio\/picardie\">ICI Picardie<\/a>.<\/p>\n<p>\u00c0 Dijon, les Jeunes agriculteurs et la FRSEA (F\u00e9d\u00e9ration r\u00e9gionale des syndicats d&rsquo;exploitants agricoles) de Bourgogne-Franche-Comt\u00e9 appellent \u00e0 se mobiliser jeudi devant les services de l&rsquo;\u00c9tat.<\/p>\n","protected":false},"excerpt":{"rendered":"Blocages, barrages filtrants, op\u00e9ration \u00ab\u00a0p\u00e9ages gratuits\u00a0\u00bb&#8230; Les agriculteurs continuent d&rsquo;exprimer leur col\u00e8re. Et ne comptent pas s&rsquo;arr\u00eater. Des&hellip;\n","protected":false},"author":2,"featured_media":657961,"comment_status":"","ping_status":"","sticky":false,"template":"","format":"standard","meta":{"footnotes":""},"categories":[2],"tags":[11,1011,27,12],"class_list":{"0":"post-657960","1":"post","2":"type-post","3":"status-publish","4":"format-standard","5":"has-post-thumbnail","7":"category-actualites","8":"tag-actualites","9":"tag-fr","10":"tag-france","11":"tag-news"},"share_on_mastodon":{"url":"https:\/\/pubeurope.com\/@fr\/115881274615844454","error":""},"_links":{"self":[{"href":"https:\/\/www.europesays.com\/fr\/wp-json\/wp\/v2\/posts\/657960","targetHints":{"allow":["GET"]}}],"collection":[{"href":"https:\/\/www.europesays.com\/fr\/wp-json\/wp\/v2\/posts"}],"about":[{"href":"https:\/\/www.europesays.com\/fr\/wp-json\/wp\/v2\/types\/post"}],"author":[{"embeddable":true,"href":"https:\/\/www.europesays.com\/fr\/wp-json\/wp\/v2\/users\/2"}],"replies":[{"embeddable":true,"href":"https:\/\/www.europesays.com\/fr\/wp-json\/wp\/v2\/comments?post=657960"}],"version-history":[{"count":0,"href":"https:\/\/www.europesays.com\/fr\/wp-json\/wp\/v2\/posts\/657960\/revisions"}],"wp:featuredmedia":[{"embeddable":true,"href":"https:\/\/www.europesays.com\/fr\/wp-json\/wp\/v2\/media\/657961"}],"wp:attachment":[{"href":"https:\/\/www.europesays.com\/fr\/wp-json\/wp\/v2\/media?parent=657960"}],"wp:term":[{"taxonomy":"category","embeddable":true,"href":"https:\/\/www.europesays.com\/fr\/wp-json\/wp\/v2\/categories?post=657960"},{"taxonomy":"post_tag","embeddable":true,"href":"https:\/\/www.europesays.com\/fr\/wp-json\/wp\/v2\/tags?post=657960"}],"curies":[{"name":"wp","href":"https:\/\/api.w.org\/{rel}","templated":true}]}}