{"id":657978,"date":"2026-01-12T09:00:13","date_gmt":"2026-01-12T09:00:13","guid":{"rendered":"https:\/\/www.europesays.com\/fr\/657978\/"},"modified":"2026-01-12T09:00:13","modified_gmt":"2026-01-12T09:00:13","slug":"neuf-entreprises-rejoignent-la-pepiniere-rouen-normandie-creation","status":"publish","type":"post","link":"https:\/\/www.europesays.com\/fr\/657978\/","title":{"rendered":"Neuf entreprises rejoignent la p\u00e9pini\u00e8re Rouen Normandie Cr\u00e9ation"},"content":{"rendered":"<p>La p\u00e9pini\u00e8re Rouen Normandie Cr\u00e9ation accueille de nouvelles entreprises dans\u00a0son r\u00e9seau. Neuf\u00a0entreprises aux profils vari\u00e9s int\u00e8grent ses diff\u00e9rents sites.<\/p>\n<p>\u00c0 Seine Innopolis, au Petit-Quevilly, quatre entreprises font leur entr\u00e9e. Nalios Haute-Normandie, port\u00e9e par S\u00e9bastien B\u00e9langer, accompagne les PME dans l\u2019int\u00e9gration de l\u2019ERP Odoo, un progiciel de gestion int\u00e9gr\u00e9 europ\u00e9en. Ayappi, fond\u00e9e par St\u00e9phane Le Tertre, Camille Chomant et Patricia Le Tertre, d\u00e9veloppe un logiciel de paie innovant visant \u00e0 s\u00e9curiser les donn\u00e9es et \u00e0 connecter les outils m\u00e9tiers existants. L\u2019Agence Production, cr\u00e9\u00e9e par Quentin No\u00ebl et Bernard Kaiser, intervient en production audiovisuelle aupr\u00e8s des march\u00e9s BtoB et BtoC. Arkanlis, dirig\u00e9e par Freddy Goubert et Lo\u00efc Marouteau, propose une plateforme de cartographie des syst\u00e8mes d\u2019information orient\u00e9e s\u00e9curit\u00e9 et conformit\u00e9 r\u00e9glementaire.<\/p>\n<p><strong>Des entreprises r\u00e9parties sur quatre sites<\/strong><\/p>\n<p>\u00c0 Seine Ecopolis, \u00e0 Saint-\u00c9tienne-du-Rouvray, deux structures rejoignent la p\u00e9pini\u00e8re. Archipel \u2013 \u00celots de Vie, port\u00e9e par Allan Richard et Olivier Jacques, con\u00e7oit des micro-\u00e9cosyst\u00e8mes cl\u00e9s en main favorisant la biodiversit\u00e9 en milieu urbain. L\u00e9opards SAS d\u2019architectes, fond\u00e9e par Marie Labigne et Sylvain Th\u00e9bault, s\u2019inscrit dans une d\u00e9marche d\u2019\u00e9coconstruction, fond\u00e9e sur le r\u00e9emploi des mat\u00e9riaux et le travail avec des artisans locaux.<\/p>\n<p>\u00c0 D\u00e9ville-l\u00e8s-Rouen, sur le site de Seine Ceapolis, Roaring Suds Brewery, port\u00e9e par Axel Brasseur et Cyril Guesnet, d\u00e9veloppe une activit\u00e9 de brassage et de commercialisation de bi\u00e8res artisanales. Splendid Drone, cr\u00e9\u00e9e par Germain Fidon, Davy Niquet, Nicolas Dechiron et Romuald Fidon, con\u00e7oit des spectacles de drones de cinquante \u00e0 cinq cents appareils, pens\u00e9s comme une alternative \u00e9coresponsable aux feux d\u2019artifice.<\/p>\n<p>Enfin, \u00e0 Seine Neopolis, \u00e0 Rouen, Unicorn Sant\u00e9, fond\u00e9e par Marc Devos et Nicolas Rouig, con\u00e7oit et commercialise des compl\u00e9ments alimentaires \u00e0 haute valeur ajout\u00e9e, formul\u00e9s et fabriqu\u00e9s en France.<\/p>\n","protected":false},"excerpt":{"rendered":"La p\u00e9pini\u00e8re Rouen Normandie Cr\u00e9ation accueille de nouvelles entreprises dans\u00a0son r\u00e9seau. Neuf\u00a0entreprises aux profils vari\u00e9s int\u00e8grent ses diff\u00e9rents&hellip;\n","protected":false},"author":2,"featured_media":657979,"comment_status":"","ping_status":"","sticky":false,"template":"","format":"standard","meta":{"footnotes":""},"categories":[9587],"tags":[1111,11,1777,674,1011,27,12,5161,25,9590],"class_list":{"0":"post-657978","1":"post","2":"type-post","3":"status-publish","4":"format-standard","5":"has-post-thumbnail","7":"category-rouen","8":"tag-actu","9":"tag-actualites","10":"tag-eu","11":"tag-europe","12":"tag-fr","13":"tag-france","14":"tag-news","15":"tag-normandie","16":"tag-republique-francaise","17":"tag-rouen"},"share_on_mastodon":{"url":"https:\/\/pubeurope.com\/@fr\/115881313914243611","error":""},"_links":{"self":[{"href":"https:\/\/www.europesays.com\/fr\/wp-json\/wp\/v2\/posts\/657978","targetHints":{"allow":["GET"]}}],"collection":[{"href":"https:\/\/www.europesays.com\/fr\/wp-json\/wp\/v2\/posts"}],"about":[{"href":"https:\/\/www.europesays.com\/fr\/wp-json\/wp\/v2\/types\/post"}],"author":[{"embeddable":true,"href":"https:\/\/www.europesays.com\/fr\/wp-json\/wp\/v2\/users\/2"}],"replies":[{"embeddable":true,"href":"https:\/\/www.europesays.com\/fr\/wp-json\/wp\/v2\/comments?post=657978"}],"version-history":[{"count":0,"href":"https:\/\/www.europesays.com\/fr\/wp-json\/wp\/v2\/posts\/657978\/revisions"}],"wp:featuredmedia":[{"embeddable":true,"href":"https:\/\/www.europesays.com\/fr\/wp-json\/wp\/v2\/media\/657979"}],"wp:attachment":[{"href":"https:\/\/www.europesays.com\/fr\/wp-json\/wp\/v2\/media?parent=657978"}],"wp:term":[{"taxonomy":"category","embeddable":true,"href":"https:\/\/www.europesays.com\/fr\/wp-json\/wp\/v2\/categories?post=657978"},{"taxonomy":"post_tag","embeddable":true,"href":"https:\/\/www.europesays.com\/fr\/wp-json\/wp\/v2\/tags?post=657978"}],"curies":[{"name":"wp","href":"https:\/\/api.w.org\/{rel}","templated":true}]}}