{"id":657988,"date":"2026-01-12T09:06:16","date_gmt":"2026-01-12T09:06:16","guid":{"rendered":"https:\/\/www.europesays.com\/fr\/657988\/"},"modified":"2026-01-12T09:06:16","modified_gmt":"2026-01-12T09:06:16","slug":"des-policiers-vont-manifester-a-strasbourg-bientot-voici-pourquoi","status":"publish","type":"post","link":"https:\/\/www.europesays.com\/fr\/657988\/","title":{"rendered":"Des policiers vont manifester \u00e0 Strasbourg bient\u00f4t : voici pourquoi"},"content":{"rendered":"<p>                    Par<br \/>\n        <strong><br \/>\n            <a href=\"https:\/\/actu.fr\/auteur\/ivan-capecchi\" title=\"Consulter tous les articles de Ivan CAPECCHI\" target=\"_blank\" rel=\"noopener\">Ivan CAPECCHI<\/a><br \/>\n                    <\/strong><\/p>\n<p>        Publi\u00e9 le<\/p>\n<p>            12 janv. 2026 \u00e0 7h02        <\/p>\n<p>Un<strong> rassemblement citoyen<\/strong> est pr\u00e9vu<strong> samedi 31 janvier 2026<\/strong> \u00e0 <strong>Strasbourg<\/strong>, \u00e0 l\u2019appel du <strong>syndicat Alliance Police nationale<\/strong>. La mobilisation se tiendra <strong>\u00e0 partir de 11h<\/strong> sur le <strong>parvis de l\u2019H\u00f4tel de police<\/strong>.<\/p>\n<p>La police r\u00e9clame plus de moyens<\/p>\n<p class=\" wall-content\">Dans un communiqu\u00e9, <strong>Alliance Police nationale<\/strong> explique vouloir alerter sur la situation de la <a href=\"https:\/\/actu.fr\/tag\/police\" target=\"_blank\" rel=\"noopener\">police<\/a> et, plus largement, sur <strong>les enjeux de s\u00e9curit\u00e9<\/strong>.<\/p>\n<p class=\" wall-content\">Le syndicat \u00e9voque <strong>un manque de moyens humains, mat\u00e9riels et logistiques<\/strong> pour permettre aux forces de l\u2019ordre d\u2019exercer leurs missions.<\/p>\n<p class=\" wall-content\">Cette mobilisation, annonc\u00e9e dans plusieurs villes de France, se veut ouverte aux policiers, aux citoyens et aux responsables politiques.\u00a0<\/p>\n<p class=\" wall-content\">Personnalisez votre actualit\u00e9 en ajoutant vos villes et m\u00e9dias en favori avec <a href=\"https:\/\/moncompte.actu.fr\" title=\"D\u00e9couvez Mon Actu\" rel=\"nofollow noopener\" data-trk=\"{&quot;cta&quot;:{&quot;action&quot;:&quot;https:\\\/\\\/moncompte.actu.fr&quot;,&quot;category&quot;:&quot;mon compte&quot;,&quot;from&quot;:&quot;article footer&quot;,&quot;name&quot;:&quot;Mon actu&quot;,&quot;type&quot;:&quot;cta&quot;}}\" target=\"_blank\">Mon Actu<\/a>.<\/p>\n","protected":false},"excerpt":{"rendered":"Par Ivan CAPECCHI Publi\u00e9 le 12 janv. 2026 \u00e0 7h02 Un rassemblement citoyen est pr\u00e9vu samedi 31 janvier&hellip;\n","protected":false},"author":2,"featured_media":657989,"comment_status":"","ping_status":"","sticky":false,"template":"","format":"standard","meta":{"footnotes":""},"categories":[2820],"tags":[1111,11,1777,674,1011,27,775,1272,12,1072,25,104,640],"class_list":{"0":"post-657988","1":"post","2":"type-post","3":"status-publish","4":"format-standard","5":"has-post-thumbnail","7":"category-strasbourg","8":"tag-actu","9":"tag-actualites","10":"tag-eu","11":"tag-europe","12":"tag-fr","13":"tag-france","14":"tag-grand-est","15":"tag-manifestations","16":"tag-news","17":"tag-police","18":"tag-republique-francaise","19":"tag-societe","20":"tag-strasbourg"},"share_on_mastodon":{"url":"https:\/\/pubeurope.com\/@fr\/115881337429707023","error":""},"_links":{"self":[{"href":"https:\/\/www.europesays.com\/fr\/wp-json\/wp\/v2\/posts\/657988","targetHints":{"allow":["GET"]}}],"collection":[{"href":"https:\/\/www.europesays.com\/fr\/wp-json\/wp\/v2\/posts"}],"about":[{"href":"https:\/\/www.europesays.com\/fr\/wp-json\/wp\/v2\/types\/post"}],"author":[{"embeddable":true,"href":"https:\/\/www.europesays.com\/fr\/wp-json\/wp\/v2\/users\/2"}],"replies":[{"embeddable":true,"href":"https:\/\/www.europesays.com\/fr\/wp-json\/wp\/v2\/comments?post=657988"}],"version-history":[{"count":0,"href":"https:\/\/www.europesays.com\/fr\/wp-json\/wp\/v2\/posts\/657988\/revisions"}],"wp:featuredmedia":[{"embeddable":true,"href":"https:\/\/www.europesays.com\/fr\/wp-json\/wp\/v2\/media\/657989"}],"wp:attachment":[{"href":"https:\/\/www.europesays.com\/fr\/wp-json\/wp\/v2\/media?parent=657988"}],"wp:term":[{"taxonomy":"category","embeddable":true,"href":"https:\/\/www.europesays.com\/fr\/wp-json\/wp\/v2\/categories?post=657988"},{"taxonomy":"post_tag","embeddable":true,"href":"https:\/\/www.europesays.com\/fr\/wp-json\/wp\/v2\/tags?post=657988"}],"curies":[{"name":"wp","href":"https:\/\/api.w.org\/{rel}","templated":true}]}}