{"id":658006,"date":"2026-01-12T09:17:10","date_gmt":"2026-01-12T09:17:10","guid":{"rendered":"https:\/\/www.europesays.com\/fr\/658006\/"},"modified":"2026-01-12T09:17:10","modified_gmt":"2026-01-12T09:17:10","slug":"les-visiteurs-font-leur-bilan","status":"publish","type":"post","link":"https:\/\/www.europesays.com\/fr\/658006\/","title":{"rendered":"les visiteurs font leur bilan"},"content":{"rendered":"\n<p>En ce d\u00e9but de mois de janvier, l\u2019ambiance au Mucem est tr\u00e8s calme. Pourtant, le mus\u00e9e enregistre une ann\u00e9e record avec 1,4\u00a0million de visiteurs en 2025, un nombre qui n\u2019avait plus \u00e9t\u00e9 atteint depuis 2016.<\/p>\n<p>\u00ab\u00a02025 est une ann\u00e9e record qui t\u00e9moigne de l\u2019attractivit\u00e9 grandissante de nos collections aupr\u00e8s de tous les publics et de leur r\u00e9sonance avec l\u2019actualit\u00e9\u00a0\u00bb, analyse Pierre-Olivier Costa, directeur du Mucem. \u00ab\u00a0Nous n\u2019avions pas eu l\u2019occasion de revenir mais nous avions entendu dire qu\u2019une guillotine \u00e9tait entr\u00e9e au mus\u00e9e \u00e0 l\u2019occasion de la panth\u00e9onisation de Badinter, alors on voulait venir voir \u00e7a\u00a0\u00bb, confirme un couple de retrait\u00e9s marseillais, habitu\u00e9s du mus\u00e9e.<\/p>\n<p> 9,1% de hausse<br \/>\n               <br \/>de la fr\u00e9quentation\n              <\/p>\n<p>Toutes expositions confondues, une hausse de fr\u00e9quentation de 9,1% a \u00e9t\u00e9 enregistr\u00e9e. Mais c\u2019est l\u2019exposition \u00ab\u00a0Lire le ciel. Sous les \u00e9toiles en M\u00e9diterran\u00e9e\u00a0\u00bb qui a battu les records des expositions temporaires avec 180\u00a0000\u00a0visiteurs. Les publics sont divis\u00e9s face \u00e0 ces expositions. \u00ab\u00a0C\u2019est la premi\u00e8re fois que nous venons et nous avons beaucoup appr\u00e9ci\u00e9 la diversit\u00e9 de ce qui est propos\u00e9\u00a0: on passe de vestiges palestiniens, \u00e0 des guitares modernes, \u00e0 des repr\u00e9sentations de la Vierge\u00a0\u00bb, s\u2019extasie un couple de montpelli\u00e9rains. Une Marseillaise, elle, ne semble pas du m\u00eame avis\u00a0: \u00ab\u00a0Cela fait plusieurs fois que je viens et franchement, c\u2019est toujours pareil\u00a0: les expos temporaires sont souvent top, mais par contre les permanentes&#8230;je trouve qu\u2019elles n\u2019ont aucun sens\u00a0\u00bb, explique Isabelle, habitante du sud de Marseille. Le mus\u00e9e a \u00e9galement su toucher les visiteurs \u00e9trangers\u00a0: \u00ab\u00a0Nous venons des \u00c9tats-Unis et nous avons trouv\u00e9 l\u2019architecture du mus\u00e9e magnifique avec sa vue sur la mer. Les explications en anglais \u00e0 l\u2019int\u00e9rieur du mus\u00e9e nous ont aid\u00e9 \u00e0 mieux comprendre les expositions\u00a0\u00bb, d\u00e9taille une famille am\u00e9ricaine. Sur place, une classe de maternelle \u00e9coute une employ\u00e9e du mus\u00e9e. Rien d\u2019\u00e9tonnant puisque cette ann\u00e9e, gr\u00e2ce aux projets et dispositifs mis en place, le Mucem a connu une \u00ab\u00a0fr\u00e9quentation scolaire exceptionnelle\u00a0\u00bb avec plus de 53\u00a0500\u00a0\u00e9l\u00e8ves, soit une hausse de 19% par rapport \u00e0 l\u2019ann\u00e9e pr\u00e9c\u00e9dente.<\/p>\n","protected":false},"excerpt":{"rendered":"En ce d\u00e9but de mois de janvier, l\u2019ambiance au Mucem est tr\u00e8s calme. Pourtant, le mus\u00e9e enregistre une&hellip;\n","protected":false},"author":2,"featured_media":658007,"comment_status":"","ping_status":"","sticky":false,"template":"","format":"standard","meta":{"footnotes":""},"categories":[2814],"tags":[1111,11,1777,674,1011,27,76030,884,12,882,25],"class_list":{"0":"post-658006","1":"post","2":"type-post","3":"status-publish","4":"format-standard","5":"has-post-thumbnail","7":"category-marseille","8":"tag-actu","9":"tag-actualites","10":"tag-eu","11":"tag-europe","12":"tag-fr","13":"tag-france","14":"tag-maelle-diaz","15":"tag-marseille","16":"tag-news","17":"tag-provence-alpes-cote-dazur","18":"tag-republique-francaise"},"share_on_mastodon":{"url":"https:\/\/pubeurope.com\/@fr\/115881380960678746","error":""},"_links":{"self":[{"href":"https:\/\/www.europesays.com\/fr\/wp-json\/wp\/v2\/posts\/658006","targetHints":{"allow":["GET"]}}],"collection":[{"href":"https:\/\/www.europesays.com\/fr\/wp-json\/wp\/v2\/posts"}],"about":[{"href":"https:\/\/www.europesays.com\/fr\/wp-json\/wp\/v2\/types\/post"}],"author":[{"embeddable":true,"href":"https:\/\/www.europesays.com\/fr\/wp-json\/wp\/v2\/users\/2"}],"replies":[{"embeddable":true,"href":"https:\/\/www.europesays.com\/fr\/wp-json\/wp\/v2\/comments?post=658006"}],"version-history":[{"count":0,"href":"https:\/\/www.europesays.com\/fr\/wp-json\/wp\/v2\/posts\/658006\/revisions"}],"wp:featuredmedia":[{"embeddable":true,"href":"https:\/\/www.europesays.com\/fr\/wp-json\/wp\/v2\/media\/658007"}],"wp:attachment":[{"href":"https:\/\/www.europesays.com\/fr\/wp-json\/wp\/v2\/media?parent=658006"}],"wp:term":[{"taxonomy":"category","embeddable":true,"href":"https:\/\/www.europesays.com\/fr\/wp-json\/wp\/v2\/categories?post=658006"},{"taxonomy":"post_tag","embeddable":true,"href":"https:\/\/www.europesays.com\/fr\/wp-json\/wp\/v2\/tags?post=658006"}],"curies":[{"name":"wp","href":"https:\/\/api.w.org\/{rel}","templated":true}]}}