{"id":658008,"date":"2026-01-12T09:18:15","date_gmt":"2026-01-12T09:18:15","guid":{"rendered":"https:\/\/www.europesays.com\/fr\/658008\/"},"modified":"2026-01-12T09:18:15","modified_gmt":"2026-01-12T09:18:15","slug":"lattractivite-du-centre-ville-au-coeur-des-elections-municipales","status":"publish","type":"post","link":"https:\/\/www.europesays.com\/fr\/658008\/","title":{"rendered":"l&rsquo;attractivit\u00e9 du centre-ville au c\u0153ur des \u00e9lections municipales"},"content":{"rendered":"<p>De Saint-Charles au Roucas-Blanc, en passant par le Vieux-Port et les \u00celes, les 1er et 7e arrondissements offrent un Marseille pluriel m\u00ealant quartiers politiques de la ville (QPV) et secteurs privil\u00e9gi\u00e9s. Avec des attentes, forc\u00e9ment, disparates. Un sujet cristallise pourtant ce d\u00e9but de campagne\u00a0: celui de l\u2019attractivit\u00e9 du centre-ville. Le 15\u00a0novembre, alors que les deux points de vente marseillais des Galeries Lafayette baissaient d\u00e9finitivement le rideau, le maire DVG Beno\u00eet Payan annon\u00e7ait son intention de racheter \u00e0 l\u2019enseigne ses 20\u00a0000\u00a0m\u00b2 du Centre Bourse. Une d\u00e9cision valid\u00e9e par le dernier conseil municipal de l\u2019ann\u00e9e, le 18\u00a0d\u00e9cembre, actant \u00e9galement le projet de transformer les cellules vides en <a href=\"https:\/\/www.laprovence.com\/article\/politique\/8936071785905914\/galeries-lafayette-du-centre-bourse-a-marseille-payan-veut-un-pole-culturel-scientifique-et-de-loisirs\" target=\"_blank\" rel=\"noopener\">\u00ab\u00a0p\u00f4le culturel, scientifique et de loisirs d\u2019envergure nationale\u00a0\u00bb<\/a>, pr\u00e9sentait Beno\u00eet Payan, alors pas encore candidat \u00e0 sa propre succession.<\/p>\n<p>Un centre-ville d\u00e9grad\u00e9\u00a0? Une \u00e9tude d\u00e9ment<\/p>\n<p>Face \u00e0 lui, ses adversaires d\u00e9roulent eux aussi leurs projets, \u00e0 l\u2019instar de Martine Vassal (Divers droite) ou du RN Franck Allisio, surfant tous deux sur une image \u00ab\u00a0d\u00e9grad\u00e9e\u00a0\u00bb du centre-ville, et une in\u00e9vitable \u00ab\u00a0fuite de ses commerces\u00a0\u00bb. Tant pis pour<a href=\"https:\/\/www.laprovence.com\/article\/region\/10903757240214\/commerces-diagnostic-dun-centre-ville-marseillais-qui-resiste\" target=\"_blank\" rel=\"noopener\"> l\u2019\u00e9tude \u00e9conomique \u00ab\u00a0Centre-ville 2030\u00a0\u00bb<\/a> cofinanc\u00e9&#8230;<\/p>\n","protected":false},"excerpt":{"rendered":"De Saint-Charles au Roucas-Blanc, en passant par le Vieux-Port et les \u00celes, les 1er et 7e arrondissements offrent&hellip;\n","protected":false},"author":2,"featured_media":658009,"comment_status":"","ping_status":"","sticky":false,"template":"","format":"standard","meta":{"footnotes":""},"categories":[2814],"tags":[15467,5734,1111,11,56253,11898,6521,154,1777,674,1011,27,17679,884,12,882,16,25],"class_list":{"0":"post-658008","1":"post","2":"type-post","3":"status-publish","4":"format-standard","5":"has-post-thumbnail","7":"category-marseille","8":"tag-1er","9":"tag-5734","10":"tag-actu","11":"tag-actualites","12":"tag-arrondissements","13":"tag-centre-ville","14":"tag-coeur","15":"tag-des","16":"tag-eu","17":"tag-europe","18":"tag-fr","19":"tag-france","20":"tag-lattractivite","21":"tag-marseille","22":"tag-news","23":"tag-provence-alpes-cote-dazur","24":"tag-region","25":"tag-republique-francaise"},"share_on_mastodon":{"url":"https:\/\/pubeurope.com\/@fr\/115881384718773604","error":""},"_links":{"self":[{"href":"https:\/\/www.europesays.com\/fr\/wp-json\/wp\/v2\/posts\/658008","targetHints":{"allow":["GET"]}}],"collection":[{"href":"https:\/\/www.europesays.com\/fr\/wp-json\/wp\/v2\/posts"}],"about":[{"href":"https:\/\/www.europesays.com\/fr\/wp-json\/wp\/v2\/types\/post"}],"author":[{"embeddable":true,"href":"https:\/\/www.europesays.com\/fr\/wp-json\/wp\/v2\/users\/2"}],"replies":[{"embeddable":true,"href":"https:\/\/www.europesays.com\/fr\/wp-json\/wp\/v2\/comments?post=658008"}],"version-history":[{"count":0,"href":"https:\/\/www.europesays.com\/fr\/wp-json\/wp\/v2\/posts\/658008\/revisions"}],"wp:featuredmedia":[{"embeddable":true,"href":"https:\/\/www.europesays.com\/fr\/wp-json\/wp\/v2\/media\/658009"}],"wp:attachment":[{"href":"https:\/\/www.europesays.com\/fr\/wp-json\/wp\/v2\/media?parent=658008"}],"wp:term":[{"taxonomy":"category","embeddable":true,"href":"https:\/\/www.europesays.com\/fr\/wp-json\/wp\/v2\/categories?post=658008"},{"taxonomy":"post_tag","embeddable":true,"href":"https:\/\/www.europesays.com\/fr\/wp-json\/wp\/v2\/tags?post=658008"}],"curies":[{"name":"wp","href":"https:\/\/api.w.org\/{rel}","templated":true}]}}