{"id":658016,"date":"2026-01-12T09:23:14","date_gmt":"2026-01-12T09:23:14","guid":{"rendered":"https:\/\/www.europesays.com\/fr\/658016\/"},"modified":"2026-01-12T09:23:14","modified_gmt":"2026-01-12T09:23:14","slug":"municipales-a-paris-gregoire-veut-installer-des-kiosques-mobiles-de-police-municipale-12-01-2026-a-0940","status":"publish","type":"post","link":"https:\/\/www.europesays.com\/fr\/658016\/","title":{"rendered":"Municipales \u00e0 Paris: Gr\u00e9goire veut installer des \u00ab\u00a0kiosques\u00a0\u00bb mobiles de police municipale &#8211; 12\/01\/2026 \u00e0 09:40"},"content":{"rendered":"<p>        <img decoding=\"async\" src=\"https:\/\/www.europesays.com\/fr\/wp-content\/uploads\/2026\/01\/5ca6e421ab51160f17ebda257c18c9c0-760x506.jpg\" alt=\"Emmanuel Gr\u00e9goire (g), candidat de la gauche \u00e0 la mairie de Paris, avec Bertrand Delano\u00eb, l'ancien maire de Paris (2001-2014), \u00e0 Paris, dans le 13e arrondissement, le 11 janvier 2026 ( AFP \/ Bertrand GUAY )\" loading=\"eager\" fetchpriority=\"high\" width=\"760\" height=\"506\" style=\"max-width: 100%!important; height: auto;\"\/><\/p>\n<p class=\"c-image-news__legend\">Emmanuel Gr\u00e9goire (g), candidat de la gauche \u00e0 la mairie de Paris, avec Bertrand Delano\u00eb, l&rsquo;ancien maire de Paris (2001-2014), \u00e0 Paris, dans le 13e arrondissement, le 11 janvier 2026 ( AFP \/ Bertrand GUAY )<\/p>\n<p>\n Le candidat d&rsquo;union de la gauche \u00e0 la mairie de Paris Emmanuel Gr\u00e9goire (PS) a annonc\u00e9 lundi vouloir installer des \u00ab\u00a0kiosques\u00a0\u00bb mobiles de police municipale \u00ab\u00a0sur les points chauds\u00a0\u00bb de la capitale pour lutter contre l&rsquo;ins\u00e9curit\u00e9.\n<\/p>\n<p>\n Ces kiosques, dot\u00e9s de cinq ou six agents et op\u00e9rationnels de jour comme de nuit, \u00ab\u00a0seront des mini-postes sur le terrain, dans chaque arrondissement et sur les points chauds, sur le mod\u00e8le des k\u00f4ban japonais\u00a0\u00bb, \u00e0 commencer par la Porte de Clignancourt, dans le XVIIIe arrondissement, a-t-il d\u00e9clar\u00e9 dans une interview au Figaro.\n<\/p>\n<p>\n \u00ab\u00a0Une des cl\u00e9s, c&rsquo;est de consid\u00e9rer que la pr\u00e9sence polici\u00e8re de terrain ne r\u00e8gle, certes, pas tout, mais reste extr\u00eamement efficace contre la d\u00e9linquance. Il faut du bleu sur le terrain\u00a0\u00bb, a-t-il ajout\u00e9.\n<\/p>\n<p>\n Le d\u00e9put\u00e9 socialiste et ex-premier adjoint souhaite \u00e9galement recruter 1.000 nouveaux agents de police municipale pour porter les effectifs \u00e0 5.000.\n<\/p>\n<p>\n Il met toutefois en garde contre un \u00e9ventuel d\u00e9sengagement parall\u00e8le de l&rsquo;\u00c9tat sur la police nationale, mettant en cause Rachida Dati, ministre de la Culture et candidate des R\u00e9publicains, qu&rsquo;il juge \u00ab\u00a0comptable\u00a0\u00bb des politiques men\u00e9es sous Nicolas Sarkozy et Emmanuel Macron.\n<\/p>\n<p>\n Il se dit en revanche \u00ab\u00a0totalement hostile\u00a0\u00bb \u00e0 leur armement l\u00e9tal: \u00ab\u00a0aucune des missions confi\u00e9es \u00e0 la police municipale ne le justifie\u00a0\u00bb. M. Gr\u00e9goire proposera un r\u00e9f\u00e9rendum aux Parisiens en cas d&rsquo;\u00e9volution de la loi.\n<\/p>\n<p>\n Il se dit n\u00e9anmoins favorable \u00e0 ce que les brigades nocturnes soient dot\u00e9es de pistolets \u00e0 impulsion \u00e9lectrique.\n<\/p>\n<p>\n Jugeant \u00ab\u00a0insupportable\u00a0\u00bb que des femmes puissent se sentir en ins\u00e9curit\u00e9 dans Paris, Emmanuel Gr\u00e9goire souhaite mettre en place un dispositif d&rsquo;alerte sur les Abribus et augmenter l&rsquo;\u00e9clairage public dans certains quartiers.\n<\/p>\n<p>\n La vid\u00e9oprotection des \u00ab\u00a0sites sensibles\u00a0\u00bb sera \u00e9galement accrue avec le d\u00e9ploiement de 500 cam\u00e9ras tactiques, qui seront d\u00e9plac\u00e9es \u00ab\u00a0selon les besoins\u00a0\u00bb.\n<\/p>\n<p>\n Se d\u00e9marquant du bilan d&rsquo;Anne Hidalgo dont il a \u00e9t\u00e9 le premier adjoint pendant plus de cinq ans, M. Gr\u00e9goire botte en touche. \u00ab\u00a0Reproche-t-on \u00e0 Emmanuel Macron d&rsquo;\u00eatre comptable du quinquennat de Fran\u00e7ois Hollande ?\u00a0\u00bb, interroge-t-il.\n<\/p>\n<p>\n Le candidat socialiste se dit \u00ab\u00a0totalement oppos\u00e9\u00a0\u00bb \u00e0 l&rsquo;installation de grilles autour du Champ-de-Mars, comme le propose Rachida Dati pour lutter contre l&rsquo;ins\u00e9curit\u00e9, qui ne ferait que \u00ab\u00a0repousser les probl\u00e8mes (&#8230;) quelques dizaines de m\u00e8tres plus loin\u00a0\u00bb.\n<\/p>\n<p>\n Il propose de cr\u00e9er une brigade sp\u00e9cifique \u00ab\u00a0aux sites complexes\u00a0\u00bb qui concernera le Champ-de-Mars, Montmartre, Barb\u00e8s-Jaur\u00e8s, et le secteur de Gare du Nord\/Gare de l&rsquo;Est, la Villette et Rosa Parks.\n<\/p>\n<p>\n R\u00e9pondant aux critiques sur un \u00ab\u00a0chaos\u00a0\u00bb li\u00e9 \u00e0 l&rsquo;explosion de la circulation \u00e0 v\u00e9lo, M. Gr\u00e9goire entend cr\u00e9er des patrouilles, au sein de la police municipale, pour \u00ab\u00a0intercepter les chauffards\u00a0\u00bb de v\u00e9los d\u00e9brid\u00e9s qui roulent \u00e0 plus de 25 km\/h, la vitesse autoris\u00e9e sur les pistes cyclables.<\/p>\n","protected":false},"excerpt":{"rendered":"Emmanuel Gr\u00e9goire (g), candidat de la gauche \u00e0 la mairie de Paris, avec Bertrand Delano\u00eb, l&rsquo;ancien maire de&hellip;\n","protected":false},"author":2,"featured_media":658017,"comment_status":"","ping_status":"","sticky":false,"template":"","format":"standard","meta":{"footnotes":""},"categories":[1888],"tags":[400,1111,1928,11,1927,398,408,405,1777,674,1011,27,403,402,399,404,12,1926,626,1925,25,401,406,407],"class_list":{"0":"post-658016","1":"post","2":"type-post","3":"status-publish","4":"format-standard","5":"has-post-thumbnail","7":"category-paris","8":"tag-action-cac-40","9":"tag-actu","10":"tag-actu-paris","11":"tag-actualites","12":"tag-actualites-paris","13":"tag-bourse-de-paris","14":"tag-boursorama","15":"tag-cotations","16":"tag-eu","17":"tag-europe","18":"tag-fr","19":"tag-france","20":"tag-indices-devises","21":"tag-investir","22":"tag-investissement","23":"tag-marche-boursier","24":"tag-news","25":"tag-news-paris","26":"tag-paris","27":"tag-paris-news","28":"tag-republique-francaise","29":"tag-sicav","30":"tag-trackers","31":"tag-warrants"},"share_on_mastodon":{"url":"https:\/\/pubeurope.com\/@fr\/115881404207943595","error":""},"_links":{"self":[{"href":"https:\/\/www.europesays.com\/fr\/wp-json\/wp\/v2\/posts\/658016","targetHints":{"allow":["GET"]}}],"collection":[{"href":"https:\/\/www.europesays.com\/fr\/wp-json\/wp\/v2\/posts"}],"about":[{"href":"https:\/\/www.europesays.com\/fr\/wp-json\/wp\/v2\/types\/post"}],"author":[{"embeddable":true,"href":"https:\/\/www.europesays.com\/fr\/wp-json\/wp\/v2\/users\/2"}],"replies":[{"embeddable":true,"href":"https:\/\/www.europesays.com\/fr\/wp-json\/wp\/v2\/comments?post=658016"}],"version-history":[{"count":0,"href":"https:\/\/www.europesays.com\/fr\/wp-json\/wp\/v2\/posts\/658016\/revisions"}],"wp:featuredmedia":[{"embeddable":true,"href":"https:\/\/www.europesays.com\/fr\/wp-json\/wp\/v2\/media\/658017"}],"wp:attachment":[{"href":"https:\/\/www.europesays.com\/fr\/wp-json\/wp\/v2\/media?parent=658016"}],"wp:term":[{"taxonomy":"category","embeddable":true,"href":"https:\/\/www.europesays.com\/fr\/wp-json\/wp\/v2\/categories?post=658016"},{"taxonomy":"post_tag","embeddable":true,"href":"https:\/\/www.europesays.com\/fr\/wp-json\/wp\/v2\/tags?post=658016"}],"curies":[{"name":"wp","href":"https:\/\/api.w.org\/{rel}","templated":true}]}}