{"id":658030,"date":"2026-01-12T09:31:15","date_gmt":"2026-01-12T09:31:15","guid":{"rendered":"https:\/\/www.europesays.com\/fr\/658030\/"},"modified":"2026-01-12T09:31:15","modified_gmt":"2026-01-12T09:31:15","slug":"le-royaume-uni-met-la-suisse-sur-sa-liste-noire","status":"publish","type":"post","link":"https:\/\/www.europesays.com\/fr\/658030\/","title":{"rendered":"le Royaume-Uni met la Suisse sur sa liste noire"},"content":{"rendered":"\n<p>        \u2013   <\/p>\n<p>  Londres met la Suisse sur sa liste des destinations \u00e0 risque <\/p>\n<p class=\"lead regular externalicon-big astro-mrojhlls\"> Le gouvernement britannique place la Conf\u00e9d\u00e9ration au m\u00eame niveau que l\u2019Italie. Les pickpockets \u00e0 Gen\u00e8ve inqui\u00e8tent particuli\u00e8rement le Minist\u00e8re des affaires \u00e9trang\u00e8res.    <\/p>\n<p>   <img loading=\"lazy\" decoding=\"async\" src=\"https:\/\/www.europesays.com\/fr\/wp-content\/uploads\/2025\/06\/6A17SKeUalK9Nv0mDqJd6T.jpg\"  width=\"100\" height=\"100\"  alt=\"Claude Beda\" class=\"AuthorImage -content-head authorimage astro-vmrqen7w astro-g7nkasli\" style=\"background-color:#A7A7A7\"\/>        Publi\u00e9 aujourd\u2019hui \u00e0 08h49                   <img decoding=\"async\" loading=\"eager\" fetchpriority=\"high\" src=\"https:\/\/www.europesays.com\/fr\/wp-content\/uploads\/2026\/01\/7RSn3zuxKlxBue0fXgfwgT.jpg\" data-image-url=\"https:\/\/www.europesays.com\/fr\/wp-content\/uploads\/2026\/01\/7RSn3zuxKlxBue0fXgfwgT.jpg\" alt=\"Des passagers avec des chariots \u00e0 bagages arrivent devant le hall du terminal 1 de Gen\u00e8ve A\u00e9roport.\" title=\"Des passagers avec des chariots \u00e0 bagages arrivent devant le hall du terminal 1 de Gen\u00e8ve A\u00e9roport.\" class=\"ResponsiveImage responsive-image astro-lrzy7jfn\" style=\"background-color:#7D816D\" onload=\"this.style.backgroundColor = &quot;transparent&quot;\"\/>         <\/p>\n<p>Les vols seraient particuli\u00e8rement fr\u00e9quents \u00e0 l\u2019a\u00e9roport de Gen\u00e8ve et dans les trains. <\/p>\n<p>KEYSTONE<\/p>\n<p>        Abonnez-vous d\u00e8s maintenant et profitez de la fonction de lecture audio. <\/p>\n<p>  S&rsquo;abonner   Se connecter  <\/p>\n<p>    <a href=\"https:\/\/bottalk.io\/\" class=\"bottalklink astro-5ez2hx6t\" target=\"_blank\" rel=\"noreferrer noopener\"> BotTalk <\/a>        <\/p>\n<p class=\"articleParagraph externalicon-big focus _content-width article-element astro-g2qwsodm astro-hwk6bfo3\">Le minist\u00e8re britannique des Affaires \u00e9trang\u00e8res a \u00e9mis d\u00e9but janvier  <a class=\" astro-hwk6bfo3\" target=\"_blank\" rel=\"noopener noreferrer\" href=\"https:\/\/www.gov.uk\/foreign-travel-advice\/switzerland\/safety-and-security\" data-article-link=\"https:\/\/www.gov.uk\/foreign-travel-advice\/switzerland\/safety-and-security\">une mise en garde<\/a> \u00e0 l\u2019attention des voyageurs se rendant en Suisse, selon le magazine de voyage \u00ab <a class=\" astro-hwk6bfo3\" target=\"_blank\" rel=\"noopener noreferrer\" href=\"https:\/\/www.travelandtourworld.com\/\" data-article-link=\"https:\/\/www.travelandtourworld.com\/\">Travel and Tour World<\/a>\u00bb. La Conf\u00e9d\u00e9ration figure d\u00e9sormais parmi les destinations europ\u00e9ennes pour lesquelles Londres recommande une vigilance accrue, aux c\u00f4t\u00e9s de l\u2019Italie, la Croatie, le Portugal, l\u2019Allemagne, l\u2019Estonie et la Finlande. <\/p>\n<p class=\"articleParagraph externalicon-big focus _content-width article-element astro-g2qwsodm astro-hwk6bfo3\">Le gouvernement britannique justifie cet  <a class=\"noExternalIcon astro-hwk6bfo3\" target=\"_self\" href=\"https:\/\/www.24heures.ch\/tourisme-les-etats-unis-placent-la-suisse-en-zone-a-risque-320964855133\" data-article-link=\"https:\/\/www.24heures.ch\/tourisme-les-etats-unis-placent-la-suisse-en-zone-a-risque-320964855133\" rel=\"noopener\">avertissement<\/a> par une recrudescence des petits vols dans les grandes villes suisses, relaye \u00ab <a class=\" astro-hwk6bfo3\" target=\"_blank\" rel=\"noopener noreferrer\" href=\"https:\/\/www.20min.ch\/story\/diebstahl-und-terror-britische-regierung-warnt-buerger-vor-ferien-in-der-schweiz-103483924\" data-article-link=\"https:\/\/www.20min.ch\/story\/diebstahl-und-terror-britische-regierung-warnt-buerger-vor-ferien-in-der-schweiz-103483924\">20\u00a0Minutes<\/a>\u00bb. Un risque particuli\u00e8rement \u00e9lev\u00e9 li\u00e9 aux pickpockets existerait \u00e0 l\u2019a\u00e9roport de Gen\u00e8ve et dans les trains en provenance et \u00e0 destination de cette ville, pr\u00e9cise le minist\u00e8re. Une menace terroriste accrue \u00e0 l\u2019\u00e9chelle mondiale est \u00e9galement mentionn\u00e9e, bien qu\u2019aucun incident majeur ne se soit produit r\u00e9cemment en Suisse. <\/p>\n<p>  Des accidents mortels en Suisse <\/p>\n<p class=\"articleParagraph externalicon-big focus _content-width article-element astro-g2qwsodm astro-hwk6bfo3\">L\u2019actualisation des conseils aux voyageurs s\u2019inscrit plus largement dans le contexte des nouvelles conditions d\u2019entr\u00e9e dans l\u2019espace Schengen cons\u00e9cutives au Brexit. Depuis d\u00e9but 2025, les contr\u00f4les des autorisations de voyage \u00e9lectroniques (ETA) ont \u00e9t\u00e9 renforc\u00e9s. Les touristes suisses ont \u00e9galement besoin de cette autorisation pour se rendre au Royaume-Uni. <\/p>\n<p class=\"articleParagraph externalicon-big focus _content-width article-element astro-g2qwsodm astro-hwk6bfo3\">Le Minist\u00e8re met aussi en garde les amateurs de sports d\u2019hiver, nombreux parmi les Britanniques \u00e0 s\u00e9journer en Suisse. Il recommande de v\u00e9rifier sa couverture d\u2019assurance, rappelant que des ressortissants britanniques ont \u00e9t\u00e9 impliqu\u00e9s dans des accidents mortels dans les Alpes suisses. <\/p>\n<p class=\"articleParagraph externalicon-big focus _content-width article-element astro-g2qwsodm astro-hwk6bfo3\">L\u2019avertissement mentionne enfin l\u2019interdiction de se dissimuler le visage en vigueur dans les cantons du Tessin et de Saint-Gall, ainsi que les sanctions s\u00e9v\u00e8res encourues pour possession de drogues, les a\u00e9roports suisses disposant d\u2019une technologie de scanning qualifi\u00e9e d\u2019\u00abexcellente\u00bb. <\/p>\n<p class=\"boxtitle astro-42aj3uwb astro-hwk6bfo3\">L\u2019avertissement des \u00c9tats-Unis <\/p>\n<p>        Newsletter    <\/p>\n<p>\u00abDerni\u00e8res nouvelles\u00bb<\/p>\n<p> Vous voulez rester au top de l\u2019info? \u00ab24 heures\u00bb vous propose deux rendez-vous par jour, pour ne rien rater de ce qui se passe dans votre Canton, en Suisse ou dans le monde. <\/p>\n<p class=\"astro-cztuaoj5\"> <a class=\"more astro-cztuaoj5\" href=\"https:\/\/www.24heures.ch\/nos-newsletters\" target=\"_blank\" rel=\"noopener\"> Autres newsletters <\/a> <\/p>\n<p>     Se connecter             <strong>Claude B\u00e9da<\/strong>  est journaliste \u00e0 la rubrique vaudoise de 24 heures. Licenci\u00e9 en sciences sociales et politiques, passionn\u00e9 par les sujets de soci\u00e9t\u00e9 et la vie des gens d\u2019ici, il a couvert plusieurs r\u00e9gions du canton, avant de rejoindre la r\u00e9daction lausannoise.    <a href=\"https:\/\/www.24heures.ch\/author\/59968929\/claude-beda\" class=\"moreinfo _underlinelink astro-pukeoetg\" target=\"_blank\" rel=\"noopener\"> Plus d&rsquo;infos <\/a>     <\/p>\n<p class=\"Feedback content-width astro-kvtdmsee\"> Vous avez trouv\u00e9 une erreur? <a href=\"https:\/\/www.24heures.ch\/mailto:tes_correction@tamedia.ch?subject=Avis%20d\" erreur=\"\" class=\"feedbacklink _underlinelink astro-kvtdmsee\" target=\"_blank\" rel=\"noopener\"> Merci de nous la signaler. <\/a> <\/p>\n<p>Les vols seraient particuli\u00e8rement fr\u00e9quents \u00e0 l\u2019a\u00e9roport de Gen\u00e8ve et dans les trains. <\/p>\n<p>KEYSTONE<\/p>\n","protected":false},"excerpt":{"rendered":"\u2013 Londres met la Suisse sur sa liste des destinations \u00e0 risque Le gouvernement britannique place la Conf\u00e9d\u00e9ration&hellip;\n","protected":false},"author":2,"featured_media":658031,"comment_status":"","ping_status":"","sticky":false,"template":"","format":"standard","meta":{"footnotes":""},"categories":[1588],"tags":[11,69486,1777,674,76032,12,473,1853,34241,1851,1850,1852],"class_list":{"0":"post-658030","1":"post","2":"type-post","3":"status-publish","4":"format-standard","5":"has-post-thumbnail","7":"category-royaume-uni","8":"tag-actualites","9":"tag-content-en-continu","10":"tag-eu","11":"tag-europe","12":"tag-geneve-aeroport","13":"tag-news","14":"tag-royaume-uni","15":"tag-royaume-uni-de-grande-bretagne-et-dirlande-du-nord","16":"tag-stats-seo-trends","17":"tag-uk","18":"tag-united-kingdom","19":"tag-united-kingdom-of-great-britain-and-northern-ireland"},"share_on_mastodon":{"url":"https:\/\/pubeurope.com\/@fr\/115881435827169835","error":""},"_links":{"self":[{"href":"https:\/\/www.europesays.com\/fr\/wp-json\/wp\/v2\/posts\/658030","targetHints":{"allow":["GET"]}}],"collection":[{"href":"https:\/\/www.europesays.com\/fr\/wp-json\/wp\/v2\/posts"}],"about":[{"href":"https:\/\/www.europesays.com\/fr\/wp-json\/wp\/v2\/types\/post"}],"author":[{"embeddable":true,"href":"https:\/\/www.europesays.com\/fr\/wp-json\/wp\/v2\/users\/2"}],"replies":[{"embeddable":true,"href":"https:\/\/www.europesays.com\/fr\/wp-json\/wp\/v2\/comments?post=658030"}],"version-history":[{"count":0,"href":"https:\/\/www.europesays.com\/fr\/wp-json\/wp\/v2\/posts\/658030\/revisions"}],"wp:featuredmedia":[{"embeddable":true,"href":"https:\/\/www.europesays.com\/fr\/wp-json\/wp\/v2\/media\/658031"}],"wp:attachment":[{"href":"https:\/\/www.europesays.com\/fr\/wp-json\/wp\/v2\/media?parent=658030"}],"wp:term":[{"taxonomy":"category","embeddable":true,"href":"https:\/\/www.europesays.com\/fr\/wp-json\/wp\/v2\/categories?post=658030"},{"taxonomy":"post_tag","embeddable":true,"href":"https:\/\/www.europesays.com\/fr\/wp-json\/wp\/v2\/tags?post=658030"}],"curies":[{"name":"wp","href":"https:\/\/api.w.org\/{rel}","templated":true}]}}