{"id":658032,"date":"2026-01-12T09:32:11","date_gmt":"2026-01-12T09:32:11","guid":{"rendered":"https:\/\/www.europesays.com\/fr\/658032\/"},"modified":"2026-01-12T09:32:11","modified_gmt":"2026-01-12T09:32:11","slug":"un-habitant-sur-cinq-envisage-de-quitter-le-pays","status":"publish","type":"post","link":"https:\/\/www.europesays.com\/fr\/658032\/","title":{"rendered":"un habitant sur cinq envisage de quitter le pays"},"content":{"rendered":"<p>\t\t\t\t\tUne \u00e9tude r\u00e9cente r\u00e9v\u00e8le un malaise profond au sein de la soci\u00e9t\u00e9 allemande.<a href=\"https:\/\/www.yahoo.com\/news\/articles\/one-five-germany-considered-leaving-081724209.html\" target=\"_blank\" rel=\"noopener\"> Pr\u00e8s de 21 % des r\u00e9sidents d\u00e9clarent avoir d\u00e9j\u00e0 pens\u00e9 \u00e0 \u00e9migrer,<\/a> signe d\u2019un d\u00e9crochage inqui\u00e9tant dans la premi\u00e8re \u00e9conomie europ\u00e9enne.<\/p>\n<p>L\u2019Allemagne traverse une p\u00e9riode de doute. Selon une enqu\u00eate men\u00e9e sur plus d\u2019un an aupr\u00e8s de pr\u00e8s de 3 000 personnes, un Allemand sur cinq affirme avoir envisag\u00e9 de quitter le pays. Un chiffre r\u00e9v\u00e9lateur d\u2019un climat social et \u00e9conomique de plus en plus pesant.<\/p>\n<p>Chez les citoyens sans origine migratoire, cette proportion atteint d\u00e9j\u00e0 17 %. Mais elle grimpe fortement parmi les populations issues de l\u2019immigration : plus d\u2019un tiers des personnes concern\u00e9es disent songer \u00e0 partir. Un contraste qui en dit long sur le sentiment de d\u00e9classement et de d\u00e9senchantement.<\/p>\n<p>Une qu\u00eate d\u2019avenir meilleur<\/p>\n<p>La motivation principale \u00e9voqu\u00e9e reste la recherche d\u2019une vie meilleure. Pour environ la moiti\u00e9 des r\u00e9pondants tent\u00e9s par le d\u00e9part, l\u2019Allemagne ne tient plus ses promesses. Co\u00fbt de la vie, pression fiscale, ins\u00e9curit\u00e9 culturelle, perte de rep\u00e8res : les raisons sont multiples, m\u00eame si l\u2019\u00e9tude ne les d\u00e9taille pas toutes.<\/p>\n<p>Chez les personnes issues de l\u2019immigration, un autre facteur revient fr\u00e9quemment : le sentiment de discrimination. Un paradoxe, alors m\u00eame que l\u2019Allemagne a multipli\u00e9 les politiques d\u2019accueil ces derni\u00e8res ann\u00e9es.<\/p>\n<p>Si l\u2019id\u00e9e de partir est r\u00e9pandue, les projets r\u00e9els restent rares. \u00c0 peine 2 % des personnes interrog\u00e9es d\u00e9clarent vouloir quitter le pays dans l\u2019ann\u00e9e. Pourtant, dans les faits, les mouvements sont bien r\u00e9els : plus d\u2019un million de personnes ont quitt\u00e9 l\u2019Allemagne en 2024.<\/p>\n<p>Un chiffre qui alimente d\u00e9j\u00e0 les inqui\u00e9tudes sur la d\u00e9mographie et le march\u00e9 du travail. Dans un pays vieillissant, chaque d\u00e9part accentue les p\u00e9nuries de main-d\u2019\u0153uvre, notamment dans les secteurs industriels et de services.<\/p>\n<p>Les chercheurs soulignent que le d\u00e9bat public se concentre quasi exclusivement sur l\u2019immigration entrante, oubliant un autre ph\u00e9nom\u00e8ne majeur : l\u2019\u00e9migration. Or, ce double mouvement modifie en profondeur l\u2019\u00e9quilibre d\u00e9mographique du pays.<\/p>\n<p>Le d\u00e9part de jeunes actifs, de dipl\u00f4m\u00e9s ou de familles contribue \u00e0 fragiliser davantage un mod\u00e8le social d\u00e9j\u00e0 sous tension.<\/p>\n<p>Des origines tr\u00e8s marqu\u00e9es<\/p>\n<p>Les intentions de d\u00e9part sont particuli\u00e8rement \u00e9lev\u00e9es chez les personnes ayant des attaches familiales avec la Turquie, le Moyen-Orient et l\u2019Afrique du Nord. Pr\u00e8s de 40 % d\u2019entre elles envisagent un jour de quitter l\u2019Allemagne. Viennent ensuite les ressortissants issus de l\u2019ex-bloc sovi\u00e9tique et ceux originaires de pays de l\u2019Union europ\u00e9enne.<\/p>\n<p>Un ph\u00e9nom\u00e8ne qui interroge sur la r\u00e9ussite r\u00e9elle du mod\u00e8le d\u2019int\u00e9gration allemand, souvent pr\u00e9sent\u00e9 comme exemplaire.<\/p>\n<p>L\u2019\u00e9tude met \u00e9galement en \u00e9vidence une hausse notable des intentions de d\u00e9part dans les mois pr\u00e9c\u00e9dant les \u00e9lections f\u00e9d\u00e9rales de f\u00e9vrier 2025, notamment chez les immigr\u00e9s et leurs descendants. Un bond d\u2019environ dix points a \u00e9t\u00e9 observ\u00e9, signe que le climat politique et les d\u00e9bats sur l\u2019identit\u00e9, l\u2019immigration et l\u2019avenir du pays p\u00e8sent lourd dans les choix personnels.<\/p>\n<p>M\u00eame si tous ne passeront pas \u00e0 l\u2019acte, le simple fait qu\u2019un cinqui\u00e8me de la population envisage de partir doit alerter. Derri\u00e8re ces chiffres, c\u2019est la perte de confiance dans l\u2019avenir du pays qui se dessine.<\/p>\n<p>Entre inflation, crise \u00e9nerg\u00e9tique, ins\u00e9curit\u00e9 culturelle et fractures ethniques et sociales, l\u2019Allemagne semble moins attractive qu\u2019hier, y compris pour ses propres citoyens.<\/p>\n<p>[cc] Article r\u00e9dig\u00e9 par la r\u00e9daction de\u00a0<a href=\"http:\/\/breizh-info.com\/\" target=\"_blank\" rel=\"noopener\" data-saferedirecturl=\"https:\/\/www.google.com\/url?q=http:\/\/breizh-info.com&amp;source=gmail&amp;ust=1768029111892000&amp;usg=AOvVaw2La_taCjIJdLt7c4bJlk7h\">breizh-info.com<\/a>\u00a0et relu et corrig\u00e9 (orthographe, syntaxe) par une intelligence artificielle.<\/p>\n<p>Breizh-info.com, 2026, d\u00e9p\u00eaches libres de copie et de diffusion <b>sous r\u00e9serve de mention obligatoire et de lien do follow vers la source d\u2019origine.<\/b><\/p>\n","protected":false},"excerpt":{"rendered":"Une \u00e9tude r\u00e9cente r\u00e9v\u00e8le un malaise profond au sein de la soci\u00e9t\u00e9 allemande. Pr\u00e8s de 21 % des&hellip;\n","protected":false},"author":2,"featured_media":75720,"comment_status":"","ping_status":"","sticky":false,"template":"","format":"standard","meta":{"footnotes":""},"categories":[1587],"tags":[11,672,1804,76033,1805,6969,16162,1803,70846,35895,1777,674,76034,1801,1061,5317,76035,2304,12,76036,1802],"class_list":{"0":"post-658032","1":"post","2":"type-post","3":"status-publish","4":"format-standard","5":"has-post-thumbnail","7":"category-allemagne","8":"tag-actualites","9":"tag-allemagne","10":"tag-bundesrepublik-deutschland","11":"tag-crise-sociale","12":"tag-de","13":"tag-demographie","14":"tag-departs","15":"tag-deutschland","16":"tag-elections-federales","17":"tag-emigration","18":"tag-eu","19":"tag-europe","20":"tag-exode","21":"tag-germany","22":"tag-immigration","23":"tag-integration","24":"tag-malaise-social","25":"tag-marche-du-travail","26":"tag-news","27":"tag-population-allemande","28":"tag-republique-federale-dallemagne"},"share_on_mastodon":{"url":"https:\/\/pubeurope.com\/@fr\/115881439759745532","error":""},"_links":{"self":[{"href":"https:\/\/www.europesays.com\/fr\/wp-json\/wp\/v2\/posts\/658032","targetHints":{"allow":["GET"]}}],"collection":[{"href":"https:\/\/www.europesays.com\/fr\/wp-json\/wp\/v2\/posts"}],"about":[{"href":"https:\/\/www.europesays.com\/fr\/wp-json\/wp\/v2\/types\/post"}],"author":[{"embeddable":true,"href":"https:\/\/www.europesays.com\/fr\/wp-json\/wp\/v2\/users\/2"}],"replies":[{"embeddable":true,"href":"https:\/\/www.europesays.com\/fr\/wp-json\/wp\/v2\/comments?post=658032"}],"version-history":[{"count":0,"href":"https:\/\/www.europesays.com\/fr\/wp-json\/wp\/v2\/posts\/658032\/revisions"}],"wp:featuredmedia":[{"embeddable":true,"href":"https:\/\/www.europesays.com\/fr\/wp-json\/wp\/v2\/media\/75720"}],"wp:attachment":[{"href":"https:\/\/www.europesays.com\/fr\/wp-json\/wp\/v2\/media?parent=658032"}],"wp:term":[{"taxonomy":"category","embeddable":true,"href":"https:\/\/www.europesays.com\/fr\/wp-json\/wp\/v2\/categories?post=658032"},{"taxonomy":"post_tag","embeddable":true,"href":"https:\/\/www.europesays.com\/fr\/wp-json\/wp\/v2\/tags?post=658032"}],"curies":[{"name":"wp","href":"https:\/\/api.w.org\/{rel}","templated":true}]}}