{"id":658054,"date":"2026-01-12T09:51:21","date_gmt":"2026-01-12T09:51:21","guid":{"rendered":"https:\/\/www.europesays.com\/fr\/658054\/"},"modified":"2026-01-12T09:51:21","modified_gmt":"2026-01-12T09:51:21","slug":"ewen-le-chaumontais-a-invite-six-rappeurs-de-paris","status":"publish","type":"post","link":"https:\/\/www.europesays.com\/fr\/658054\/","title":{"rendered":"Ewen le Chaumontais a invit\u00e9 six rappeurs de Paris\u00a0"},"content":{"rendered":"<p><strong>Le cin\u00e9ma a accueilli plus de 200 curieux. En majorit\u00e9 des jeunes, mais surtout des passionn\u00e9s de rap.\u00a0<\/strong><\/p>\n<p>Le rap \u00e9tait \u00e0 l\u2019honneur \u00e0 Chaumont. Samedi 10 janvier au cin\u00e9ma A l\u2019affiche, l\u2019\u00e9v\u00e9nement Geloway 6 \u00e9tait organis\u00e9. Le rappeur local Ewen avait invit\u00e9 d\u2019autres amis pour partager le micro. Le but :\u00a0proposer une session d\u2019encha\u00eenement de couplets au public. La petite subtilit\u00e9 r\u00e9sidait dans le fait qu\u2019aucun artiste ne connaissait la partition instrumentale sur laquelle il s\u2019appr\u00e9tait \u00e0 rapper.<\/p>\n<p>Pour Ewen, qui a mis plusieurs mois \u00e0 \u00e9laborer ce show, \u00ab on veut montrer qui on est. Et prouver qu\u2019ici aussi il y a une culture et la possibilit\u00e9 de cr\u00e9er des choses\u00a0\u00bb. Jusque-l\u00e0, ces \u00ab\u00a0Geloway\u00a0\u00bb avaient eu lieu au viaduc, dans le vieux Chaumont ou encore dans la capitale.\u00a0\u00ab Si on est au cin\u00e9ma, c\u2019est aussi pour parler \u00e0 tout le monde\u00a0\u00bb, exprime-t-il.\u00a0<\/p>\n<p>Sophieanne, participant  d\u2019une \u00e9mission sur Netflix\u00a0<\/p>\n<p>Autour de la table, il y avait  C Kay, Xobo, Dooky, Big D, Polo Kd, Ewen et Sophieanne. Ce dernier est sans doute le plus c\u00e9l\u00e8bre. Il a particip\u00e9 \u00e0 l\u2019\u00e9mission \u00ab\u00a0Nouvelle \u00e9cole\u00a0\u00bb sur Netflix. Samedi soir, les spectateurs ont appr\u00e9ci\u00e9 son \u00e9nergie et son authenticit\u00e9.<\/p>\n<p>Avec son look d\u00e9cal\u00e9, il tient \u00e0 rappeler que l\u2019essentiel c\u2019est d\u2019\u00eatre soi-m\u00eame, sans se soucier du regard des autres. Les autres viennent tous en majorit\u00e9 de la capitale et ont connu Ewen dans des sessions de battle (\u00ab\u00a0duel\u00a0\u00bb de r\u00e9partie en direct), des sc\u00e8nes ouvertes ou par r\u00e9seautage.\u00a0<\/p>\n<p>Les performances se succ\u00e8dent derri\u00e8re le micro. Parfois, une trentaine de secondes et \u00e0 de multiples reprises, les invit\u00e9s font plus d\u2019une minute, pas mal en improvisation totale. L\u2019objectif est d\u2019\u00eatre percutant, de se faire conna\u00eetre, mais aussi v\u00e9hiculer quelques messages. Quand certains \u00ab emmerdent l\u2019algorithme\u00a0\u00bb, d\u2019autres\u00a0\u00ab ne font pas du rap pour qu\u2019on l\u2019\u00e9coute, mais pour qu\u2019on le r\u00e9\u00e9coute \u00bb. Quelques punchlines peuvent aussi retenir l\u2019attention. On sait que le rap est porte-drapeau des minorit\u00e9s.\u00a0\u00ab\u00a0J\u2019aime la Palestine, j\u2019aime pas les States\u00a0\u00bb, exprime durant son passage Xobo. Comme bon outil de d\u00e9nonciation des extr\u00eames, le hip hop est aussi tr\u00e8s utile. Big D le dit lui-m\u00eame : \u00ab J\u2019aime pas les racistes,\u00a0mais j\u2019adore leur parler mal\u00a0\u00bb.\u00a0Quelques r\u00e9f\u00e9rences sont faites \u00e0 leurs mod\u00e8les comme M\u00e9dine, Youssoupha ou d\u2019autres.\u00a0\u00a0\u00a0<\/p>\n<p>Et m\u00eame quand certains oublient leurs mots ou tr\u00e9buchent sur des phrases, ils sont aussit\u00f4t encourag\u00e9s par le public. En sortant, les jeunes sont subjugu\u00e9s. Un enfant d\u2019une dizaine d\u2019ann\u00e9es\u00a0\u00ab a ador\u00e9 voir de ses yeux un mini-concert\u00a0\u00bb.\u00a0<\/p>\n<p>A 22 ans, Ewen a donc fait plus pour la culture urbaine chaumontaise que certains responsables politiques.\u00a0<\/p>\n<p><strong>Julien Voirin\u00a0<\/strong><\/p>\n<p><a href=\"https:\/\/jhm.fr\/ewen-le-chaumontais-a-invite-six-rappeurs-de-paris\/mailto:j.voirin@jhm.fr\" target=\"_blank\" rel=\"noopener\">j.voirin@jhm.fr<\/a><\/p>\n","protected":false},"excerpt":{"rendered":"Le cin\u00e9ma a accueilli plus de 200 curieux. En majorit\u00e9 des jeunes, mais surtout des passionn\u00e9s de rap.\u00a0&hellip;\n","protected":false},"author":2,"featured_media":658055,"comment_status":"","ping_status":"","sticky":false,"template":"","format":"standard","meta":{"footnotes":""},"categories":[1355],"tags":[58,59,1011,27,1361,873],"class_list":{"0":"post-658054","1":"post","2":"type-post","3":"status-publish","4":"format-standard","5":"has-post-thumbnail","7":"category-musique","8":"tag-divertissement","9":"tag-entertainment","10":"tag-fr","11":"tag-france","12":"tag-music","13":"tag-musique"},"share_on_mastodon":{"url":"https:\/\/pubeurope.com\/@fr\/115881514506102984","error":""},"_links":{"self":[{"href":"https:\/\/www.europesays.com\/fr\/wp-json\/wp\/v2\/posts\/658054","targetHints":{"allow":["GET"]}}],"collection":[{"href":"https:\/\/www.europesays.com\/fr\/wp-json\/wp\/v2\/posts"}],"about":[{"href":"https:\/\/www.europesays.com\/fr\/wp-json\/wp\/v2\/types\/post"}],"author":[{"embeddable":true,"href":"https:\/\/www.europesays.com\/fr\/wp-json\/wp\/v2\/users\/2"}],"replies":[{"embeddable":true,"href":"https:\/\/www.europesays.com\/fr\/wp-json\/wp\/v2\/comments?post=658054"}],"version-history":[{"count":0,"href":"https:\/\/www.europesays.com\/fr\/wp-json\/wp\/v2\/posts\/658054\/revisions"}],"wp:featuredmedia":[{"embeddable":true,"href":"https:\/\/www.europesays.com\/fr\/wp-json\/wp\/v2\/media\/658055"}],"wp:attachment":[{"href":"https:\/\/www.europesays.com\/fr\/wp-json\/wp\/v2\/media?parent=658054"}],"wp:term":[{"taxonomy":"category","embeddable":true,"href":"https:\/\/www.europesays.com\/fr\/wp-json\/wp\/v2\/categories?post=658054"},{"taxonomy":"post_tag","embeddable":true,"href":"https:\/\/www.europesays.com\/fr\/wp-json\/wp\/v2\/tags?post=658054"}],"curies":[{"name":"wp","href":"https:\/\/api.w.org\/{rel}","templated":true}]}}