{"id":65806,"date":"2025-05-01T02:01:09","date_gmt":"2025-05-01T02:01:09","guid":{"rendered":"https:\/\/www.europesays.com\/fr\/65806\/"},"modified":"2025-05-01T02:01:09","modified_gmt":"2025-05-01T02:01:09","slug":"perte-dinfirmieres-de-lue-apres-le-brexit-lie-a-1-485-deces-supplementaires-par-an","status":"publish","type":"post","link":"https:\/\/www.europesays.com\/fr\/65806\/","title":{"rendered":"Perte d&rsquo;infirmi\u00e8res de l&rsquo;UE apr\u00e8s le Brexit li\u00e9 \u00e0 1 485 d\u00e9c\u00e8s suppl\u00e9mentaires par an"},"content":{"rendered":"<p>Au cours des trois ann\u00e9es qui ont suivi le sondage r\u00e9f\u00e9rendaire de l&rsquo;UE, l&rsquo;impact du Brexit sur le NHS a provoqu\u00e9 1 485 d\u00e9c\u00e8s suppl\u00e9mentaires par an \u00e0 la suite d&rsquo;infirmi\u00e8res de l&rsquo;UE quittant le Royaume-Uni apr\u00e8s le r\u00e9f\u00e9rendum, selon une nouvelle \u00e9tude de l&rsquo;Universit\u00e9 de Surrey.<\/p>\n<p>L&rsquo;\u00e9tude, publi\u00e9e en tant que r\u00e9cent document de discussion IZA, a examin\u00e9 les effets du r\u00e9f\u00e9rendum du Brexit 2016, analysant les donn\u00e9es administratives au niveau des patients de 131 h\u00f4pitaux NHS anglais. Les chercheurs ont \u00e9valu\u00e9 diverses actions pr\u00e9-r\u00e9f\u00e9rentiels des infirmi\u00e8res de l&rsquo;UE \u2013 le pourcentage d&rsquo;infirmi\u00e8res de l&rsquo;Union europ\u00e9enne (UE) employ\u00e9e dans les organisations hospitali\u00e8res du NHS avant le r\u00e9f\u00e9rendum sur le Brexit.<\/p>\n<p>Cela a permis \u00e0 l&rsquo;\u00e9quipe d&rsquo;estimer les effets causaux du Brexit sur la qualit\u00e9 des soins hospitaliers, en examinant sp\u00e9cifiquement les effets sur les taux de mortalit\u00e9 \u00e0 l&rsquo;h\u00f4pital et les r\u00e9admissions d&rsquo;urgence impr\u00e9vues. Plus pr\u00e9cis\u00e9ment, l&rsquo;\u00e9tude estime que, au cours des trois ann\u00e9es apr\u00e8s le r\u00e9f\u00e9rendum de 2016, le NHS a fait face \u00e0 34 d\u00e9c\u00e8s suppl\u00e9mentaires par h\u00f4pital avec une exposition moyenne au choc du Brexit. Dans l&rsquo;\u00e9tude, la part de pr\u00e9-r\u00e9f\u00e9rendum des infirmi\u00e8res de l&rsquo;UE dans les h\u00f4pitaux du NHS anglais variait de 0,5% \u00e0 22%, avec une moyenne d&rsquo;environ 5,84%. Les h\u00f4pitaux qui avaient une proportion plus \u00e9lev\u00e9e d&rsquo;infirmi\u00e8res de l&rsquo;UE avant le r\u00e9f\u00e9rendum \u00e9taient plus expos\u00e9s au choc n\u00e9gatif de l&rsquo;offre de travail caus\u00e9 par le vote pour quitter l&rsquo;UE.<\/p>\n<p>En effet, les auteurs de la recherche trouvent une baisse stup\u00e9fiante dans les entr\u00e9es des infirmi\u00e8res de l&rsquo;UE juste apr\u00e8s le r\u00e9f\u00e9rendum et une forte augmentation simultan\u00e9e de la part des infirmi\u00e8res non \u00e9toff\u00e9es de l&rsquo;UE embauch\u00e9es par les h\u00f4pitaux du NHS. Ils ont \u00e9galement constat\u00e9 que le bassin des embauches d&rsquo;infirmi\u00e8re de l&rsquo;h\u00f4pital du New NHS avait une exp\u00e9rience ou des comp\u00e9tences plus faible, car ils ont \u00e9t\u00e9 pay\u00e9s des salaires inf\u00e9rieurs.<\/p>\n<p>Ce changement de composition de la main-d&rsquo;\u0153uvre \u00e9tait le m\u00e9canisme le plus probable pour l&rsquo;augmentation de la mortalit\u00e9 et les taux de r\u00e9admission impr\u00e9vus, car les auteurs sont en mesure d&rsquo;exclure plusieurs autres m\u00e9canismes, par exemple, les changements dans la d\u00e9mographie du patient, les changements dans d&rsquo;autres parties de la main-d&rsquo;\u0153uvre hospitali\u00e8re (consultants) et les changements de productivit\u00e9 hospitali\u00e8re (taux d&rsquo;occupation du lit).<\/p>\n<p>Le professeur Giuseppe Moscelli, professeur d&rsquo;\u00e9conomie et chercheur principal de l&rsquo;\u00e9tude \u00e0 l&rsquo;Universit\u00e9 de Surrey, a d\u00e9clar\u00e9:<\/p>\n<p>\u00ab\u00a0Le Brexit a eu de vraies cons\u00e9quences de la vie ou de la mort pour les patients dans nos h\u00f4pitaux. Les preuves que nous avons recueillies montrent que la perte d&rsquo;infirmi\u00e8res plus exp\u00e9riment\u00e9es ou plus qualifi\u00e9es a entra\u00een\u00e9 une baisse mesurable de la qualit\u00e9 des soins.<\/p>\n<p>\u00abNos recherches fournissent deux messages \u00e0 emporter importants aux contribuables et aux d\u00e9cideurs. Emp\u00eacher une qualit\u00e9 similaire des d\u00e9t\u00e9rioration des services hospitaliers \u00e0 l&rsquo;avenir. \u00ab\u00a0<\/p>\n","protected":false},"excerpt":{"rendered":"Au cours des trois ann\u00e9es qui ont suivi le sondage r\u00e9f\u00e9rendaire de l&rsquo;UE, l&rsquo;impact du Brexit sur le&hellip;\n","protected":false},"author":2,"featured_media":65807,"comment_status":"","ping_status":"","sticky":false,"template":"","format":"standard","meta":{"footnotes":""},"categories":[1586],"tags":[11,150,1353,16568,3983,1777,674,1779,1011,27,13257,16566,12,5912,16565,25,16567,1778,364],"class_list":{"0":"post-65806","1":"post","2":"type-post","3":"status-publish","4":"format-standard","5":"has-post-thumbnail","7":"category-europe","8":"tag-actualites","9":"tag-apres","10":"tag-brexit","11":"tag-d39infirmieres","12":"tag-deces","13":"tag-eu","14":"tag-europe","15":"tag-european-union","16":"tag-fr","17":"tag-france","18":"tag-l39ue","19":"tag-lie","20":"tag-news","21":"tag-par","22":"tag-perte","23":"tag-republique-francaise","24":"tag-supplementaires","25":"tag-ue","26":"tag-union-europeenne"},"share_on_mastodon":{"url":"https:\/\/pubeurope.com\/@fr\/114430114721558844","error":""},"_links":{"self":[{"href":"https:\/\/www.europesays.com\/fr\/wp-json\/wp\/v2\/posts\/65806","targetHints":{"allow":["GET"]}}],"collection":[{"href":"https:\/\/www.europesays.com\/fr\/wp-json\/wp\/v2\/posts"}],"about":[{"href":"https:\/\/www.europesays.com\/fr\/wp-json\/wp\/v2\/types\/post"}],"author":[{"embeddable":true,"href":"https:\/\/www.europesays.com\/fr\/wp-json\/wp\/v2\/users\/2"}],"replies":[{"embeddable":true,"href":"https:\/\/www.europesays.com\/fr\/wp-json\/wp\/v2\/comments?post=65806"}],"version-history":[{"count":0,"href":"https:\/\/www.europesays.com\/fr\/wp-json\/wp\/v2\/posts\/65806\/revisions"}],"wp:featuredmedia":[{"embeddable":true,"href":"https:\/\/www.europesays.com\/fr\/wp-json\/wp\/v2\/media\/65807"}],"wp:attachment":[{"href":"https:\/\/www.europesays.com\/fr\/wp-json\/wp\/v2\/media?parent=65806"}],"wp:term":[{"taxonomy":"category","embeddable":true,"href":"https:\/\/www.europesays.com\/fr\/wp-json\/wp\/v2\/categories?post=65806"},{"taxonomy":"post_tag","embeddable":true,"href":"https:\/\/www.europesays.com\/fr\/wp-json\/wp\/v2\/tags?post=65806"}],"curies":[{"name":"wp","href":"https:\/\/api.w.org\/{rel}","templated":true}]}}