{"id":658066,"date":"2026-01-12T09:57:11","date_gmt":"2026-01-12T09:57:11","guid":{"rendered":"https:\/\/www.europesays.com\/fr\/658066\/"},"modified":"2026-01-12T09:57:11","modified_gmt":"2026-01-12T09:57:11","slug":"finances-lepargne-des-francais-atteint-des-records-actualites","status":"publish","type":"post","link":"https:\/\/www.europesays.com\/fr\/658066\/","title":{"rendered":"Finances : l&rsquo;\u00e9pargne des Fran\u00e7ais atteint des records : Actualit\u00e9s"},"content":{"rendered":"<p class=\"lead \"><strong>Selon les derniers chiffres de la Banque de France, l\u2019\u00e9pargne des Fran\u00e7ais n\u2019a jamais \u00e9t\u00e9 aussi importante. Elle est environ deux fois sup\u00e9rieure au montant de la dette publique.<\/strong><\/p>\n<p class=\"lead \">L\u2019\u00e9pargne des Fran\u00e7ais, toujours plus importante\u2026 Selon les derniers chiffres disponibles de la Banque de France, l\u2019\u00e9pargne des m\u00e9nages en France s&rsquo;\u00e9levait \u00e0 la fin du mois de juin \u00e0 6 477,6 milliards d&rsquo;euros, rapporte <a href=\"https:\/\/www.bfmtv.com\/economie\/patrimoine\/placements-epargne\/elle-atteint-6-477-milliards-d-euros-soit-presque-deux-fois-le-montant-de-la-dette-publique-l-epargne-des-menages-francais-n-a-jamais-ete-aussi-elevee_AD-202601120156.html\" target=\"_blank\" rel=\"noopener\">BFMTV<\/a>. Et elle n\u2019a jamais \u00e9t\u00e9 aussi \u00e9lev\u00e9e. Cela repr\u00e9sente un montant deux fois sup\u00e9rieur \u00e0 celui de la dette publique. La somme totale de cette \u00e9pargne des Fran\u00e7ais est investie largement \u00e0 travers des assurances vie, actions cot\u00e9es, organismes de placement collectif (OPC), livrets r\u00e9glement\u00e9s, d\u00e9p\u00f4ts \u00e0 vue, etc.<\/p>\n<p class=\"lead \">Deux fois sup\u00e9rieure \u00e0 la dette publique et plus de trois fois sup\u00e9rieure \u00e0 l&rsquo;ensemble de la capitalisation boursi\u00e8re des entreprises du CAC40, la somme a augment\u00e9 de plus de 50 % au cours des dix derni\u00e8res ann\u00e9es, explique la Banque de France.<\/p>\n<p>Comment les Fran\u00e7ais \u00e9pargnent ?<\/p>\n<p class=\"lead \">Parmi les placements les plus populaires, on retrouve l&rsquo;assurance vie qui capte le plus d&rsquo;\u00e9pargne en France. Juste apr\u00e8s, on retrouve les actions non cot\u00e9es ou encore l\u2019argent li\u00e9 \u00e0 une activit\u00e9 d&rsquo;entrepreneur individuel ou via des placements.<\/p>\n<p class=\"lead \">En France, environ 20 millions de personnes disposent d&rsquo;une assurance vie, soit un capital moyen de plus de 100 000 euros par souscripteur, souvent dans plusieurs contrats.<\/p>\n<p class=\"lead \">Autre placement qui figure parmi les pr\u00e9f\u00e9r\u00e9s des Fran\u00e7ais, il y a le livret A. 57 millions de Fran\u00e7ais en ont un. Au total, les Fran\u00e7ais ont \u00e9pargn\u00e9 438,9 milliards d&rsquo;euros \u00e0 la fin du mois de novembre selon le dernier pointage de la Caisse des D\u00e9p\u00f4ts.<\/p>\n<p class=\"lead \">De plus, une partie de l&rsquo;argent des m\u00e9nages n&rsquo;est pas investie ou plac\u00e9e. Il existe une r\u00e9serve qui dort sur les comptes courants et qui conna\u00eet une lente d\u00e9crue, mais elle reste sup\u00e9rieure \u00e0 l&rsquo;argent d\u00e9pos\u00e9 sur les livrets A avec 546 milliards d&rsquo;euros \u00e0 fin novembre, selon la Banque de France.<\/p>\n<p class=\"small font-weight-bold text-gray3 \"> publi\u00e9 le 12 janvier \u00e0 08h51, Myriam Bendjilali \/Pixabay<\/p>\n<p>                             Partager<\/p>\n","protected":false},"excerpt":{"rendered":"Selon les derniers chiffres de la Banque de France, l\u2019\u00e9pargne des Fran\u00e7ais n\u2019a jamais \u00e9t\u00e9 aussi importante. Elle&hellip;\n","protected":false},"author":2,"featured_media":658067,"comment_status":"","ping_status":"","sticky":false,"template":"","format":"standard","meta":{"footnotes":""},"categories":[6],"tags":[35,33,34,1011,27],"class_list":{"0":"post-658066","1":"post","2":"type-post","3":"status-publish","4":"format-standard","5":"has-post-thumbnail","7":"category-economie","8":"tag-business","9":"tag-economie","10":"tag-economy","11":"tag-fr","12":"tag-france"},"share_on_mastodon":{"url":"https:\/\/pubeurope.com\/@fr\/115881537946441260","error":""},"_links":{"self":[{"href":"https:\/\/www.europesays.com\/fr\/wp-json\/wp\/v2\/posts\/658066","targetHints":{"allow":["GET"]}}],"collection":[{"href":"https:\/\/www.europesays.com\/fr\/wp-json\/wp\/v2\/posts"}],"about":[{"href":"https:\/\/www.europesays.com\/fr\/wp-json\/wp\/v2\/types\/post"}],"author":[{"embeddable":true,"href":"https:\/\/www.europesays.com\/fr\/wp-json\/wp\/v2\/users\/2"}],"replies":[{"embeddable":true,"href":"https:\/\/www.europesays.com\/fr\/wp-json\/wp\/v2\/comments?post=658066"}],"version-history":[{"count":0,"href":"https:\/\/www.europesays.com\/fr\/wp-json\/wp\/v2\/posts\/658066\/revisions"}],"wp:featuredmedia":[{"embeddable":true,"href":"https:\/\/www.europesays.com\/fr\/wp-json\/wp\/v2\/media\/658067"}],"wp:attachment":[{"href":"https:\/\/www.europesays.com\/fr\/wp-json\/wp\/v2\/media?parent=658066"}],"wp:term":[{"taxonomy":"category","embeddable":true,"href":"https:\/\/www.europesays.com\/fr\/wp-json\/wp\/v2\/categories?post=658066"},{"taxonomy":"post_tag","embeddable":true,"href":"https:\/\/www.europesays.com\/fr\/wp-json\/wp\/v2\/tags?post=658066"}],"curies":[{"name":"wp","href":"https:\/\/api.w.org\/{rel}","templated":true}]}}