{"id":658070,"date":"2026-01-12T09:59:11","date_gmt":"2026-01-12T09:59:11","guid":{"rendered":"https:\/\/www.europesays.com\/fr\/658070\/"},"modified":"2026-01-12T09:59:11","modified_gmt":"2026-01-12T09:59:11","slug":"la-fin-dune-experimentation-lancee-en-grande-pompe","status":"publish","type":"post","link":"https:\/\/www.europesays.com\/fr\/658070\/","title":{"rendered":"La fin d\u2019une exp\u00e9rimentation lanc\u00e9e en grande pompe\u00a0?"},"content":{"rendered":"<p>C\u2019est une disparition qui n\u2019a pas fait beaucoup de tapage, ni connu d\u2019annonce officielle. Et qui n\u2019est d\u2019ailleurs pas encore certaine. Mais la poursuite de<a href=\"https:\/\/www.20minutes.fr\/societe\/4077637-20240226-uniforme-ecole-inegalites-violence-notes-disent-etudes-effets-tenue-unique\" class=\"c-link c-link--is-underlined\" target=\"_blank\" rel=\"noopener\"> l\u2019exp\u00e9rimentation de l\u2019uniforme \u00e0 l\u2019\u00e9cole<\/a>, voire sa g\u00e9n\u00e9ralisation, a du plomb dans l\u2019aile. Et tout porte \u00e0 croire que l\u2019Etat ne mettra plus d\u2019argent dans cette politique \u00e0 la rentr\u00e9e\u00a02026.<\/p>\n<p>Rembobinons\u00a0: c\u2019est le ministre de l\u2019<a href=\"https:\/\/www.20minutes.fr\/dossier\/education_nationale\" class=\"c-link c-link--is-underlined\" target=\"_blank\" rel=\"noopener\">Education nationale<\/a> de l\u2019\u00e9poque, Gabriel Attal, <a href=\"https:\/\/www.20minutes.fr\/societe\/4065586-20231206-uniforme-ecole-gabriel-attal-annonce-prochaine-experimentation-grande-ampleur\" class=\"c-link c-link--is-underlined\" target=\"_blank\" rel=\"noopener\">qui avait annonc\u00e9 fin\u00a02023<\/a> la prochaine mise en place d\u2019une \u00ab\u00a0exp\u00e9rimentation d\u2019ampleur\u00a0\u00bb sur le port de l\u2019uniforme \u00e0 l\u2019\u00e9cole, dans diverses collectivit\u00e9s locales, pour mesurer scientifiquement l\u2019efficacit\u00e9 d\u2019une telle mesure.<\/p>\n<\/p>\n<p>Pas de visibilit\u00e9 sur le soutien de l\u2019Etat<\/p>\n<p>Dans les faits, seule une centaine d\u2019\u00e9tablissements scolaires avaient rev\u00eatu l\u2019uniforme \u00e0 la rentr\u00e9e scolaire 2025, et <a href=\"https:\/\/www.20minutes.fr\/societe\/4076924-20240218-uniforme-ecole-seuls-87-etablissements-vont-finalement-tester-annonce-nicole-belloubet\" class=\"c-link c-link--is-underlined\" target=\"_blank\" rel=\"noopener\">environ 90 l\u2019ann\u00e9e pr\u00e9c\u00e9dente<\/a>. Mais elle a \u00e9t\u00e9 abandonn\u00e9e par certaines collectivit\u00e9s qui anticipaient un d\u00e9sengagement de l\u2019Etat accapar\u00e9 par d\u2019autres priorit\u00e9s budg\u00e9taires.<\/p>\n<p>\u00ab\u00a0Nous avons \u00e9t\u00e9 les premiers \u00e0 dire oui, nous avons financ\u00e9, nous avons exp\u00e9riment\u00e9 dans deux de nos lyc\u00e9es avec des tenues made in France\u00a0\u00bb, <a href=\"https:\/\/www.20minutes.fr\/societe\/4142129-20250306-uniforme-ecole-peine-porte-va-finir-placard\" class=\"c-link c-link--is-underlined\" target=\"_blank\" rel=\"noopener\">avan\u00e7ait en mars dernier le pr\u00e9sident de la r\u00e9gion Sud Provence-Alpes-C\u00f4te d&rsquo;Azur, Renaud Muselier<\/a>. \u00ab\u00a0Mais sans visibilit\u00e9 sur un \u00e9ventuel soutien de l\u2019\u00c9tat, il aurait \u00e9t\u00e9 irresponsable d\u2019engager 44\u00a0millions d\u2019euros, soit le prix d\u2019un lyc\u00e9e neuf, pour une g\u00e9n\u00e9ralisation dans tous nos lyc\u00e9es r\u00e9gionaux.\u00a0\u00bb<\/p>\n<p>Pas de ligne budg\u00e9taire<\/p>\n<p>Les d\u00e9bats sur le budget 2026 sont venus mettre un autre coup de massue au projet. Dans le texte discut\u00e9 jusqu\u2019au 19\u00a0d\u00e9cembre 2025, les cr\u00e9dits pour l\u2019uniforme avaient quasiment disparu, en m\u00eame temps que la quasi-totalit\u00e9 <a href=\"https:\/\/www.education.gouv.fr\/conseil-national-de-la-refondation-notre-ecole-faisons-la-ensemble-343168\" target=\"_blank\" class=\"c-link c-link--is-underlined\" rel=\"noopener\">du programme \u00e9ducatif du Conseil national de la refondation<\/a>, dont ils d\u00e9pendaient. Certes, ce projet de budget n\u2019a finalement pas \u00e9t\u00e9 vot\u00e9, et <a href=\"https:\/\/www.20minutes.fr\/politique\/4193000-20251223-zero-vote-contre-assemblee-nationale-adopte-loi-speciale-budget-ultime-roue-secours\" class=\"c-link c-link--is-underlined\" target=\"_blank\" rel=\"noopener\">a \u00e9t\u00e9 remplac\u00e9 \u00e0 la fin de l\u2019ann\u00e9e par une loi sp\u00e9ciale<\/a>, qui assure tout juste la continuit\u00e9 de l\u2019Etat. Mais de l\u2019avis des sp\u00e9cialistes, on voit mal la ligne budg\u00e9taire sur l\u2019uniforme refaire surface.<\/p>\n<p>\u00ab\u00a0Je ne donne pas cher de la poursuite de l\u2019aventure m\u00eame si rien n\u2019est annonc\u00e9 officiellement\u00a0\u00bb, indique Sophie V\u00e9n\u00e9titay, secr\u00e9taire g\u00e9n\u00e9rale du Snes-FSU. \u00ab\u00a0Rien n\u2019a \u00e9t\u00e9 officiellement annonc\u00e9\u00a0\u00bb, l\u00e2che seulement de son c\u00f4t\u00e9 le service de communication du minist\u00e8re de l\u2019Education nationale.<\/p>\n<p>Adultisme<\/p>\n<p>A gauche, nombreux sont ceux qui se r\u00e9jouissent de la fin possible de cette exp\u00e9rimentation. \u00ab\u00a0C\u2019est une excellente chose de cesser de dilapider des sous pour des lubies alors que nous avons les classes les plus charg\u00e9es d\u2019Europe avec les enseignants et enseignantes parmi les moins bien pay\u00e9es et avec des accompagnants d\u2019\u00e9l\u00e8ves en situation de handicap (AESH) sans statut et sous-pay\u00e9es\u00a0\u00bb, commente Arnaud Bonnet, d\u00e9put\u00e9 LFI et ancien professeur.<\/p>\n<p>\u00ab\u00a0A Metz, en deux ans d\u2019exp\u00e9rimentation, le conseil municipal des enfants n\u2019a jamais \u00e9t\u00e9 consult\u00e9<a href=\"https:\/\/www.lemonde.fr\/idees\/article\/2025\/12\/19\/l-experimentation-de-l-uniforme-a-l-ecole-s-est-faite-au-mepris-de-la-liberte-des-enfants_6658638_3232.html\" target=\"_blank\" class=\"c-link c-link--is-underlined\" rel=\"noopener\">, indiquait pour sa part dans une tribune Denis Marchetti, conseiller municipal (Les Ecologistes) de la ville<\/a>. Comment ne pas voir que l\u2019exp\u00e9rimentation de l\u2019uniforme, cet habit unique et obligatoire impos\u00e9 aux enfants au m\u00e9pris total de leur libert\u00e9 vestimentaire, et donc de leur libert\u00e9 d\u2019expression, a \u00e9t\u00e9 un r\u00e9v\u00e9lateur flagrant de l\u2019adultisme* structurel de notre soci\u00e9t\u00e9\u00a0?\u00a0\u00bb<\/p>\n<p>L\u2019id\u00e9e de l\u2019uniforme fut lanc\u00e9e \u00ab\u00a0en\u00a01793 par l\u2019aile la plus r\u00e9volutionnaire, \u00e9galitariste et universaliste des repr\u00e9sentants du peuple\u00a0\u00bb, <a href=\"https:\/\/www.lemonde.fr\/idees\/article\/2026\/01\/04\/l-europe-continentale-est-la-seule-zone-geographique-au-monde-ou-l-uniforme-scolaire-n-est-pas-la-norme_6660501_3232.html\" target=\"_blank\" class=\"c-link c-link--is-underlined\" rel=\"noopener\">lui r\u00e9torque le sociologue Jean-Claude Kaufmann<\/a>. \u00ab\u00a0Et c\u2019est pour sa fonction sociale et inclusive en direction des plus modestes qu\u2019il est majoritairement pl\u00e9biscit\u00e9 dans le monde aujourd\u2019hui\u00a0\u00bb, ajoute l\u2019universitaire. Quand bien m\u00eame l\u2019exp\u00e9rimentation s\u2019arr\u00eaterait \u00e0 la rentr\u00e9e\u00a02026, le sujet n\u2019a pas fini de faire couler de l\u2019encre.<\/p>\n<p>* d\u00e9fini comme \u00ab\u00a0le pouvoir physique et l\u00e9gal que les adultes ont sur les enfants, fond\u00e9 sur la croyance en une inf\u00e9riorit\u00e9 naturelle des mineurs\u00a0\u00bb<\/p>\n","protected":false},"excerpt":{"rendered":"C\u2019est une disparition qui n\u2019a pas fait beaucoup de tapage, ni connu d\u2019annonce officielle. Et qui n\u2019est d\u2019ailleurs&hellip;\n","protected":false},"author":2,"featured_media":658071,"comment_status":"","ping_status":"","sticky":false,"template":"","format":"standard","meta":{"footnotes":""},"categories":[4],"tags":[47,11,1124,1122,5760,1057,1126,1121,847,1011,27,2633,12,25,104,21127],"class_list":{"0":"post-658070","1":"post","2":"type-post","3":"status-publish","4":"format-standard","5":"has-post-thumbnail","7":"category-france","8":"tag-actualite","9":"tag-actualites","10":"tag-college","11":"tag-ecole","12":"tag-ecole-publique","13":"tag-education","14":"tag-education-nationale","15":"tag-eleves","16":"tag-enfant","17":"tag-fr","18":"tag-france","19":"tag-lycee","20":"tag-news","21":"tag-republique-francaise","22":"tag-societe","23":"tag-uniforme"},"share_on_mastodon":{"url":"https:\/\/pubeurope.com\/@fr\/115881545824632112","error":""},"_links":{"self":[{"href":"https:\/\/www.europesays.com\/fr\/wp-json\/wp\/v2\/posts\/658070","targetHints":{"allow":["GET"]}}],"collection":[{"href":"https:\/\/www.europesays.com\/fr\/wp-json\/wp\/v2\/posts"}],"about":[{"href":"https:\/\/www.europesays.com\/fr\/wp-json\/wp\/v2\/types\/post"}],"author":[{"embeddable":true,"href":"https:\/\/www.europesays.com\/fr\/wp-json\/wp\/v2\/users\/2"}],"replies":[{"embeddable":true,"href":"https:\/\/www.europesays.com\/fr\/wp-json\/wp\/v2\/comments?post=658070"}],"version-history":[{"count":0,"href":"https:\/\/www.europesays.com\/fr\/wp-json\/wp\/v2\/posts\/658070\/revisions"}],"wp:featuredmedia":[{"embeddable":true,"href":"https:\/\/www.europesays.com\/fr\/wp-json\/wp\/v2\/media\/658071"}],"wp:attachment":[{"href":"https:\/\/www.europesays.com\/fr\/wp-json\/wp\/v2\/media?parent=658070"}],"wp:term":[{"taxonomy":"category","embeddable":true,"href":"https:\/\/www.europesays.com\/fr\/wp-json\/wp\/v2\/categories?post=658070"},{"taxonomy":"post_tag","embeddable":true,"href":"https:\/\/www.europesays.com\/fr\/wp-json\/wp\/v2\/tags?post=658070"}],"curies":[{"name":"wp","href":"https:\/\/api.w.org\/{rel}","templated":true}]}}