{"id":658074,"date":"2026-01-12T10:01:30","date_gmt":"2026-01-12T10:01:30","guid":{"rendered":"https:\/\/www.europesays.com\/fr\/658074\/"},"modified":"2026-01-12T10:01:30","modified_gmt":"2026-01-12T10:01:30","slug":"vol-a-larrache-a-unieux-un-suspect-interpelle-grace-a-ladn","status":"publish","type":"post","link":"https:\/\/www.europesays.com\/fr\/658074\/","title":{"rendered":"Vol \u00e0 l\u2019arrach\u00e9 \u00e0 Unieux : un suspect interpell\u00e9 gr\u00e2ce \u00e0 l\u2019ADN"},"content":{"rendered":"<p>Un homme de 31 ans a \u00e9t\u00e9 interpell\u00e9 d\u00e9but janvier \u00e0 Unieux apr\u00e8s le vol du collier d\u2019une femme de 85 ans, survenu en septembre dernier. L\u2019enqu\u00eate men\u00e9e par les policiers de l\u2019Ondaine a permis de l\u2019identifier gr\u00e2ce \u00e0 des traces ADN laiss\u00e9es sur le bijou de la victime.<\/p>\n<p>Le 11 septembre 2025, vers 10 heures, une habitante d\u2019Unieux \u00e2g\u00e9e de 85 ans rentrait chez elle lorsqu\u2019elle a \u00e9t\u00e9 suivie dans son immeuble par un homme. Ce dernier a pr\u00e9text\u00e9 devoir rendre visite \u00e0 un r\u00e9sident pour p\u00e9n\u00e9trer dans les lieux. Il est alors mont\u00e9 avec la victime dans l\u2019ascenseur.<\/p>\n<p>Au moment o\u00f9 les portes se refermaient, l\u2019individu a brusquement arrach\u00e9 le collier en or de l\u2019octog\u00e9naire. Il a \u00e9galement tent\u00e9 de lui d\u00e9rober son bracelet, sans y parvenir, avant de prendre la fuite \u00e0 pied.\u00a0<\/p>\n<p>L\u2019enqu\u00eate a \u00e9t\u00e9 confi\u00e9e aux policiers du commissariat de l\u2019Ondaine. Les investigations ont permis de retrouver des traces ADN sur le bracelet touch\u00e9 par l\u2019agresseur. Le profil g\u00e9n\u00e9tique correspondait \u00e0 celui d\u2019un homme d\u00e9j\u00e0 connu des services de police et enregistr\u00e9 dans les fichiers.<\/p>\n<p>Le suspect, \u00e2g\u00e9 de 31 ans et en situation irr\u00e9guli\u00e8re sur le territoire fran\u00e7ais, a \u00e9t\u00e9 interpell\u00e9 \u00e0 son domicile par la brigade anti-criminalit\u00e9 le 6 janvier dernier. Les v\u00e9rifications ont confirm\u00e9 sa pr\u00e9sence sur les lieux au moment des faits. Il a \u00e9t\u00e9 pr\u00e9sent\u00e9 \u00e0 un magistrat ce vendredi 9 janvier.<\/p>\n<p>\u00a0<\/p>\n<p>B. Maestracci<\/p>\n","protected":false},"excerpt":{"rendered":"Un homme de 31 ans a \u00e9t\u00e9 interpell\u00e9 d\u00e9but janvier \u00e0 Unieux apr\u00e8s le vol du collier d\u2019une&hellip;\n","protected":false},"author":2,"featured_media":658075,"comment_status":"","ping_status":"","sticky":false,"template":"","format":"standard","meta":{"footnotes":""},"categories":[9653],"tags":[1111,11,2430,1777,674,1011,27,12,25,4001],"class_list":{"0":"post-658074","1":"post","2":"type-post","3":"status-publish","4":"format-standard","5":"has-post-thumbnail","7":"category-saint-etienne","8":"tag-actu","9":"tag-actualites","10":"tag-auvergne-rhone-alpes","11":"tag-eu","12":"tag-europe","13":"tag-fr","14":"tag-france","15":"tag-news","16":"tag-republique-francaise","17":"tag-saint-etienne"},"share_on_mastodon":{"url":"https:\/\/pubeurope.com\/@fr\/115881553697853438","error":""},"_links":{"self":[{"href":"https:\/\/www.europesays.com\/fr\/wp-json\/wp\/v2\/posts\/658074","targetHints":{"allow":["GET"]}}],"collection":[{"href":"https:\/\/www.europesays.com\/fr\/wp-json\/wp\/v2\/posts"}],"about":[{"href":"https:\/\/www.europesays.com\/fr\/wp-json\/wp\/v2\/types\/post"}],"author":[{"embeddable":true,"href":"https:\/\/www.europesays.com\/fr\/wp-json\/wp\/v2\/users\/2"}],"replies":[{"embeddable":true,"href":"https:\/\/www.europesays.com\/fr\/wp-json\/wp\/v2\/comments?post=658074"}],"version-history":[{"count":0,"href":"https:\/\/www.europesays.com\/fr\/wp-json\/wp\/v2\/posts\/658074\/revisions"}],"wp:featuredmedia":[{"embeddable":true,"href":"https:\/\/www.europesays.com\/fr\/wp-json\/wp\/v2\/media\/658075"}],"wp:attachment":[{"href":"https:\/\/www.europesays.com\/fr\/wp-json\/wp\/v2\/media?parent=658074"}],"wp:term":[{"taxonomy":"category","embeddable":true,"href":"https:\/\/www.europesays.com\/fr\/wp-json\/wp\/v2\/categories?post=658074"},{"taxonomy":"post_tag","embeddable":true,"href":"https:\/\/www.europesays.com\/fr\/wp-json\/wp\/v2\/tags?post=658074"}],"curies":[{"name":"wp","href":"https:\/\/api.w.org\/{rel}","templated":true}]}}