{"id":658078,"date":"2026-01-12T10:04:10","date_gmt":"2026-01-12T10:04:10","guid":{"rendered":"https:\/\/www.europesays.com\/fr\/658078\/"},"modified":"2026-01-12T10:04:10","modified_gmt":"2026-01-12T10:04:10","slug":"cci-formation-eesc-portes-ouvertes-au-campus-nancy-laxou-le-24-janvier-2026","status":"publish","type":"post","link":"https:\/\/www.europesays.com\/fr\/658078\/","title":{"rendered":"CCI Formation EESC : portes ouvertes au campus Nancy-Laxou le 24 janvier 2026"},"content":{"rendered":"<p>Qu\u2019est-ce que CCI Formation\u00a0?<\/p>\n<p>Marie-No\u00eblle Harmand, directrice d\u00e9l\u00e9gu\u00e9e adjointe\u00a0: CCI Formation est la filiale formation de la CCI Grand Nancy M\u00e9tropole Meurthe-et-Mo-selle. Pr\u00e9sents depuis pr\u00e8s de 50\u00a0ans sur le territoire, nous sommes au-jourd\u2019hui le deuxi\u00e8me organisme de formation apr\u00e8s l\u2019\u00c9ducation natio-nale. Notre nouveau campus a \u00e9t\u00e9 pens\u00e9 pour offrir un environnement moderne et qualitatif aux apprenants. Mais au-del\u00e0 des infrastructures, notre priorit\u00e9 reste l\u2019accompagne-ment des publics et la construction de parcours de formation utiles, en prise directe avec les besoins des en-treprises et les \u00e9volutions du monde du travail.<\/p>\n<p>Quelles prestations proposez-vous ?<\/p>\n<p>M-N. H.\u00a0 : Notre c\u0153ur de m\u00e9tier repose sur l\u2019alternance, un savoir-faire largement reconnu par les entreprises. Mais notre action va bien au-del\u00e0. Nous accompa-gnons les personnes tout au long de la vie, \u00e0 travers la formation profes-sionnelle continue et le Conseil en \u00c9volution Professionnelle (CEP), qui est un service public. Cette approche globale nous permet d\u2019intervenir \u00e0 chaque \u00e9tape du parcours\u00a0: orienta-tion, insertion, mont\u00e9e en comp\u00e9-tences, reconversion. La vocation de CCI Formation est d\u2019aider chacun \u00e0 acqu\u00e9rir et d\u00e9velopper ses comp\u00e9-tences, pour obtenir un dipl\u00f4me, apprendre un m\u00e9tier et s\u00e9curiser durablement son parcours profes-sionnel. L\u2019accompagnement \u00e0 la for-mation fait partie de notre ADN de-puis pr\u00e8s de 50\u00a0ans.<\/p>\n<p>Quelle place occupe chaque type de formation\u00a0?<\/p>\n<p>Linda Bencherif, responsable for-mation continue\u00a0: Aux c\u00f4t\u00e9s de l\u2019al-ternance et de la formation initiale, qui accompagnent les jeunes au d\u00e9-but de leur vie professionnelle, du CAP au Bac\u00a0+5, nous accordons une importance majeure \u00e0 la formation continue. Elle est aujourd\u2019hui essen-tielle pour les particuliers comme pour les entreprises. Selon l\u2019OCDE*, la dur\u00e9e de vie moyenne d\u2019une com-p\u00e9tence est pass\u00e9e de 30\u00a0ans \u00e0 seu-lement deux ans. Cela illustre \u00e0 quel point se former tout au long de la vie est devenu indispensable. CCI Formation accompagne ainsi les salari\u00e9s, les ind\u00e9pendants, les\u00a0demandeurs d\u2019emploi et les per-sonnes en reconversion, avec des formations longues ou courtes, adapt\u00e9es aux besoins de chacun. Nous nous appuyons notamment sur les Certificats de Comp\u00e9tences en Entreprise (CCE) d\u00e9livr\u00e9s par le r\u00e9seau des CCI, qui permettent de certifier rapidement des comp\u00e9-tences cl\u00e9s. Ces parcours courts, souvent structur\u00e9s sur cinq jours, portent sur des domaines strat\u00e9-giques comme le management, la gestion, la conduite de projet ou en-core l\u2019intelligence artificielle. CCI Formation peut \u00e9galement in-tervenir de mani\u00e8re cibl\u00e9e, en r\u00e9-ponse \u00e0 des besoins sp\u00e9cifiques du territoire. \u00c0 titre d\u2019exemple, une ac-tion courte d\u00e9di\u00e9e aux seniors per-met actuellement de travailler des leviers utiles \u00e0 leur \u00e9volution pro-fessionnelle, tout en favorisant la remobilisation et la confiance dans la suite de leur parcours.<\/p>\n<p>Chiffres cl\u00e9s<\/p>\n<p>900 \u00e0 1 000 alternants par an dans 6 fili\u00e8res cl\u00e9s : assurance ; QHSE ; restauration ; gestion RH et management ; commerce vente ; communication marketing et digital. 15 000 \u00e0 20 000 personnes accompagn\u00e9es par an en formation continue et CEP.<\/p>\n<p>1\u00a0700 entreprises partenaires.<\/p>\n<p>50\u00a0ans d\u2019expertise au service des salari\u00e9s, particuliers et entreprises.<\/p>\n<p>3 campus en Meurthe-et-Moselle, dont 1 nouveau \u00e0 Nancy\u2014 Laxou (4\u00a0200\u00a0m\u00b2, parking gratuit).<\/p>\n<p>Pourquoi choisir \u00a0CCI Formation ?<\/p>\n<p>L. B.\u00a0: L\u2019humain est au c\u0153ur de toutes nos actions. Quel que soit le besoin, le public ou le mode de financement, CCI Formation s\u2019adapte et construit des solutions sur mesure pour faire de chaque projet une r\u00e9ussite. Pre-mier r\u00e9seau de formation en France, nous s\u00e9lectionnons nos formateurs aussi bien pour leur expertise m\u00e9-tier que pour leurs comp\u00e9tences p\u00e9dagogiques.<\/p>\n<p>Quel est votre prochain temps fort\u00a0?<\/p>\n<p>M-N. H.\u00a0: Notre prochain temps fort sera la journ\u00e9e portes ouvertes du samedi\u00a024\u00a0janvier. \u00c0 cette occasion, nos \u00e9quipes seront pleinement mobi-lis\u00e9es pour accueillir et accompagner l\u2019ensemble des jeunes visiteurs sur nos formations dipl\u00f4mantes en alternance ou initiales.<br \/>En compl\u00e9ment des informations sur\u00a0l\u2019alternance, un stand \u00ab \u00e9volution et reconversion pro \u00bb permettra d\u2019orien-ter chaque visiteur vers les parcours de formation, les certifications et les solutions de financement adapt\u00e9es \u00e0 sa situation. Nos conseillers seront pr\u00e9sents pour accompagner tous les publics, expliquer les dispositifs exis-tants et faire conna\u00eetre des leviers parfois m\u00e9connus, comme l\u2019abonde-ment du CPF, y compris pour les se-niors. Venez nombreux \u00e9changer avec nos \u00e9quipes.<\/p>\n<p>*L\u2019OCDE est l\u2019Organisation de coo-p\u00e9ration et de d\u00e9veloppement \u00e9conomiques<\/p>\n<p>En savoir plus\u00a0<\/p>\n<p><a href=\"http:\/\/cciformation-eesc.fr\" target=\"_blank\" rel=\"noopener\">cciformation-eesc.fr <\/a><\/p>\n<p>03 83 95 36 00<\/p>\n<p>Journ\u00e9e portes ouvertes samedi 24 jenvier, 9h \u00e0 17h\u00a0au 14 Rue du Mouzon \u00e0 Laxou<\/p>\n<p>Au programme de cette journ\u00e9e gratuite : d\u00e9couverte campus et formations, coaching orientation, CV vid\u00e9o et test entretien avec l\u2019IA, \u00e9change avec les \u00e9quipes p\u00e9dagogiques\u2026<\/p>\n","protected":false},"excerpt":{"rendered":"Qu\u2019est-ce que CCI Formation\u00a0? Marie-No\u00eblle Harmand, directrice d\u00e9l\u00e9gu\u00e9e adjointe\u00a0: CCI Formation est la filiale formation de la CCI&hellip;\n","protected":false},"author":2,"featured_media":658079,"comment_status":"","ping_status":"","sticky":false,"template":"","format":"standard","meta":{"footnotes":""},"categories":[9635],"tags":[1111,11,1777,674,1011,27,775,1702,12,25],"class_list":{"0":"post-658078","1":"post","2":"type-post","3":"status-publish","4":"format-standard","5":"has-post-thumbnail","7":"category-nancy","8":"tag-actu","9":"tag-actualites","10":"tag-eu","11":"tag-europe","12":"tag-fr","13":"tag-france","14":"tag-grand-est","15":"tag-nancy","16":"tag-news","17":"tag-republique-francaise"},"share_on_mastodon":{"url":"https:\/\/pubeurope.com\/@fr\/115881565574785837","error":""},"_links":{"self":[{"href":"https:\/\/www.europesays.com\/fr\/wp-json\/wp\/v2\/posts\/658078","targetHints":{"allow":["GET"]}}],"collection":[{"href":"https:\/\/www.europesays.com\/fr\/wp-json\/wp\/v2\/posts"}],"about":[{"href":"https:\/\/www.europesays.com\/fr\/wp-json\/wp\/v2\/types\/post"}],"author":[{"embeddable":true,"href":"https:\/\/www.europesays.com\/fr\/wp-json\/wp\/v2\/users\/2"}],"replies":[{"embeddable":true,"href":"https:\/\/www.europesays.com\/fr\/wp-json\/wp\/v2\/comments?post=658078"}],"version-history":[{"count":0,"href":"https:\/\/www.europesays.com\/fr\/wp-json\/wp\/v2\/posts\/658078\/revisions"}],"wp:featuredmedia":[{"embeddable":true,"href":"https:\/\/www.europesays.com\/fr\/wp-json\/wp\/v2\/media\/658079"}],"wp:attachment":[{"href":"https:\/\/www.europesays.com\/fr\/wp-json\/wp\/v2\/media?parent=658078"}],"wp:term":[{"taxonomy":"category","embeddable":true,"href":"https:\/\/www.europesays.com\/fr\/wp-json\/wp\/v2\/categories?post=658078"},{"taxonomy":"post_tag","embeddable":true,"href":"https:\/\/www.europesays.com\/fr\/wp-json\/wp\/v2\/tags?post=658078"}],"curies":[{"name":"wp","href":"https:\/\/api.w.org\/{rel}","templated":true}]}}