{"id":658093,"date":"2026-01-12T10:17:10","date_gmt":"2026-01-12T10:17:10","guid":{"rendered":"https:\/\/www.europesays.com\/fr\/658093\/"},"modified":"2026-01-12T10:17:10","modified_gmt":"2026-01-12T10:17:10","slug":"retards-et-suppressions-de-trains-le-trafic-perturbe-entre-rennes-et-saint-malo-ce-lundi-matin","status":"publish","type":"post","link":"https:\/\/www.europesays.com\/fr\/658093\/","title":{"rendered":"Retards et suppressions de trains\u00a0: le trafic perturb\u00e9 entre Rennes et Saint-Malo ce lundi matin"},"content":{"rendered":"<p>Mauvaise surprise pour les usagers des trains entre Rennes et Saint-Malo (Ille-et-Vilaine) ce lundi matin 12\u00a0janvier 2026. Un incident technique emp\u00eachait les barri\u00e8res d\u2019un passage \u00e0 niveau de se relever \u00e0 Betton, pr\u00e8s de Rennes. Plusieurs trains, dont le premier Rennes &#8211; Saint-Malo \u00e0 6\u00a0h\u00a031, ainsi que ceux vers Montreuil-sur-Ille, ont d\u00fb \u00eatre supprim\u00e9s. D\u2019autres accusaient un retard de plusieurs dizaines de minutes.<\/p>\n<p>\n                Nous avons bloqu\u00e9 l\u2019affichage de ce contenu pour respecter vos choix en mati\u00e8re de cookies.<br \/>En cliquant sur \u00abConsulter\u00bb, vous acceptez le d\u00e9p\u00f4t de cookies par des services de r\u00e9seaux sociaux tels que Twitter.<br \/>\n                Consulter\n            <\/p>\n<blockquote class=\"twitter-tweet\" wp_automatic_readability=\"4.7391304347826\">\n<p lang=\"fr\" dir=\"ltr\">?<a href=\"https:\/\/twitter.com\/hashtag\/RennesStMalo?src=hash&amp;ref_src=twsrc%5Etfw\" target=\"_blank\" rel=\"noopener\">#RennesStMalo<\/a> 06h31??07h32<br \/>?? Ce train a \u00e9t\u00e9 supprim\u00e9<br \/>? Report TER 854305, d\u00e9part 07h01<\/p>\n<p>\u2014 TER BreizhGo (@TERBreizhGo) <a href=\"https:\/\/twitter.com\/TERBreizhGo\/status\/2010594273922879994?ref_src=twsrc%5Etfw\" target=\"_blank\" rel=\"noopener\">January 12, 2026<\/a><\/p><\/blockquote>\n<p>De quoi contrarier les trajets de centaines de voyageurs \u00e0 l\u2019heure de pointe. \u00c0 8\u00a0h, la SNCF indiquait que le probl\u00e8me technique \u00e9tait r\u00e9par\u00e9 sur le passage \u00e0 niveau. Le trafic allait ainsi pouvoir reprendre normalement.<\/p>\n<p>D\u2019importants travaux men\u00e9s la nuit<\/p>\n<p>Jusqu\u2019en mai\u00a02026, la ligne de train Rennes &#8211; Saint-Malo conna\u00eet <a href=\"https:\/\/rennes.maville.com\/actu\/actudet_--un-gros-chantier-sur-21-km-c-est-quoi-ces-travaux-sur-les-voies-ferrees-et-passages-a-niveau-au-nord-de-rennes-_7-7138951_actu.Htm\" rel=\"nofollow noopener\" target=\"_blank\">d\u2019importants travaux r\u00e9alis\u00e9s la nuit<\/a>, entre Rennes et Saint-Germain-sur-Ille. Ils consistent \u00e0 la modernisation des voies, et sont normalement sans cons\u00e9quence pour les voyageurs.<\/p>\n<p>\u00a0<\/p>\n<p>\t\t<script async src=\"https:\/\/platform.twitter.com\/widgets.js\" charset=\"utf-8\"><\/script><\/p>\n","protected":false},"excerpt":{"rendered":"Mauvaise surprise pour les usagers des trains entre Rennes et Saint-Malo (Ille-et-Vilaine) ce lundi matin 12\u00a0janvier 2026. Un&hellip;\n","protected":false},"author":2,"featured_media":658094,"comment_status":"","ping_status":"","sticky":false,"template":"","format":"standard","meta":{"footnotes":""},"categories":[2821],"tags":[1111,11,829,1777,674,1011,27,9865,4659,12,9777,3086,584,25,14729,3728,66423,1097,5811],"class_list":{"0":"post-658093","1":"post","2":"type-post","3":"status-publish","4":"format-standard","5":"has-post-thumbnail","7":"category-rennes","8":"tag-actu","9":"tag-actualites","10":"tag-bretagne","11":"tag-eu","12":"tag-europe","13":"tag-fr","14":"tag-france","15":"tag-lundi","16":"tag-matin","17":"tag-news","18":"tag-perturbe","19":"tag-redon","20":"tag-rennes","21":"tag-republique-francaise","22":"tag-retards","23":"tag-saint-malo","24":"tag-suppressions","25":"tag-trafic","26":"tag-trains"},"share_on_mastodon":{"url":"https:\/\/pubeurope.com\/@fr\/115881616758949929","error":""},"_links":{"self":[{"href":"https:\/\/www.europesays.com\/fr\/wp-json\/wp\/v2\/posts\/658093","targetHints":{"allow":["GET"]}}],"collection":[{"href":"https:\/\/www.europesays.com\/fr\/wp-json\/wp\/v2\/posts"}],"about":[{"href":"https:\/\/www.europesays.com\/fr\/wp-json\/wp\/v2\/types\/post"}],"author":[{"embeddable":true,"href":"https:\/\/www.europesays.com\/fr\/wp-json\/wp\/v2\/users\/2"}],"replies":[{"embeddable":true,"href":"https:\/\/www.europesays.com\/fr\/wp-json\/wp\/v2\/comments?post=658093"}],"version-history":[{"count":0,"href":"https:\/\/www.europesays.com\/fr\/wp-json\/wp\/v2\/posts\/658093\/revisions"}],"wp:featuredmedia":[{"embeddable":true,"href":"https:\/\/www.europesays.com\/fr\/wp-json\/wp\/v2\/media\/658094"}],"wp:attachment":[{"href":"https:\/\/www.europesays.com\/fr\/wp-json\/wp\/v2\/media?parent=658093"}],"wp:term":[{"taxonomy":"category","embeddable":true,"href":"https:\/\/www.europesays.com\/fr\/wp-json\/wp\/v2\/categories?post=658093"},{"taxonomy":"post_tag","embeddable":true,"href":"https:\/\/www.europesays.com\/fr\/wp-json\/wp\/v2\/tags?post=658093"}],"curies":[{"name":"wp","href":"https:\/\/api.w.org\/{rel}","templated":true}]}}