{"id":658101,"date":"2026-01-12T10:21:11","date_gmt":"2026-01-12T10:21:11","guid":{"rendered":"https:\/\/www.europesays.com\/fr\/658101\/"},"modified":"2026-01-12T10:21:11","modified_gmt":"2026-01-12T10:21:11","slug":"jeremie-boga-et-terem-moffi-reclament-la-resiliation-de-leur-contrat-avec-logc-nice-aupres-de-la-lfp","status":"publish","type":"post","link":"https:\/\/www.europesays.com\/fr\/658101\/","title":{"rendered":"J\u00e9r\u00e9mie Boga et Terem Moffi r\u00e9clament la r\u00e9siliation de leur contrat avec l\u2019OGC Nice aupr\u00e8s de la LFP"},"content":{"rendered":"<p>La crise automnale de l\u2019<a href=\"https:\/\/www.20minutes.fr\/sport\/ogc_nice\/\" class=\"c-link c-link--is-underlined\" target=\"_blank\" rel=\"noopener\">OGC Nice<\/a> est d\u00e9cid\u00e9ment un feuilleton comprenant de nombreux rebondissements. Apr\u00e8s le <a href=\"https:\/\/www.20minutes.fr\/sport\/football\/ligue-1\/4192464-20251219-ogc-nice-mal-profond-retour-jean-pierre-rivere-gym-espere-sortir-crise\" class=\"c-link c-link--is-underlined\" target=\"_blank\" rel=\"noopener\">changement \u00e0 la pr\u00e9sidence du club<\/a> (Jean-Pierre Riv\u00e8re et Maurice Cohen \u00e0 la place de Fabrice Bocquet) puis celui d\u2019entra\u00eeneur (<a href=\"https:\/\/www.20minutes.fr\/sport\/football\/ligue-1\/4193552-20251229-ligue-1-claude-puel-retour-nice-pompier-service-officiel\" class=\"c-link c-link--is-underlined\" target=\"_blank\" rel=\"noopener\">Claude Puel a remplac\u00e9 Franck Haise<\/a>), est-on sur le point de conna\u00eetre le d\u00e9nouement des cas J\u00e9r\u00e9mie Boga et Terem Moffi\u00a0?<\/p>\n<p>Les deux attaquants du Gym avaient \u00e9t\u00e9 les principales cibles du <a href=\"https:\/\/www.20minutes.fr\/sport\/football\/4189145-20251202-ligue-1-florian-maurice-exfiltre-hagard-coups-situation-explosive-ogc-nice\" class=\"c-link c-link--is-underlined\" target=\"_blank\" rel=\"noopener\">houleux retour au centre d\u2019entra\u00eenement de Nice<\/a>, le 30\u00a0novembre apr\u00e8s une \u00e9ni\u00e8me d\u00e9faite \u00e0 Lorient (3-1). Selon leur version agress\u00e9s par des supporteurs ce soir-l\u00e0 (insultes, crachats et coups subis), J\u00e9r\u00e9mie Boga et Terem Moffi avaient port\u00e9 plainte contre X le 1er\u00a0d\u00e9cembre, et ils sont depuis en arr\u00eat de travail. Soutenus par la direction du club au moment des faits, les deux joueurs internationaux ne semblent pas sur le chemin de la reprise avec les Aiglons.<\/p>\n<\/p>\n<p>Un \u00e9pineux dossier a priori examin\u00e9 jeudi \u00e0 la LFP<\/p>\n<p><a href=\"https:\/\/www.lequipe.fr\/Football\/Article\/Apres-leur-agression-par-des-supporters-jeremie-boga-et-terem-moffi-ont-saisi-la-ligue-pour-demander-la-resiliation-de-leur-contrat\/1632827\" target=\"_blank\" class=\"c-link c-link--is-underlined\" rel=\"noopener\">L\u2019Equipe r\u00e9v\u00e8le m\u00eame ce lundi<\/a> qu\u2019ils ont saisi la commission juridique de la <a href=\"https:\/\/www.20minutes.fr\/sport\/lfp\/\" class=\"c-link c-link--is-underlined\" target=\"_blank\" rel=\"noopener\">LFP<\/a> pour demander la r\u00e9siliation de leur contrat (qui les lie au Gym jusqu\u2019en\u00a02027). Leur cas devrait y \u00eatre examin\u00e9 jeudi, alors que le nouveau (et ex) pr\u00e9sident du club Jean-Pierre Riv\u00e8re n\u2019a pas publiquement pris position sur le souhait de l\u2019OGC Nice \u00e0 leur sujet.<\/p>\n<p>Les m\u00e9decins ayant auscult\u00e9 J\u00e9r\u00e9mie Boga et Terem Moffi ont confirm\u00e9 ces derni\u00e8res semaines les s\u00e9quelles li\u00e9es \u00e0 cette chaotique fin de soir\u00e9e du 30\u00a0novembre. La saisine de la Ligue, par le biais des avocats des deux joueurs, a en tout cas \u00e9t\u00e9 valid\u00e9e.<\/p>\n<p>L\u2019UNFP r\u00e9fute l\u2019id\u00e9e de \u00ab\u00a0d\u00e9marches opportunistes\u00a0\u00bb<\/p>\n<p>\u00ab\u00a0Ce que nous constatons aujourd\u2019hui, c\u2019est qu\u2019il y a une rupture, indique aupr\u00e8s de L\u2019Equipe David Terrier, pr\u00e9sident de l\u2019Union nationale des footballeurs professionnels (<a href=\"https:\/\/www.20minutes.fr\/dossier\/unfp\" class=\"c-link c-link--is-underlined\" target=\"_blank\" rel=\"noopener\">UNFP<\/a>). Ce ne sont pas des d\u00e9marches opportunistes. Des professionnels de sant\u00e9 ont act\u00e9 que compte tenu de leur \u00e9tat, il fallait prolonger leurs arr\u00eats de travail. Les deux joueurs ne se sentent pas capables psychologiquement de rejouer \u00e0 Nice, il faut le respecter et trouver une solution.\u00a0\u00bb<\/p>\n<p><a href=\"https:\/\/www.20minutes.fr\/sport\/ogc_nice\/\" class=\"c-link c-btn c-btn--primary\" target=\"_blank\" rel=\"noopener\">Notre dossier sur l&rsquo;OGC Nice<\/a><\/p>\n<p>J\u00e9r\u00e9mie Boga et Terem Moffi souhaitent donc une r\u00e9siliation de leur contrat, et leurs avocats devraient mettre en avant jeudi les manquements du club pour assurer leur s\u00e9curit\u00e9 lors de la fameuse confrontation avec des supporteurs le 30\u00a0novembre. S\u2019ils obtiennent gain de cause, le pr\u00e9judice \u00e9conomique serait important pour l\u2019OGC Nice, qui avait d\u00e9bours\u00e9 25\u00a0millions d\u2019euros pour l\u2019avant-centre nig\u00e9rian en\u00a02022, puis 17,5 M\u20ac pour l\u2019ailier ivoirien en\u00a02023. L\u2019\u00e9pineuse proc\u00e9dure pourrait ensuite se poursuivre aux prud\u2019hommes ou par une conciliation entre les joueurs et le club.<\/p>\n","protected":false},"excerpt":{"rendered":"La crise automnale de l\u2019OGC Nice est d\u00e9cid\u00e9ment un feuilleton comprenant de nombreux rebondissements. Apr\u00e8s le changement \u00e0&hellip;\n","protected":false},"author":2,"featured_media":658102,"comment_status":"","ping_status":"","sticky":false,"template":"","format":"standard","meta":{"footnotes":""},"categories":[2819],"tags":[1111,11,1120,2898,1777,674,63,1011,27,2335,2330,66,12,2401,2268,883,882,25,517,1015,58399,809],"class_list":{"0":"post-658101","1":"post","2":"type-post","3":"status-publish","4":"format-standard","5":"has-post-thumbnail","7":"category-nice","8":"tag-actu","9":"tag-actualites","10":"tag-agression","11":"tag-alpes-maritimes","12":"tag-eu","13":"tag-europe","14":"tag-football","15":"tag-fr","16":"tag-france","17":"tag-insulte","18":"tag-lfp","19":"tag-ligue-1","20":"tag-news","21":"tag-nice","22":"tag-ogc-nice","23":"tag-paca","24":"tag-provence-alpes-cote-dazur","25":"tag-republique-francaise","26":"tag-sport","27":"tag-supporter","28":"tag-unfp","29":"tag-violence"},"share_on_mastodon":{"url":"https:\/\/pubeurope.com\/@fr\/115881632230697302","error":""},"_links":{"self":[{"href":"https:\/\/www.europesays.com\/fr\/wp-json\/wp\/v2\/posts\/658101","targetHints":{"allow":["GET"]}}],"collection":[{"href":"https:\/\/www.europesays.com\/fr\/wp-json\/wp\/v2\/posts"}],"about":[{"href":"https:\/\/www.europesays.com\/fr\/wp-json\/wp\/v2\/types\/post"}],"author":[{"embeddable":true,"href":"https:\/\/www.europesays.com\/fr\/wp-json\/wp\/v2\/users\/2"}],"replies":[{"embeddable":true,"href":"https:\/\/www.europesays.com\/fr\/wp-json\/wp\/v2\/comments?post=658101"}],"version-history":[{"count":0,"href":"https:\/\/www.europesays.com\/fr\/wp-json\/wp\/v2\/posts\/658101\/revisions"}],"wp:featuredmedia":[{"embeddable":true,"href":"https:\/\/www.europesays.com\/fr\/wp-json\/wp\/v2\/media\/658102"}],"wp:attachment":[{"href":"https:\/\/www.europesays.com\/fr\/wp-json\/wp\/v2\/media?parent=658101"}],"wp:term":[{"taxonomy":"category","embeddable":true,"href":"https:\/\/www.europesays.com\/fr\/wp-json\/wp\/v2\/categories?post=658101"},{"taxonomy":"post_tag","embeddable":true,"href":"https:\/\/www.europesays.com\/fr\/wp-json\/wp\/v2\/tags?post=658101"}],"curies":[{"name":"wp","href":"https:\/\/api.w.org\/{rel}","templated":true}]}}