{"id":658105,"date":"2026-01-12T10:25:14","date_gmt":"2026-01-12T10:25:14","guid":{"rendered":"https:\/\/www.europesays.com\/fr\/658105\/"},"modified":"2026-01-12T10:25:14","modified_gmt":"2026-01-12T10:25:14","slug":"la-medtech-bordelaise-fineheart-a-les-moyens-daccelerer-ses-ambitions-mondiales","status":"publish","type":"post","link":"https:\/\/www.europesays.com\/fr\/658105\/","title":{"rendered":"la Medtech bordelaise FineHeart a les moyens d\u2019acc\u00e9l\u00e9rer ses ambitions mondiales"},"content":{"rendered":"<p>Ce financement priv\u00e9, soutenu par des investisseurs tels que le groupe Pasteur Mutualit\u00e9, le groupe bayonnais Etchart et le fonds de l\u2019European Innovation Council (EIC), ouvre la voie \u00e0 la finalisation d\u2019une lev\u00e9e de fonds de cette s\u00e9rie C (g\u00e9n\u00e9ralement d\u00e9di\u00e9e au d\u00e9veloppement commercial, \u00e0 la R &amp; D\u2026 ) en cours de montage.<\/p>\n<p>En parall\u00e8le, FineHeart b\u00e9n\u00e9ficie de 48\u00a0millions d\u2019euros de financements publics dans le cadre du programme de la Commission europ\u00e9enne PIIEC Tech4Cure. Ces subventions, vers\u00e9es en plusieurs tranches, visent \u00e0 structurer la fili\u00e8re europ\u00e9enne des Dispositifs m\u00e9dicaux implantables actifs (DMIA), dont FineHeart est le chef de file. Ces fonds permettront de surmonter des d\u00e9fis technologiques majeurs tels que la miniaturisation des syst\u00e8mes d\u2019alimentation \u00e9lectrique, la r\u00e9duction des besoins \u00e9nerg\u00e9tiques et l\u2019am\u00e9lioration de la durabilit\u00e9 des dispositifs implantables.<\/p>\n<p>83\u00a0millions d\u2019euros de financements d\u00e9j\u00e0 s\u00e9curis\u00e9s<\/p>\n<p>Le FlowMaker, premier acc\u00e9l\u00e9rateur de d\u00e9bit cardiaque totalement implantable, repr\u00e9sente une avanc\u00e9e technologique majeure. Enti\u00e8rement intraventriculaire, il fonctionne en synergie avec les contractions naturelles du c\u0153ur, respectant le flux sanguin et limitant les risques d\u2019infection gr\u00e2ce \u00e0 son syst\u00e8me de recharge sans fil, sans contact. Destin\u00e9 \u00e0 traiter les patients souffrant d\u2019insuffisance cardiaque s\u00e9v\u00e8re, ce dispositif pourrait r\u00e9pondre aux besoins de 200\u00a0000 patients chaque ann\u00e9e, avec un march\u00e9 potentiel estim\u00e9 \u00e0 plus de 5\u00a0milliards de dollars.<\/p>\n<p>        <img decoding=\"async\" id=\"27365149\" src=\"https:\/\/www.europesays.com\/fr\/wp-content\/uploads\/2026\/01\/am-copie-copie.jpg\" alt=\"Arnaud Mascarell, cofondateur de FineHeart\" itemprop=\"contentURL\"\/><\/p>\n<p>    Arnaud Mascarell, cofondateur de FineHeart<\/p>\n<p>Mon photographe corporate<\/p>\n<p>Arnaud Mascarell, PDG et cofondateur de FineHeart qui mobilise au moins 70\u00a0personnes se f\u00e9licite de cette dynamique de financement qui renforce la strat\u00e9gie ambitieuse de l\u2019entreprise. \u00ab\u00a0Ce soutien t\u00e9moigne de la confiance en notre expertise et en nos technologies de rupture, qui visent \u00e0 transformer la m\u00e9decine en la rendant plus pr\u00e9dictive, personnalis\u00e9e et pr\u00e9ventive\u00a0\u00bb, d\u00e9clare-t-il.<\/p>\n","protected":false},"excerpt":{"rendered":"Ce financement priv\u00e9, soutenu par des investisseurs tels que le groupe Pasteur Mutualit\u00e9, le groupe bayonnais Etchart et&hellip;\n","protected":false},"author":2,"featured_media":658106,"comment_status":"","ping_status":"","sticky":false,"template":"","format":"standard","meta":{"footnotes":""},"categories":[2817],"tags":[1111,11,1997,1777,674,1011,27,12,2219,25],"class_list":{"0":"post-658105","1":"post","2":"type-post","3":"status-publish","4":"format-standard","5":"has-post-thumbnail","7":"category-bordeaux","8":"tag-actu","9":"tag-actualites","10":"tag-bordeaux","11":"tag-eu","12":"tag-europe","13":"tag-fr","14":"tag-france","15":"tag-news","16":"tag-nouvelle-aquitaine","17":"tag-republique-francaise"},"share_on_mastodon":{"url":"https:\/\/pubeurope.com\/@fr\/115881648141295042","error":""},"_links":{"self":[{"href":"https:\/\/www.europesays.com\/fr\/wp-json\/wp\/v2\/posts\/658105","targetHints":{"allow":["GET"]}}],"collection":[{"href":"https:\/\/www.europesays.com\/fr\/wp-json\/wp\/v2\/posts"}],"about":[{"href":"https:\/\/www.europesays.com\/fr\/wp-json\/wp\/v2\/types\/post"}],"author":[{"embeddable":true,"href":"https:\/\/www.europesays.com\/fr\/wp-json\/wp\/v2\/users\/2"}],"replies":[{"embeddable":true,"href":"https:\/\/www.europesays.com\/fr\/wp-json\/wp\/v2\/comments?post=658105"}],"version-history":[{"count":0,"href":"https:\/\/www.europesays.com\/fr\/wp-json\/wp\/v2\/posts\/658105\/revisions"}],"wp:featuredmedia":[{"embeddable":true,"href":"https:\/\/www.europesays.com\/fr\/wp-json\/wp\/v2\/media\/658106"}],"wp:attachment":[{"href":"https:\/\/www.europesays.com\/fr\/wp-json\/wp\/v2\/media?parent=658105"}],"wp:term":[{"taxonomy":"category","embeddable":true,"href":"https:\/\/www.europesays.com\/fr\/wp-json\/wp\/v2\/categories?post=658105"},{"taxonomy":"post_tag","embeddable":true,"href":"https:\/\/www.europesays.com\/fr\/wp-json\/wp\/v2\/tags?post=658105"}],"curies":[{"name":"wp","href":"https:\/\/api.w.org\/{rel}","templated":true}]}}