{"id":658107,"date":"2026-01-12T10:26:14","date_gmt":"2026-01-12T10:26:14","guid":{"rendered":"https:\/\/www.europesays.com\/fr\/658107\/"},"modified":"2026-01-12T10:26:14","modified_gmt":"2026-01-12T10:26:14","slug":"gironde-le-jumping-de-bordeaux-se-prepare-pour-une-46ieme-edition-de-la-coupe-du-monde-2","status":"publish","type":"post","link":"https:\/\/www.europesays.com\/fr\/658107\/","title":{"rendered":"Gironde\u00a0: le jumping de Bordeaux se pr\u00e9pare pour une 46i\u00e8me \u00e9dition de la coupe du Monde"},"content":{"rendered":"<p>\u00c0 moins d\u2019un mois du Jumping International de Bordeaux, Sabine Zaegel, directrice de l\u2019\u00e9v\u00e9nement, nous plonge dans l\u2019effervescence des pr\u00e9paratifs et r\u00e9v\u00e8le les temps forts d\u2019une \u00e9dition qui promet sport, spectacle et passion.<\/p>\n<p>\u00c0 moins de 30 jours du coup d\u2019envoi, le Parc des Expositions de Bordeaux vibre d\u00e9j\u00e0 au rythme du Jumping International. Du 5 au 8 f\u00e9vrier, l\u2019\u00e9v\u00e9nement \u00e9questre phare de la r\u00e9gion accueillera pr\u00e8s de 7 900 spectateurs r\u00e9partis sur sept sessions. \u00ab\u00a0Le montage a d\u00e9but\u00e9, les tribunes sont presque pr\u00eates. Dans les bureaux, c\u2019est la derni\u00e8re ligne droite\u00a0\u00bb, confie Sabine Zaegel, directrice du Jumping, qui orchestre une v\u00e9ritable fourmili\u00e8re. Pas moins de 300 personnes, b\u00e9n\u00e9voles compris, seront mobilis\u00e9es pendant ces quatre jours.<\/p>\n<p>Une r\u00e9f\u00e9rence dans le circuit mondial<\/p>\n<p>Cr\u00e9\u00e9 en 1978, le Jumping est bien plus qu\u2019une comp\u00e9tition\u00a0: \u00ab\u00a0C\u2019est un moment fort du sport \u00e9questre en France et en Europe, avec un ancrage r\u00e9gional tr\u00e8s fort\u00a0\u00bb, souligne Sabine Zaegel. Cette ann\u00e9e, une nouveaut\u00e9 s\u2019invite\u00a0: le dressage, qui vient compl\u00e9ter les disciplines olympiques d\u00e9j\u00e0 pr\u00e9sentes. Et pour les amateurs de haut niveau, Bordeaux reste une \u00e9tape qualificative de la Coupe du monde de saut d\u2019obstacles, dont la finale se tiendra aux \u00c9tats-Unis. \u00ab\u00a0Nous sommes fiers de faire partie des membres fondateurs de ce circuit\u00a0\u00bb, rappelle la directrice. Mais le Jumping, c\u2019est aussi le spectacle. Jeudi soir, une cr\u00e9ation originale m\u00ealera artistes \u00e9questres et musiciens du Grand Th\u00e9\u00e2tre et de l\u2019Orchestre de Bordeaux. \u00ab\u00a0Une narration in\u00e9dite, imagin\u00e9e par un metteur en sc\u00e8ne girondin, avec la participation des cuivres et de solistes\u00a0\u00bb, promet Sabine.<\/p>\n<p>\u00c0 lire aussi   <img decoding=\"async\" src=\"https:\/\/www.europesays.com\/fr\/wp-content\/uploads\/2026\/01\/1768213574_603_400x400.jpeg\" alt=\"\" style=\"--_image-preview:url('data:image\/jpeg;base64,\/9j\/2wBDACgcHiMeGSgjISMtKygwPGRBPDc3PHtYXUlkkYCZlo+AjIqgtObDoKrarYqMyP\/L2u71\/\/\/\/m8H\/\/\/\/6\/+b9\/\/j\/2wBDASstLTw1PHZBQXb4pYyl+Pj4+Pj4+Pj4+Pj4+Pj4+Pj4+Pj4+Pj4+Pj4+Pj4+Pj4+Pj4+Pj4+Pj4+Pj4+Pj4+Pj\/wAARCAAXACoDASIAAhEBAxEB\/8QAGAABAQEBAQAAAAAAAAAAAAAAAAECAwX\/xAAWEAEBAQAAAAAAAAAAAAAAAAAAEQH\/xAAVAQEBAAAAAAAAAAAAAAAAAAAAAf\/EABQRAQAAAAAAAAAAAAAAAAAAAAD\/2gAMAwEAAhEDEQA\/APMixqLAYhG4QHOEb3EgOmYsBRYm4CDO4kBR\/9k=');\" loading=\"lazy\" fetchpriority=\"low\" aria-hidden=\"true\" class=\"svelte-1cksh76 rounded\" onload=\"this.__e=event\" onerror=\"this.__e=event\"\/>Le salon du cheval va accueillir 250 exposants<\/p>\n<p>Autre rendez-vous incontournable\u00a0: le Salon du Cheval, v\u00e9ritable f\u00eate pour passionn\u00e9s et curieux. \u00ab\u00a0On y d\u00e9couvre des disciplines, on parle bien-\u00eatre \u00e9quin avec un forum sant\u00e9, et on profite d\u2019un moment convivial en famille\u00a0\u00bb, d\u00e9taille-t-elle. Et son moment pr\u00e9f\u00e9r\u00e9\u00a0? \u00ab\u00a0Ces instants calmes, t\u00f4t le matin, quand les cavaliers travaillent leurs chevaux dans une grande s\u00e9r\u00e9nit\u00e9. C\u2019est ma petite p\u00e9pite\u00a0\u00bb, confie celle qui vivra son 30\u1d49 Jumping cette ann\u00e9e. Avant de conclure\u00a0: \u00ab\u00a0Si vous devez choisir une journ\u00e9e, ne manquez pas le dimanche\u00a0: sport, \u00e9motions et salon, c\u2019est la journ\u00e9e id\u00e9ale pour tous.\u00a0\u00bb ICI Gironde partenaire du Jumping y sera en direct pour vous amener au c\u0153ur de l&rsquo;\u00e9venement.<\/p>\n","protected":false},"excerpt":{"rendered":"\u00c0 moins d\u2019un mois du Jumping International de Bordeaux, Sabine Zaegel, directrice de l\u2019\u00e9v\u00e9nement, nous plonge dans l\u2019effervescence&hellip;\n","protected":false},"author":2,"featured_media":657999,"comment_status":"","ping_status":"","sticky":false,"template":"","format":"standard","meta":{"footnotes":""},"categories":[2817],"tags":[1111,11,1997,1777,674,1011,27,12,2219,25],"class_list":{"0":"post-658107","1":"post","2":"type-post","3":"status-publish","4":"format-standard","5":"has-post-thumbnail","7":"category-bordeaux","8":"tag-actu","9":"tag-actualites","10":"tag-bordeaux","11":"tag-eu","12":"tag-europe","13":"tag-fr","14":"tag-france","15":"tag-news","16":"tag-nouvelle-aquitaine","17":"tag-republique-francaise"},"share_on_mastodon":{"url":"https:\/\/pubeurope.com\/@fr\/115881652439036176","error":""},"_links":{"self":[{"href":"https:\/\/www.europesays.com\/fr\/wp-json\/wp\/v2\/posts\/658107","targetHints":{"allow":["GET"]}}],"collection":[{"href":"https:\/\/www.europesays.com\/fr\/wp-json\/wp\/v2\/posts"}],"about":[{"href":"https:\/\/www.europesays.com\/fr\/wp-json\/wp\/v2\/types\/post"}],"author":[{"embeddable":true,"href":"https:\/\/www.europesays.com\/fr\/wp-json\/wp\/v2\/users\/2"}],"replies":[{"embeddable":true,"href":"https:\/\/www.europesays.com\/fr\/wp-json\/wp\/v2\/comments?post=658107"}],"version-history":[{"count":0,"href":"https:\/\/www.europesays.com\/fr\/wp-json\/wp\/v2\/posts\/658107\/revisions"}],"wp:featuredmedia":[{"embeddable":true,"href":"https:\/\/www.europesays.com\/fr\/wp-json\/wp\/v2\/media\/657999"}],"wp:attachment":[{"href":"https:\/\/www.europesays.com\/fr\/wp-json\/wp\/v2\/media?parent=658107"}],"wp:term":[{"taxonomy":"category","embeddable":true,"href":"https:\/\/www.europesays.com\/fr\/wp-json\/wp\/v2\/categories?post=658107"},{"taxonomy":"post_tag","embeddable":true,"href":"https:\/\/www.europesays.com\/fr\/wp-json\/wp\/v2\/tags?post=658107"}],"curies":[{"name":"wp","href":"https:\/\/api.w.org\/{rel}","templated":true}]}}