{"id":658108,"date":"2026-01-12T10:27:16","date_gmt":"2026-01-12T10:27:16","guid":{"rendered":"https:\/\/www.europesays.com\/fr\/658108\/"},"modified":"2026-01-12T10:27:16","modified_gmt":"2026-01-12T10:27:16","slug":"les-clefs-de-saint-pierre-a-la-memoire-dun-grand-artiste","status":"publish","type":"post","link":"https:\/\/www.europesays.com\/fr\/658108\/","title":{"rendered":"Les Clefs de Saint-Pierre \u2022 \u00c0 la m\u00e9moire d\u2019un grand artiste\u2026"},"content":{"rendered":"<p>Le lundi 19 janvier 2026 \u00e0 20h00, l\u2019Auditorium Saint-Pierre des Cuisines h\u00e9berge le nouveau concert des Clefs de Saint-Pierre. Les deux trios pour piano, violon et violoncelle qui sont inscrits au programme refl\u00e8tent deux mondes diff\u00e9rents. Ils seront interpr\u00e9t\u00e9s par Vitaly Rasskazov, violon, Aurore Dassesse, violoncelle et Tom Grimaud, piano.<\/p>\n<p><img decoding=\"async\" src=\"https:\/\/www.europesays.com\/fr\/wp-content\/uploads\/2026\/01\/tom-grimaud-piano-vitaly-rasskazov-violon-aurore-dassesse-violoncelle.jpeg\" alt=\"Tom Grimaud, Piano, Vitaly Rasskazov, Violon, Aurore Dassesse, Violoncelle\" class=\"wp-image-161370\" width=\"730\"\/>Tom Grimaud, piano, Vitaly Rasskazov, violon, Aurore Dassesse, violoncelle \u2013 Photo Orane Beno\u00eet<\/p>\n<p><strong>Vitaly Rasskazov<\/strong>, violon, est musicien \u00e0 l\u2019Orchestre national du Capitole de Toulouse depuis 2012, violon co-soliste depuis 2014. Il est n\u00e9 en 1985 et a grandi \u00e0 Ekaterinbourg, en Russie. Il a d\u00e9but\u00e9 le violon d\u00e8s l\u2019\u00e2ge de six ans et a poursuivi ses \u00e9tudes dans une \u00e9cole sp\u00e9cialis\u00e9e en musique et rattach\u00e9e au Conservatoire Sup\u00e9rieur de musique Moussorgski. En 2009, il a obtenu le dipl\u00f4me de l\u2019Acad\u00e9mie Sup\u00e9rieure de Musique Gnessin \u00e0 Moscou et s\u2019est vu d\u00e9cerner les meilleures notes en violon et musique de chambre. Au cours des derni\u00e8res ann\u00e9es il participe \u00e0 des festivals de musique de chambre en Russie et en France au sein de diverses formations (duos, trio, quatuor).<\/p>\n<p>En janvier 2018<strong>, Aurore Dassesse<\/strong>, violoncelle, a int\u00e9gr\u00e9 l\u2019Orchestre national du Capitole de Toulouse. N\u00e9e \u00e0 Bruxelles en 1991, elle a commenc\u00e9 le violoncelle \u00e0 l\u2019\u00e2ge de sept ans. Elle a \u00e9t\u00e9 admise \u00e0 la Chapelle Musicale Reine Elisabeth dans le cycle \u00ab\u00a0Jeunes talents exceptionnels\u00a0\u00bb \u00e0 l\u2019\u00e2ge de douze ans. Elle a ensuite \u00e9tudi\u00e9 avec H\u00e9l\u00e8ne Dautry au Conservatoire \u00e0 Rayonnement R\u00e9gional de Paris. De 2012 \u00e0 2020, elle a travaill\u00e9 avec Gustav Rivinius \u00e0 la Musik Hochschule de Saarbr\u00fccken en Allemagne. Aurore a remport\u00e9 plusieurs concours, dont le concours \u00ab\u00a0Jeunes Musiciens RTBF\u00a0\u00bb, le concours Breughel et le concours europ\u00e9en pour jeunes solistes au Luxembourg. En novembre 2012, elle a remport\u00e9 le concours \u00ab\u00a0Young Belgian Talent 2013-2015\u00a0\u00bb.<\/p>\n<p>N\u00e9 en 1987, dipl\u00f4m\u00e9 du CNSM de Paris et laur\u00e9at de plusieurs concours internationaux,\u00a0<strong>Tom Grimaud\u00a0<\/strong>se produit en r\u00e9cital, en soliste, en musique de chambre, et \u00e0 l\u2019orchestre. Il est invit\u00e9 en tant que soliste et chambriste par plusieurs festivals et institutions, en France et \u00e0 l\u2019\u00e9tranger. Il collabore r\u00e9guli\u00e8rement avec l\u2019Orchestre national du Capitole de Toulouse, ce qui le conduit \u00e0 se produire pour le Festival Berlioz de La C\u00f4te St Andr\u00e9, le Festival Enesco de Bucarest, la Philharmonie de Paris ou encore la Halle aux Grains et le Th\u00e9\u00e2tre du Capitole de Toulouse. Il a \u00e9galement collabor\u00e9 avec le Ch\u0153ur de Radio France, le Toulouse Wind Orchestra, et la Chambre Symphonique de Toulouse.<\/p>\n<p>Ces trois artistes ont con\u00e7u, pour leur concert du 19 janvier prochain, un programme compos\u00e9 de deux grandes partitions \u00e9crites pour leur formation \u00e0 la m\u00eame \u00e9poque (en 1880 et 1882)\u00a0: le Trio pour piano, violon et violoncelle en sol majeur de Claude Debussy et le Trio pour piano, violon et violoncelle opus 50 en la mineur, de Piotr Ilitch Tcha\u00efkovski. Celui du jeune Debussy explore la couleur, la clart\u00e9, la subtilit\u00e9, op\u00e9rant ainsi une transition vers l\u2019esth\u00e9tique impressionniste. Tcha\u00efkovski, lui, propose une \u0153uvre \u00e0 la forme ample et virtuose, dont l\u2019id\u00e9alisme appara\u00eet \u00e0 travers sa d\u00e9dicace \u00ab\u00a0\u00c0 la m\u00e9moire d\u2019un grand artiste\u00a0\u00bb, adress\u00e9e \u00e0 son ami et mentor Nicola\u00ef Rubinstein. La mort de ce dernier en 1881 affecta beaucoup Tcha\u00efkovski, qui d\u00e9dia ce trio \u00e0 sa m\u00e9moire.<\/p>\n<p><a href=\"https:\/\/blog.culture31.com\/author\/serge-chauzy\/\" target=\"_blank\" rel=\"noreferrer noopener\"><strong>Serge Chauzy<\/strong><\/a><br \/>une chronique de\u00a0<a href=\"http:\/\/www.classictoulouse.com\/\" target=\"_blank\" rel=\"noreferrer noopener\">ClassicToulouse<\/a><\/p>\n<p><a href=\"https:\/\/www.calameo.com\/culture31\/read\/0073148635c3e86845783\" target=\"_blank\" rel=\"noreferrer noopener\"><img decoding=\"async\" src=\"https:\/\/www.europesays.com\/fr\/wp-content\/uploads\/2026\/01\/le-magazine-hiver-2026.png\" alt=\"Le Magazine Hiver 2026\" class=\"wp-image-161083\"\/><\/a><\/p>\n<p><strong>&gt; <a href=\"https:\/\/lesclefsdesaintpierre.org\/\" target=\"_blank\" rel=\"noreferrer noopener\">Les Clefs de Saint-Pierre<\/a><\/strong><\/p>\n<\/p>\n<p><strong><a href=\"https:\/\/www.culture31.com\/category\/actualites\/musique-classique\/\" target=\"_blank\" rel=\"noreferrer noopener\">Musique Classique<\/a><\/strong><\/p>\n","protected":false},"excerpt":{"rendered":"Le lundi 19 janvier 2026 \u00e0 20h00, l\u2019Auditorium Saint-Pierre des Cuisines h\u00e9berge le nouveau concert des Clefs de&hellip;\n","protected":false},"author":2,"featured_media":658109,"comment_status":"","ping_status":"","sticky":false,"template":"","format":"standard","meta":{"footnotes":""},"categories":[2816],"tags":[1111,11,1777,674,1011,27,12,2680,25,2312],"class_list":{"0":"post-658108","1":"post","2":"type-post","3":"status-publish","4":"format-standard","5":"has-post-thumbnail","7":"category-toulouse","8":"tag-actu","9":"tag-actualites","10":"tag-eu","11":"tag-europe","12":"tag-fr","13":"tag-france","14":"tag-news","15":"tag-occitanie","16":"tag-republique-francaise","17":"tag-toulouse"},"share_on_mastodon":{"url":"https:\/\/pubeurope.com\/@fr\/115881656066429692","error":""},"_links":{"self":[{"href":"https:\/\/www.europesays.com\/fr\/wp-json\/wp\/v2\/posts\/658108","targetHints":{"allow":["GET"]}}],"collection":[{"href":"https:\/\/www.europesays.com\/fr\/wp-json\/wp\/v2\/posts"}],"about":[{"href":"https:\/\/www.europesays.com\/fr\/wp-json\/wp\/v2\/types\/post"}],"author":[{"embeddable":true,"href":"https:\/\/www.europesays.com\/fr\/wp-json\/wp\/v2\/users\/2"}],"replies":[{"embeddable":true,"href":"https:\/\/www.europesays.com\/fr\/wp-json\/wp\/v2\/comments?post=658108"}],"version-history":[{"count":0,"href":"https:\/\/www.europesays.com\/fr\/wp-json\/wp\/v2\/posts\/658108\/revisions"}],"wp:featuredmedia":[{"embeddable":true,"href":"https:\/\/www.europesays.com\/fr\/wp-json\/wp\/v2\/media\/658109"}],"wp:attachment":[{"href":"https:\/\/www.europesays.com\/fr\/wp-json\/wp\/v2\/media?parent=658108"}],"wp:term":[{"taxonomy":"category","embeddable":true,"href":"https:\/\/www.europesays.com\/fr\/wp-json\/wp\/v2\/categories?post=658108"},{"taxonomy":"post_tag","embeddable":true,"href":"https:\/\/www.europesays.com\/fr\/wp-json\/wp\/v2\/tags?post=658108"}],"curies":[{"name":"wp","href":"https:\/\/api.w.org\/{rel}","templated":true}]}}