{"id":658114,"date":"2026-01-12T10:30:11","date_gmt":"2026-01-12T10:30:11","guid":{"rendered":"https:\/\/www.europesays.com\/fr\/658114\/"},"modified":"2026-01-12T10:30:11","modified_gmt":"2026-01-12T10:30:11","slug":"one-night-of-queen-un-hommage-spectaculaire-a-revivre-au-zenith-de-lille","status":"publish","type":"post","link":"https:\/\/www.europesays.com\/fr\/658114\/","title":{"rendered":"One Night of Queen\u00a0: un hommage spectaculaire \u00e0 revivre au Z\u00e9nith de Lille"},"content":{"rendered":"<p>Le mercredi 21 janvier, le spectacle One Night of Queen fait son grand retour au Z\u00e9nith de Lille pour une soir\u00e9e exceptionnelle plac\u00e9e sous le signe de la l\u00e9gende. Un hommage puissant et fid\u00e8le au mythique groupe Queen.<\/p>\n<p>Recr\u00e9er la magie de Queen, 40 ans plus tard<\/p>\n<p>Producteur du spectacle depuis plus de 15 ans, <strong>Xavier Barbiero<\/strong>\u00a0l\u2019assure\u00a0: la cl\u00e9 du succ\u00e8s repose avant tout sur l\u2019artistique.<br \/>\u00ab\u00a0Il faut le talent, l\u2019audace et m\u00eame une forme de pr\u00e9tention assum\u00e9e pour dire au public qu\u2019on va lui faire revivre un moment de l\u00e9gende\u00a0\u00bb, explique-t-il.<\/p>\n<p>Au c\u0153ur du projet, <strong>Gary Mullen<\/strong>, chanteur embl\u00e9matique du show, qui incarne avec une justesse bluffante <strong>Freddie Mercury<\/strong>. Entour\u00e9 de musiciens passionn\u00e9s, il redonne vie \u00e0 l\u2019un des plus grands groupes de l\u2019histoire du rock, devant <strong>3 000 \u00e0 4 000 spectateurs chaque soir<\/strong>.<\/p>\n<p>Un show inspir\u00e9 du concert mythique de Wembley 1986<\/p>\n<p>Pour cette tourn\u00e9e,\u00a0<a target=\"_blank\" rel=\"nofollow noopener noreferrer\" class=\"IciLink ici-link IciArticleLink g-ici-body-regular-1 underline brand svelte-1chfe2s\" href=\"https:\/\/www.leconcertextraordinaire.com\/\">One Night of Queen<\/a>\u00a0s\u2019inspire directement du concert l\u00e9gendaire de Wembley 1986, dont on c\u00e9l\u00e8bre le 40\u1d49 anniversaire.<br \/>\u00c9clairages spectaculaires, plafond lumineux recr\u00e9\u00e9, instruments et costumes fid\u00e8les \u00e0 l\u2019\u00e9poque\u00a0: chaque d\u00e9tail est pens\u00e9 pour transporter le public, le temps d\u2019un concert, dans l\u2019\u00e2ge d\u2019or de Queen.<\/p>\n<p>\u00ab\u00a0Notre r\u00f4le de producteur, c\u2019est de cr\u00e9er l\u2019\u00e9crin technique autour de l\u2019artistique pour que la magie op\u00e8re instantan\u00e9ment\u00a0\u00bb, souligne Xavier Barberot.<\/p>\n<p>Fid\u00e9lit\u00e9, respect et passion<\/p>\n<p>Aucune limite artistique, si ce n\u2019est une r\u00e8gle absolue\u00a0: <strong>ne jamais trahir l\u2019esprit de Queen<\/strong>.<br \/>Chaque choix est m\u00fbrement r\u00e9fl\u00e9chi, parfois ajust\u00e9 en r\u00e9p\u00e9tition, avec un seul objectif\u00a0: offrir un hommage sinc\u00e8re, respectueux et spectaculaire \u00e0 un groupe et \u00e0 un artiste que toute l\u2019\u00e9quipe v\u00e9n\u00e8re.<\/p>\n<p>Un succ\u00e8s mondial\u2026 et un rendez-vous lillois immanquable<\/p>\n<p>Pr\u00e9sent dans <strong>une vingtaine de pays<\/strong>, le spectacle conna\u00eet un immense succ\u00e8s international, notamment en France et aux \u00c9tats-Unis, o\u00f9 il remplit plus de <strong>40 salles par an<\/strong>. Allemagne, Danemark, Asie\u2026 la l\u00e9gende Queen continue de rassembler toutes les g\u00e9n\u00e9rations.<\/p>\n<p><strong>Rendez-vous le mercredi 21 janvier au<\/strong>\u00a0<a target=\"_blank\" rel=\"nofollow noopener noreferrer\" class=\"IciLink ici-link IciArticleLink g-ici-body-regular-1 underline brand svelte-1chfe2s\" href=\"https:\/\/www.zenithdelille.com\/\">Z\u00e9nith de Lille<\/a>\u00a0pour une soir\u00e9e hors du temps.<br \/>Un concert hommage qui fait vibrer la nostalgie\u2026 et prouve que la musique de Queen est \u00e9ternelle.<\/p>\n","protected":false},"excerpt":{"rendered":"Le mercredi 21 janvier, le spectacle One Night of Queen fait son grand retour au Z\u00e9nith de Lille&hellip;\n","protected":false},"author":2,"featured_media":658115,"comment_status":"","ping_status":"","sticky":false,"template":"","format":"standard","meta":{"footnotes":""},"categories":[2815],"tags":[1111,11,1777,674,1011,27,811,1307,12,25],"class_list":{"0":"post-658114","1":"post","2":"type-post","3":"status-publish","4":"format-standard","5":"has-post-thumbnail","7":"category-lille","8":"tag-actu","9":"tag-actualites","10":"tag-eu","11":"tag-europe","12":"tag-fr","13":"tag-france","14":"tag-hauts-de-france","15":"tag-lille","16":"tag-news","17":"tag-republique-francaise"},"share_on_mastodon":{"url":"https:\/\/pubeurope.com\/@fr\/115881668422733151","error":""},"_links":{"self":[{"href":"https:\/\/www.europesays.com\/fr\/wp-json\/wp\/v2\/posts\/658114","targetHints":{"allow":["GET"]}}],"collection":[{"href":"https:\/\/www.europesays.com\/fr\/wp-json\/wp\/v2\/posts"}],"about":[{"href":"https:\/\/www.europesays.com\/fr\/wp-json\/wp\/v2\/types\/post"}],"author":[{"embeddable":true,"href":"https:\/\/www.europesays.com\/fr\/wp-json\/wp\/v2\/users\/2"}],"replies":[{"embeddable":true,"href":"https:\/\/www.europesays.com\/fr\/wp-json\/wp\/v2\/comments?post=658114"}],"version-history":[{"count":0,"href":"https:\/\/www.europesays.com\/fr\/wp-json\/wp\/v2\/posts\/658114\/revisions"}],"wp:featuredmedia":[{"embeddable":true,"href":"https:\/\/www.europesays.com\/fr\/wp-json\/wp\/v2\/media\/658115"}],"wp:attachment":[{"href":"https:\/\/www.europesays.com\/fr\/wp-json\/wp\/v2\/media?parent=658114"}],"wp:term":[{"taxonomy":"category","embeddable":true,"href":"https:\/\/www.europesays.com\/fr\/wp-json\/wp\/v2\/categories?post=658114"},{"taxonomy":"post_tag","embeddable":true,"href":"https:\/\/www.europesays.com\/fr\/wp-json\/wp\/v2\/tags?post=658114"}],"curies":[{"name":"wp","href":"https:\/\/api.w.org\/{rel}","templated":true}]}}