{"id":658116,"date":"2026-01-12T10:31:12","date_gmt":"2026-01-12T10:31:12","guid":{"rendered":"https:\/\/www.europesays.com\/fr\/658116\/"},"modified":"2026-01-12T10:31:12","modified_gmt":"2026-01-12T10:31:12","slug":"a-lestaque-a-marseille-lhistoire-du-saga-racontee-dans-un-livre-collector","status":"publish","type":"post","link":"https:\/\/www.europesays.com\/fr\/658116\/","title":{"rendered":"\u00c0 L&rsquo;Estaque, \u00e0 Marseille, l&rsquo;histoire du \u00ab\u00a0Saga\u00a0\u00bb racont\u00e9e dans un livre collector"},"content":{"rendered":"<p>L\u2019association des Compagnons du Saga (ce sous-marin \u00e0 grande autonomie imagin\u00e9 au mitan des ann\u00e9es\u00a060 par le commandant Cousteau et qui a battu tous les records de profondeur) lance Saga, un ouvrage sur son patrimoine maritime avec le r\u00e9cit des p\u00e9rip\u00e9ties de la construction du sous-marin, les anecdotes du commandant Cousteau, les secrets des plongeurs et chefs d\u2019atelier. \u00ab\u00a0On s\u2019est rendu compte <a href=\"https:\/\/www.laprovence.com\/article\/mer\/8950601382185615\/dans-le-domaine-du-sous-marin-marseille-est-une-vraie-capitale-michel-bourhis-passionne-par-les-profondeurs\" target=\"_blank\" rel=\"noopener\">que beaucoup de Marseillais ne savaient m\u00eame pas que le Saga \u00e9tait l\u00e0<\/a> depuis\u00a01990. Faire un livre, c\u2019est transmettre aux jeunes g\u00e9n\u00e9rations son histoire\u00a0\u00bb, soutient Michel Bourhis, pr\u00e9sident de l\u2019association marseillaise qui r\u00e9unit les passionn\u00e9s du patrimoine maritime, industriel et culturel.<\/p>\n<p>Marseille, capitale du monde sous-marin<\/p>\n<p>Depuis quelques ann\u00e9es, cet ex-plongeur et \u00e9lectrom\u00e9canicien de l\u2019a\u00e9ronavale se consacre \u00e0 la valorisation du plus grand submersible civil du monde\u00a0: le Saga, un sous-marin de 30 m\u00e8tres de long pesant plus de 300 tonnes. En activit\u00e9 entre\u00a01987 et\u00a01990, c\u2019est une r\u00e9f\u00e9rence dans son domaine. Imagin\u00e9 en\u00a01966 <a href=\"https:\/\/www.laprovence.com\/article\/france-monde\/6532103\/cousteau-plongee-dans-la-vie-du-legendaire-commandant-au-bonnet-rouge.html\" target=\"_blank\" rel=\"noopener\">par le commandant Cousteau<\/a>, le Saga est capable d\u2019emmener des dizaines de plongeurs \u00e0 une profondeur de 600 m\u00e8tres. \u00ab\u00a0Ce n\u2019est pas seulement un engin. C\u2019est un h\u00e9ritage, une promesse d\u2019aventure, un symbole qui unit la science et la passion. Et Marseille est un peu la capitale du monde sous-marin. Ce livre est aussi un hommage\u00a0\u00bb, affirme Michel Bourhis.<\/p>\n<p><img alt=\"Dans ce livre, on y retrouve les portraits de ceux qui ont construit le sous-marin. &quot;Ce livre c\u2019est aussi les histoires de ces hommes et ces femmes qui ont fait vivre le sous-marin&quot;, ajoute Michel Bourhis.\" loading=\"lazy\" decoding=\"async\" data-nimg=\"fill\" class=\" TwicCore_img__i9TC1 undefined  undefined\" style=\"position:absolute;height:100%;width:100%;left:0;top:0;right:0;bottom:0;color:transparent;background-size:cover;background-position:50% 50%;background-repeat:no-repeat;background-image:url(&quot;data:image\/svg+xml;charset=utf-8,%3Csvg xmlns='http:\/\/www.w3.org\/2000\/svg' %3E%3Cfilter id='b' color-interpolation-filters='sRGB'%3E%3CfeGaussianBlur stdDeviation='20'\/%3E%3CfeColorMatrix values='1 0 0 0 0 0 1 0 0 0 0 0 1 0 0 0 0 0 100 -1' result='s'\/%3E%3CfeFlood x='0' y='0' width='100%25' height='100%25'\/%3E%3CfeComposite operator='out' in='s'\/%3E%3CfeComposite in2='SourceGraphic'\/%3E%3CfeGaussianBlur stdDeviation='20'\/%3E%3C\/filter%3E%3Cimage width='100%25' height='100%25' x='0' y='0' preserveAspectRatio='none' style='filter: url(%23b);' href='data:image\/webp;base64,UklGRjYDAABXRUJQVlA4ICoDAABwOwCdASpYAjMBPkkkkEYipC2hIHHIYbAJCWlu4XY+BNqD18Y8NfsAGklspy5cuXLly5cuXLly5cuXLly5cuXLly5cuXLly5cuXLly5cuXLly5cuXLly5cuXLly5cuXLly5cuXLly5cuXLly5cuXLly5cOmSMpCYAqxrZTly5cuXLlb+kGzWSu8K3E1y5cuXLly5cuXLly586rC9hJ59veBEwBVjWynLly5cuXLug2VFzeerXpFBoE1DzVqRnK9boVWdU5uGOkJgCrGtlOXLl3LvfxUZpxwRcmsj79wb4EbKlE\/r22O42hBnpQFwx0hMAVY1spy4YzRxqGxu6c2HW2qsf0YBKFRSEwBVjWynLly5cuaOzYEbNk92seqt0qoLUhMAVY1spy5crUBhXE756j\/F5H4PuLhYztBdg85f1XvYrGtlOXLly5cuXLly8BqjFLIyVJAdajjWODMD9LlVAXDHSEwBVjWynLly9tbE8pMCyjcR7xcMdITAFWNbKcuXLly+D+fa3VF4N6KxrZTly5cuXLly5cuXLly5cuXLly5cuXLly5cuXLly5cuXLly5cuXLly5cuXLly5cuXLly5cuXLly5cuXLly5cuXLly5cuXLly5cuXLly5cuXLly5cuXLhAAAP7\/oF7\/uk\/U\/0X960XRsIAEB2AAAAAAN70kr1HHyAOX3hkoohV27A67FGK7ZDJxBrJxh4Ojbr\/WDeEfz\/7o3pHj59TQ8XGsQUhr3sN7hFK2Jryx8ktgST6T5ReQQ3\/8iFy18d24oI\/ehYDZRlXUy0Kupe8Eo1oGLy7EtnzszCA7wOSYi2TuBOTEajrI03t4X5RtPEfwApDODep6IxUiWEqwc10ClsN9PiXJYP\/ftxQ4kB\/fvVojv0hPD+UslrCvnBMHKjiIKuNWc2UVssi9Sc7OFkej4bXkVzuyn3wK6aai9cjlMoDj0aFvX1cABgc2Kb52QF9UStQKG7NBnYzqQyNQam2c8hYLfhjPkZw8Wtbagqpsowi5hfki1bc1bmdFsUiBCz012jpiep8diCSRABf4vizRKv35xIIAoAAAAAAAAAAAAAA='\/%3E%3C\/svg%3E&quot;)\"   src=\"https:\/\/www.europesays.com\/fr\/wp-content\/uploads\/2026\/01\/compagnons-du-saga-1768208862_1aefb833ab59600ffb833ab5965ffbv_.jpg\"\/>Dans ce livre, on y retrouve les portraits de ceux qui ont construit le sous-marin. \u00ab\u00a0Ce livre c\u2019est aussi les histoires de ces hommes et ces femmes qui ont fait vivre le sous-marin\u00a0\u00bb, ajoute Michel Bourhis. Compagnons du Saga<\/p>\n<p>Collector et auto\u00e9dit\u00e9, l\u2019ouvrage est uniquement disponible en 1\u00a0000 exemplaires pour la somme de 30\u00a0euros sur le site de l\u2019association. On y retrouve l\u2019histoire de la construction de ce submersible mais aussi les portraits de ceux qui l\u2019ont fa\u00e7onn\u00e9\u00a0: Marius, chef d\u2019atelier et ing\u00e9nieur\u00a0; Roger, plongeur\u00a0; Alain, second capitaine\u2026 \u00ab\u00a0On y d\u00e9voile les anecdotes des hommes et des femmes qui ont fait vivre le sous-marin\u00a0\u00bb, ajoute le passionn\u00e9 des profondeurs.<\/p>\n<p>Malgr\u00e9 la fermeture du hangar, l\u2019esprit du Commandant Cousteau perdure<\/p>\n<p>R\u00e9alis\u00e9 \u00e0 six mains par Michel Bourhis, le plongeur Philippe Mura et le photographe Olivier Emran, ce livre revient aussi sur l\u2019h\u00e9ritage du patrimoine sous-marin de L\u2019Estaque. Depuis\u00a02017, le Saga dort dans l\u2019ancien atelier m\u00e9canique de la Comex, dans le 16e arrondissement. Mais, en ao\u00fbt dernier, le site est ferm\u00e9 au public en raison d\u2019un risque d\u2019effondrement. \u00ab\u00a0On a \u00e9t\u00e9 contraints de le faire apr\u00e8s une expertise r\u00e9alis\u00e9e \u00e0 la va-vite, avec des crit\u00e8res louables mais pas adapt\u00e9s \u00e0 un hangar comme le n\u00f4tre\u00a0\u00bb, ajoute-t-il. Avant cette fermeture, le Saga accueillait environ 5\u00a0000 visiteurs par an depuis son ouverture en\u00a02017. Malgr\u00e9 les portes closes, l\u2019esprit du commandant Cousteau reste bien vivant \u00e0 L\u2019Estaque\u00a0: <a href=\"https:\/\/www.laprovence.com\/article\/culture-loisirs\/39906968528994\/marseille-le-camembert-le-sous-marin-saga-a-lestaque-que-faire-de-lheritage-du-commandant-cousteau\" target=\"_blank\" rel=\"noopener\">l\u2019h\u00e9ritage de l\u2019explorateur au bonnet rouge impr\u00e8gne toujours le quartier avec sa rue des Scaphandriers et son \u00ab\u00a0camembert\u00a0\u00bb Cousteau<\/a>. \u00ab\u00a0C\u2019est un petit village tr\u00e8s riche dans le domaine des fonds marins. Ici, on vit avec la mer, avec l\u2019exploration\u00a0\u00bb, rappelle Michel Bouhris.<\/p>\n<p><strong>\u00ab\u00a0Saga, le livre\u00a0\u00bb, 30\u00a0euros sans compter les frais de port.<\/strong>&#13;\n<\/p>\n<p><strong><a href=\"https:\/\/www.saga-le-livre.fr\/\" target=\"_blank\" rel=\"noopener\">Plus d\u2019informations.<\/a><\/strong><\/p>\n<p><img alt=\"\" loading=\"lazy\" width=\"18\" height=\"18\" decoding=\"async\" data-nimg=\"1\" class=\"mx-[8px]\" style=\"color:transparent\" src=\"https:\/\/www.laprovence.com\/_next\/static\/media\/comment.a97bda1a.svg\"\/>D\u00e9marrez la conversation<\/p>\n<p class=\"text-[1.8rem] mt-[32px]\">Votre opinion compte pour nous. Rejoignez la communaut\u00e9 laprovence.com en r\u00e9agissant sur l&rsquo;article \u00c0 L\u2019Estaque, \u00e0 Marseille, l\u2019histoire du \u00ab\u00a0Saga\u00a0\u00bb racont\u00e9e dans un livre collector.<\/p>\n","protected":false},"excerpt":{"rendered":"L\u2019association des Compagnons du Saga (ce sous-marin \u00e0 grande autonomie imagin\u00e9 au mitan des ann\u00e9es\u00a060 par le commandant&hellip;\n","protected":false},"author":2,"featured_media":658117,"comment_status":"","ping_status":"","sticky":false,"template":"","format":"standard","meta":{"footnotes":""},"categories":[2814],"tags":[5734,1111,11,1446,1777,674,1011,27,23058,10853,2003,884,12,882,15386,16,25,10600],"class_list":{"0":"post-658116","1":"post","2":"type-post","3":"status-publish","4":"format-standard","5":"has-post-thumbnail","7":"category-marseille","8":"tag-5734","9":"tag-actu","10":"tag-actualites","11":"tag-dans","12":"tag-eu","13":"tag-europe","14":"tag-fr","15":"tag-france","16":"tag-lhistoire","17":"tag-lestaque","18":"tag-livre","19":"tag-marseille","20":"tag-news","21":"tag-provence-alpes-cote-dazur","22":"tag-racontee","23":"tag-region","24":"tag-republique-francaise","25":"tag-saga"},"share_on_mastodon":{"url":"https:\/\/pubeurope.com\/@fr\/115881671684636690","error":""},"_links":{"self":[{"href":"https:\/\/www.europesays.com\/fr\/wp-json\/wp\/v2\/posts\/658116","targetHints":{"allow":["GET"]}}],"collection":[{"href":"https:\/\/www.europesays.com\/fr\/wp-json\/wp\/v2\/posts"}],"about":[{"href":"https:\/\/www.europesays.com\/fr\/wp-json\/wp\/v2\/types\/post"}],"author":[{"embeddable":true,"href":"https:\/\/www.europesays.com\/fr\/wp-json\/wp\/v2\/users\/2"}],"replies":[{"embeddable":true,"href":"https:\/\/www.europesays.com\/fr\/wp-json\/wp\/v2\/comments?post=658116"}],"version-history":[{"count":0,"href":"https:\/\/www.europesays.com\/fr\/wp-json\/wp\/v2\/posts\/658116\/revisions"}],"wp:featuredmedia":[{"embeddable":true,"href":"https:\/\/www.europesays.com\/fr\/wp-json\/wp\/v2\/media\/658117"}],"wp:attachment":[{"href":"https:\/\/www.europesays.com\/fr\/wp-json\/wp\/v2\/media?parent=658116"}],"wp:term":[{"taxonomy":"category","embeddable":true,"href":"https:\/\/www.europesays.com\/fr\/wp-json\/wp\/v2\/categories?post=658116"},{"taxonomy":"post_tag","embeddable":true,"href":"https:\/\/www.europesays.com\/fr\/wp-json\/wp\/v2\/tags?post=658116"}],"curies":[{"name":"wp","href":"https:\/\/api.w.org\/{rel}","templated":true}]}}