{"id":658118,"date":"2026-01-12T10:32:09","date_gmt":"2026-01-12T10:32:09","guid":{"rendered":"https:\/\/www.europesays.com\/fr\/658118\/"},"modified":"2026-01-12T10:32:09","modified_gmt":"2026-01-12T10:32:09","slug":"marseille-ce-magasin-carrefour-empeche-douvrir-la-raison-est-surprenante","status":"publish","type":"post","link":"https:\/\/www.europesays.com\/fr\/658118\/","title":{"rendered":"Marseille. Ce magasin Carrefour emp\u00each\u00e9 d&rsquo;ouvrir, la raison est surprenante"},"content":{"rendered":"<p>                    Par<br \/>\n        <strong><br \/>\n            <a href=\"https:\/\/actu.fr\/auteur\/fabien-binacchi\" title=\"Consulter tous les articles de Fabien Binacchi\" target=\"_blank\" rel=\"noopener\">Fabien Binacchi<\/a><br \/>\n                    <\/strong><\/p>\n<p>        Publi\u00e9 le<\/p>\n<p>            12 janv. 2026 \u00e0 10h09        <\/p>\n<p><strong>INFO ACTU MARSEILLE.<\/strong> \u00ab\u2009Vous savez pourquoi <strong>Carrefour Bonneveine<\/strong> \u00e9tait ferm\u00e9 ce dimanche\u2009?\u2009\u00bb Sur les r\u00e9seaux sociaux, les habitu\u00e9s de cet <a href=\"https:\/\/actu.fr\/societe\/pourquoi-certains-produits-manquent-a-l-appel-dans-les-supermarches-d-une-partie-de-la-france_63668115.html\" target=\"_blank\" rel=\"noopener\">hypermarch\u00e9<\/a> du 8e arrondissement de <a href=\"https:\/\/actu.fr\/marseille\/\" target=\"_blank\" rel=\"noopener\">Marseille<\/a> ont cherch\u00e9 \u00e0 savoir pourquoi ils avaient trouv\u00e9 portes closes le 11\u00a0janvier 2025. La direction \u00e9voque \u00ab\u2009un vol ayant entra\u00een\u00e9 un probl\u00e8me technique\u2009\u00bb.<\/p>\n<p class=\" wall-content\">Voici ce qu\u2019il s\u2019est pass\u00e9.<\/p>\n<p>Le poste de s\u00e9curit\u00e9 forc\u00e9<\/p>\n<p class=\" wall-content\">Tout s\u2019est jou\u00e9 un peu apr\u00e8s 2h du matin, dimanche. Selon nos informations, plusieurs individus qui avaient stationn\u00e9 leurs v\u00e9hicules <strong>dans le parking souterrain du centre commercial<\/strong> de l\u2019avenue de Hambourg, plus t\u00f4t dans la journ\u00e9e, ont fait des pieds et des mains pour les r\u00e9cup\u00e9rer, malgr\u00e9 les acc\u00e8s ferm\u00e9s la nuit.<\/p>\n<p class=\" wall-content\">Apr\u00e8s s\u2019\u00eatre introduits, \u00e0 pied, dans le sous-sol, ils ont d\u2019abord essay\u00e9 de soulever un rideau m\u00e9tallique. Sans succ\u00e8s. Encore pas d\u00e9cid\u00e9s \u00e0 abandonner, ils ont ensuite pris la direction du poste de s\u00e9curit\u00e9 du parking. Dans l\u2019id\u00e9e d\u2019y trouver un bouton d\u2019ouverture\u2009?<\/p>\n<p class=\" wall-content\">Apr\u00e8s avoir forc\u00e9 la porte du local, ils sont finalement <strong>repartis avec deux jeux de cl\u00e9s<\/strong> qui se sont r\u00e9v\u00e9l\u00e9s totalement inefficaces dans leur projet. Chou blanc\u2009: ils sont repartis bredouilles, sans leurs voitures, mais avec leur image capt\u00e9e par la vid\u00e9osurveillance.<\/p>\n<p>Des plaintes d\u00e9pos\u00e9es<\/p>\n<p class=\" wall-content\">La police s\u2019est d\u00e9plac\u00e9e et les responsables de l\u2019hypermarch\u00e9 Carrefour ont \u00e9t\u00e9 invit\u00e9s \u00e0 d\u00e9poser plainte pour qu\u2019une enqu\u00eate soit ouverte et que <strong>ces automobilistes imprudents et (tr\u00e8s) press\u00e9s<\/strong> r\u00e9pondent de leurs actes.<\/p>\n<p class=\" wall-content\">En attendant, la direction du magasin a pris la d\u00e9cision ne pas ouvrir dimanche matin. \u00ab\u2009Suite \u00e0 un vol ayant entra\u00een\u00e9 un probl\u00e8me technique, notre magasin sera exceptionnellement ferm\u00e9 ce dimanche matin\u2009\u00bb, a-t-elle expliqu\u00e9 sur Facebook.<\/p>\n<p>Votre r\u00e9gion, votre actu !<\/p>\n<p>Recevez chaque jour les infos qui comptent pour vous.<\/p>\n<p>\t<a href=\"https:\/\/actu.fr\/newsletter\" class=\"ac-btn ac-btn--corner ac-btn--medium ac-btn--blue800\" target=\"_blank\" rel=\"noopener\">S&rsquo;incrire<\/a><\/p>\n<p>    <a href=\"https:\/\/www.facebook.com\/plugins\/post.php?href=https%3A%2F%2Fwww.facebook.com%2FCarrefourMarseilleBonneveine%2Fposts%2Fpfbid0zg9cQNfD99yRWpsiQ24caLQEfCumw4tGVEKCMxnq2VxZWPpGGeqysCsZFQXTKj7Pl&amp;show_text=true&amp;width=350\" title=\"Ouvrie le lien\" target=\"_blank\" rel=\"noopener\">Cliquez ici pour visualiser le contenu<\/a><\/p>\n<p class=\" wall-content\">Le supermarch\u00e9 a <strong>rouvert normalement ce lundi matin.<\/strong><\/p>\n<p class=\" wall-content\">Personnalisez votre actualit\u00e9 en ajoutant vos villes et m\u00e9dias en favori avec <a href=\"https:\/\/moncompte.actu.fr\" title=\"D\u00e9couvez Mon Actu\" rel=\"nofollow noopener\" data-trk=\"{&quot;cta&quot;:{&quot;action&quot;:&quot;https:\\\/\\\/moncompte.actu.fr&quot;,&quot;category&quot;:&quot;mon compte&quot;,&quot;from&quot;:&quot;article footer&quot;,&quot;name&quot;:&quot;Mon actu&quot;,&quot;type&quot;:&quot;cta&quot;}}\" target=\"_blank\">Mon Actu<\/a>.<\/p>\n","protected":false},"excerpt":{"rendered":"Par Fabien Binacchi Publi\u00e9 le 12 janv. 2026 \u00e0 10h09 INFO ACTU MARSEILLE. \u00ab\u2009Vous savez pourquoi Carrefour Bonneveine&hellip;\n","protected":false},"author":2,"featured_media":658119,"comment_status":"","ping_status":"","sticky":false,"template":"","format":"standard","meta":{"footnotes":""},"categories":[2814],"tags":[1111,11,1174,4304,215,1777,674,118,1011,27,884,12,882,25],"class_list":{"0":"post-658118","1":"post","2":"type-post","3":"status-publish","4":"format-standard","5":"has-post-thumbnail","7":"category-marseille","8":"tag-actu","9":"tag-actualites","10":"tag-cambriolage","11":"tag-carrefour","12":"tag-commerce","13":"tag-eu","14":"tag-europe","15":"tag-faits-divers","16":"tag-fr","17":"tag-france","18":"tag-marseille","19":"tag-news","20":"tag-provence-alpes-cote-dazur","21":"tag-republique-francaise"},"share_on_mastodon":{"url":"","error":""},"_links":{"self":[{"href":"https:\/\/www.europesays.com\/fr\/wp-json\/wp\/v2\/posts\/658118","targetHints":{"allow":["GET"]}}],"collection":[{"href":"https:\/\/www.europesays.com\/fr\/wp-json\/wp\/v2\/posts"}],"about":[{"href":"https:\/\/www.europesays.com\/fr\/wp-json\/wp\/v2\/types\/post"}],"author":[{"embeddable":true,"href":"https:\/\/www.europesays.com\/fr\/wp-json\/wp\/v2\/users\/2"}],"replies":[{"embeddable":true,"href":"https:\/\/www.europesays.com\/fr\/wp-json\/wp\/v2\/comments?post=658118"}],"version-history":[{"count":0,"href":"https:\/\/www.europesays.com\/fr\/wp-json\/wp\/v2\/posts\/658118\/revisions"}],"wp:featuredmedia":[{"embeddable":true,"href":"https:\/\/www.europesays.com\/fr\/wp-json\/wp\/v2\/media\/658119"}],"wp:attachment":[{"href":"https:\/\/www.europesays.com\/fr\/wp-json\/wp\/v2\/media?parent=658118"}],"wp:term":[{"taxonomy":"category","embeddable":true,"href":"https:\/\/www.europesays.com\/fr\/wp-json\/wp\/v2\/categories?post=658118"},{"taxonomy":"post_tag","embeddable":true,"href":"https:\/\/www.europesays.com\/fr\/wp-json\/wp\/v2\/tags?post=658118"}],"curies":[{"name":"wp","href":"https:\/\/api.w.org\/{rel}","templated":true}]}}