{"id":658120,"date":"2026-01-12T10:33:12","date_gmt":"2026-01-12T10:33:12","guid":{"rendered":"https:\/\/www.europesays.com\/fr\/658120\/"},"modified":"2026-01-12T10:33:12","modified_gmt":"2026-01-12T10:33:12","slug":"club-hotelier-lyonnais-5e-edition-des-trophees-dexcellence","status":"publish","type":"post","link":"https:\/\/www.europesays.com\/fr\/658120\/","title":{"rendered":"Club H\u00f4telier Lyonnais. 5e \u00e9dition des Troph\u00e9es d\u2019excellence &#8211;"},"content":{"rendered":"<p>\t\t\t\t<img fetchpriority=\"high\" decoding=\"async\" width=\"900\" height=\"600\" src=\"https:\/\/www.europesays.com\/fr\/wp-content\/uploads\/2026\/01\/03-Club-hotelier-lyonnais-1.jpg\" alt=\"\" title=\"03 Club hotelier lyonnais-1\"   class=\"wp-image-168927\"\/><\/p>\n<p><strong>Par la r\u00e9daction<\/strong> \u2013 Cet \u00e9v\u00e9nement met \u00e0 l\u2019honneur le dynamisme et le savoir-faire de la fili\u00e8re h\u00f4teli\u00e8re de la m\u00e9tropole de Lyon. L\u2019\u00e9dition anniversaire s\u2019est d\u00e9roul\u00e9e le lundi 15 d\u00e9cembre 2025 dans l\u2019\u00e9crin prestigieux de l\u2019InterContinental Lyon \u2013 H\u00f4tel Dieu.<\/p>\n<p>Ce sont plus de 50 candidats issus des pr\u00e8s de 140 \u00e9tablissements adh\u00e9rents de la M\u00e9tropole Lyonnaise qui ont \u00e9t\u00e9 convi\u00e9s \u00e0 se confronter aux concours, r\u00e9partis selon leur domaine d\u2019excellence : r\u00e9ception, service, bar, \u00e9tages et cuisine.<\/p>\n<p><img loading=\"lazy\" decoding=\"async\" class=\" wp-image-168928 alignleft\" src=\"data:image\/svg+xml,%3Csvg%20xmlns=\" http:=\"\" alt=\"\" width=\"186\" height=\"279\" data-lazy-src=\"https:\/\/www.europesays.com\/fr\/wp-content\/uploads\/2026\/01\/frederic-noblet-1.jpg\"\/>L\u2019enjeu de cette journ\u00e9e est de mettre en avant et de r\u00e9compenser le savoir-faire et savoir-\u00eatre des collaborateurs s\u00e9lectionn\u00e9s, et ainsi permettre aux \u00e9tablissements dont ils sont issus de leur apporter une reconnaissance, en plus d\u2019une mise en avant.<\/p>\n<p>\u00ab Depuis cinq ans, ces troph\u00e9es incarnent l\u2019esprit collectif et la passion qui animent les h\u00f4teliers lyonnais. C\u2019est un moment de reconnaissance, de partage et de rayonnement pour toute la profession \u00bb, a d\u00e9clar\u00e9 <strong>Fr\u00e9d\u00e9ric Noblet<\/strong>, pr\u00e9sident du Club H\u00f4telier Lyonnais qui rassemble 140 \u00e9tablissements.<\/p>\n<p>Apr\u00e8s une journ\u00e9e de concours, tous les candidats et adh\u00e9rents du CHL ont \u00e9t\u00e9 convi\u00e9s \u00e0 la remise des prix et au cocktail de cl\u00f4ture. De nombreux repr\u00e9sentants institutionnels publics et priv\u00e9s participant du secteur h\u00f4telier et touristique \u00e9taient eux aussi pr\u00e9sents lors de cette soir\u00e9e.<\/p>\n<p><strong>LES LAUR\u00c9ATS<\/strong><\/p>\n<p>\u00c9preuve Etages : <strong>Lise Gadavics<\/strong> (H\u00f4tel Carlton Lyon)<\/p>\n<p>\u00c9preuve Bar : <strong>Nael Essafi<\/strong> (InterContinental Hotel Dieu)<\/p>\n<p>\u00c9preuve cuisine : <strong>Charlotte Mercier<\/strong> (Crowne Plaza Lyon Cit\u00e9 Internationale Hotel)<\/p>\n<p>\u00c9preuve R\u00e9ception : <strong>Daniel Rojas Villalobos <\/strong>(Crowne Plaza Lyon Cit\u00e9 Internationale Hotel)<\/p>\n<p>\u00c9preuve de Service : <strong>N\u00f4a Martin<\/strong> (H\u00f4tel Lyon M\u00e9tropole &amp; Spa)<\/p>\n<p>\u00a0<\/p>\n","protected":false},"excerpt":{"rendered":"Par la r\u00e9daction \u2013 Cet \u00e9v\u00e9nement met \u00e0 l\u2019honneur le dynamisme et le savoir-faire de la fili\u00e8re h\u00f4teli\u00e8re&hellip;\n","protected":false},"author":2,"featured_media":658121,"comment_status":"","ping_status":"","sticky":false,"template":"","format":"standard","meta":{"footnotes":""},"categories":[1889],"tags":[4257,1111,11,2430,76040,1777,674,1011,27,2428,12,25],"class_list":{"0":"post-658120","1":"post","2":"type-post","3":"status-publish","4":"format-standard","5":"has-post-thumbnail","7":"category-lyon","8":"tag-0top","9":"tag-actu","10":"tag-actualites","11":"tag-auvergne-rhone-alpes","12":"tag-club-hotelier-lyonnais","13":"tag-eu","14":"tag-europe","15":"tag-fr","16":"tag-france","17":"tag-lyon","18":"tag-news","19":"tag-republique-francaise"},"share_on_mastodon":{"url":"https:\/\/pubeurope.com\/@fr\/115881679588829503","error":""},"_links":{"self":[{"href":"https:\/\/www.europesays.com\/fr\/wp-json\/wp\/v2\/posts\/658120","targetHints":{"allow":["GET"]}}],"collection":[{"href":"https:\/\/www.europesays.com\/fr\/wp-json\/wp\/v2\/posts"}],"about":[{"href":"https:\/\/www.europesays.com\/fr\/wp-json\/wp\/v2\/types\/post"}],"author":[{"embeddable":true,"href":"https:\/\/www.europesays.com\/fr\/wp-json\/wp\/v2\/users\/2"}],"replies":[{"embeddable":true,"href":"https:\/\/www.europesays.com\/fr\/wp-json\/wp\/v2\/comments?post=658120"}],"version-history":[{"count":0,"href":"https:\/\/www.europesays.com\/fr\/wp-json\/wp\/v2\/posts\/658120\/revisions"}],"wp:featuredmedia":[{"embeddable":true,"href":"https:\/\/www.europesays.com\/fr\/wp-json\/wp\/v2\/media\/658121"}],"wp:attachment":[{"href":"https:\/\/www.europesays.com\/fr\/wp-json\/wp\/v2\/media?parent=658120"}],"wp:term":[{"taxonomy":"category","embeddable":true,"href":"https:\/\/www.europesays.com\/fr\/wp-json\/wp\/v2\/categories?post=658120"},{"taxonomy":"post_tag","embeddable":true,"href":"https:\/\/www.europesays.com\/fr\/wp-json\/wp\/v2\/tags?post=658120"}],"curies":[{"name":"wp","href":"https:\/\/api.w.org\/{rel}","templated":true}]}}