{"id":658126,"date":"2026-01-12T10:37:12","date_gmt":"2026-01-12T10:37:12","guid":{"rendered":"https:\/\/www.europesays.com\/fr\/658126\/"},"modified":"2026-01-12T10:37:12","modified_gmt":"2026-01-12T10:37:12","slug":"meteo-apres-la-neige-et-la-tempete-goretti-un-changement-radical-a-paris-et-en-ile-de-france","status":"publish","type":"post","link":"https:\/\/www.europesays.com\/fr\/658126\/","title":{"rendered":"M\u00e9t\u00e9o. Apr\u00e8s la neige et la temp\u00eate Goretti, un changement radical \u00e0 Paris et en \u00cele-de-France"},"content":{"rendered":"<p>                    Par<br \/>\n        <strong><br \/>\n            <a href=\"https:\/\/actu.fr\/auteur\/redaction-paris\" title=\"Consulter tous les articles de R\u00e9daction Paris\" target=\"_blank\" rel=\"noopener\">R\u00e9daction Paris<\/a><br \/>\n                    <\/strong><\/p>\n<p>        Publi\u00e9 le<\/p>\n<p>            12 janv. 2026 \u00e0 10h54        <\/p>\n<p>Apr\u00e8s deux \u00e9pisodes de neige et la temp\u00eate Goretti, la <a href=\"https:\/\/actu.fr\/paris\/meteo\" target=\"_blank\" rel=\"noopener\">m\u00e9t\u00e9o<\/a> s\u2019annonce plus cl\u00e9mente cette semaine du 12 au 16 janvier 2026. Les temp\u00e9ratures seront<strong> au-dessus des moyennes<\/strong> de saison avec plusieurs \u00e9pisodes de pluie.\u00a0<\/p>\n<p>Peu de soleil<\/p>\n<p class=\" wall-content\">D\u00e9but de semaine humide : le temps sera \u00ab changeant \u00bb et pourra donner des <strong>averses.<\/strong> Le soleil se fera donc rare, souvent cach\u00e9 par les nuages, pr\u00e9voit M\u00e9t\u00e9o-France pour ce lundi 12 janvier 2026. Il fera entre 7\u00b0C et 10\u00b0C. Le lendemain, mardi 13 janvier 2026, des \u00ab passages nuageux de haute altitude \u00bb devraient durer toute la journ\u00e9e. Les thermom\u00e8tres oscilleront entre 7\u00b0C et 9\u00b0C.<\/p>\n<p class=\" wall-content\">Mercredi 14 janvier 2026, retour du soleil et du ciel bleu qui seront \u00ab\u00a0pr\u00e9dominant\u00a0\u00bb, pr\u00e9dit l\u2019institut de m\u00e9t\u00e9orologie. Le mercure ira de 7\u00b0C \u00e0 10\u00b0C. Attention \u00e0 ne pas trop s\u2019habituer \u00e0 l\u2019astre Roi : les <strong>nuages<\/strong> seront de retour d\u00e8s jeudi 15 janvier 2026.\u00a0Il fera de 6\u00b0C \u00e0 9\u00b0C.\u00a0<\/p>\n<p class=\" wall-content\">Vendredi 17 janvier 2026, situation similaire : de la pluie le matin et des <strong>averses<\/strong> l\u2019apr\u00e8s-midi avec des temp\u00e9ratures allant de 6\u00b0C \u00e0 9\u00b0C.<\/p>\n<p class=\" wall-content\">Personnalisez votre actualit\u00e9 en ajoutant vos villes et m\u00e9dias en favori avec <a href=\"https:\/\/moncompte.actu.fr\" title=\"D\u00e9couvez Mon Actu\" rel=\"nofollow noopener\" data-trk=\"{&quot;cta&quot;:{&quot;action&quot;:&quot;https:\\\/\\\/moncompte.actu.fr&quot;,&quot;category&quot;:&quot;mon compte&quot;,&quot;from&quot;:&quot;article footer&quot;,&quot;name&quot;:&quot;Mon actu&quot;,&quot;type&quot;:&quot;cta&quot;}}\" target=\"_blank\">Mon Actu<\/a>.<\/p>\n","protected":false},"excerpt":{"rendered":"Par R\u00e9daction Paris Publi\u00e9 le 12 janv. 2026 \u00e0 10h54 Apr\u00e8s deux \u00e9pisodes de neige et la temp\u00eate&hellip;\n","protected":false},"author":2,"featured_media":609495,"comment_status":"","ping_status":"","sticky":false,"template":"","format":"standard","meta":{"footnotes":""},"categories":[1888],"tags":[1111,1928,11,1927,1777,674,1011,27,2487,2357,12,1926,626,1925,25],"class_list":{"0":"post-658126","1":"post","2":"type-post","3":"status-publish","4":"format-standard","5":"has-post-thumbnail","7":"category-paris","8":"tag-actu","9":"tag-actu-paris","10":"tag-actualites","11":"tag-actualites-paris","12":"tag-eu","13":"tag-europe","14":"tag-fr","15":"tag-france","16":"tag-meteo","17":"tag-meteo-france","18":"tag-news","19":"tag-news-paris","20":"tag-paris","21":"tag-paris-news","22":"tag-republique-francaise"},"share_on_mastodon":{"url":"https:\/\/pubeurope.com\/@fr\/115881695764068711","error":""},"_links":{"self":[{"href":"https:\/\/www.europesays.com\/fr\/wp-json\/wp\/v2\/posts\/658126","targetHints":{"allow":["GET"]}}],"collection":[{"href":"https:\/\/www.europesays.com\/fr\/wp-json\/wp\/v2\/posts"}],"about":[{"href":"https:\/\/www.europesays.com\/fr\/wp-json\/wp\/v2\/types\/post"}],"author":[{"embeddable":true,"href":"https:\/\/www.europesays.com\/fr\/wp-json\/wp\/v2\/users\/2"}],"replies":[{"embeddable":true,"href":"https:\/\/www.europesays.com\/fr\/wp-json\/wp\/v2\/comments?post=658126"}],"version-history":[{"count":0,"href":"https:\/\/www.europesays.com\/fr\/wp-json\/wp\/v2\/posts\/658126\/revisions"}],"wp:featuredmedia":[{"embeddable":true,"href":"https:\/\/www.europesays.com\/fr\/wp-json\/wp\/v2\/media\/609495"}],"wp:attachment":[{"href":"https:\/\/www.europesays.com\/fr\/wp-json\/wp\/v2\/media?parent=658126"}],"wp:term":[{"taxonomy":"category","embeddable":true,"href":"https:\/\/www.europesays.com\/fr\/wp-json\/wp\/v2\/categories?post=658126"},{"taxonomy":"post_tag","embeddable":true,"href":"https:\/\/www.europesays.com\/fr\/wp-json\/wp\/v2\/tags?post=658126"}],"curies":[{"name":"wp","href":"https:\/\/api.w.org\/{rel}","templated":true}]}}