{"id":658131,"date":"2026-01-12T10:40:22","date_gmt":"2026-01-12T10:40:22","guid":{"rendered":"https:\/\/www.europesays.com\/fr\/658131\/"},"modified":"2026-01-12T10:40:22","modified_gmt":"2026-01-12T10:40:22","slug":"moi-damien-parisien-et-ancien-plongeur-olympique","status":"publish","type":"post","link":"https:\/\/www.europesays.com\/fr\/658131\/","title":{"rendered":"Moi, Damien, Parisien et ancien plongeur olympique"},"content":{"rendered":"<p>\n  Si les sapeurs-pompiers de Paris sont aussi efficaces en intervention, c\u2019est en partie gr\u00e2ce \u00e0 lui. Damien C\u00e9ly, ancien plongeur de l\u2019\u00e9quipe de France olympique de natation, a troqu\u00e9 son maillot de bain pour l\u2019uniforme de formateur chez les soldats du feu. Rencontre (muscl\u00e9e).\n<\/p>\n<p>  De plongeur olympique\u2026<\/p>\n<p>\n  \u00ab\u00a0\u00c0 l\u2019origine, ma discipline, c\u2019est la gymnastique, mais, apr\u00e8s une<br \/>\ngrave blessure au coude, on m\u2019a annonc\u00e9 que je ne pourrai jamais \u00e9voluer au<br \/>\nhaut niveau. Je me suis alors r\u00e9orient\u00e9 vers le plongeon, que je<br \/>\npratiquais d\u00e9j\u00e0 pour le plaisir avec l\u2019un de mes entra\u00eeneurs. Il a d\u00e9cel\u00e9 un<br \/>\ntruc chez moi et, gr\u00e2ce \u00e0 lui, j\u2019ai pu int\u00e9grer l\u2019Institut national du sport,<br \/>\nde l\u2019expertise et de la performance (INSEP). Comme je ne venais pas du monde du<br \/>\nplongeon, peu de gens croyaient en moi, c\u2019est pourquoi j\u2019ai d\u00fb redoubler<br \/>\nd\u2019efforts.\n<\/p>\n<p>\n  Les Jeux<br \/>\nolympiques ont toujours \u00e9t\u00e9 mon objectif premier. J\u2019ai tent\u00e9 une premi\u00e8re fois<br \/>\nde me qualifier pour ceux de P\u00e9kin en 2008, en vain. <strong>Je n\u2019ai pas l\u00e2ch\u00e9 et j\u2019ai<br \/>\nfini par d\u00e9crocher ma place pour Londres 2012.<\/strong> Pour moi, c\u2019\u00e9tait<br \/>\nsymbolique\u00a0: ma m\u00e8re, d\u00e9c\u00e9d\u00e9e quand j\u2019\u00e9tais jeune, m\u2019avait fait promettre<br \/>\nde faire les JO en tant que gymnaste. Le plongeon m\u2019a donn\u00e9 cette deuxi\u00e8me<br \/>\nchance.\n<\/p>\n<p>\n  J\u2019ai v\u00e9cu ces Jeux de Londres comme<br \/>\nun r\u00eave \u00e9veill\u00e9. Tout \u00e9tait fou. Paradoxalement, je ne ressentais pas la pression\u00a0:<br \/>\nje savais que c\u2019\u00e9tait l\u2019aboutissement de ma carri\u00e8re de sportif. J\u2019ai donc<br \/>\nvraiment profit\u00e9 de chaque seconde.\u00a0\u00bb\n<\/p>\n<p>            <a data-lightbox=\"gallery-block-7826693745849\" data-title=\"Le plongeur Damien C\u00e9ly est serein, m\u00eame dans les airs. - Cr\u00e9dit photo : Benjamin Auffret.\" href=\"https:\/\/www.europesays.com\/fr\/wp-content\/uploads\/2026\/01\/original-2f59f77cc35fcc657c58fd8521f6e81f.jpeg\"><br \/>\n              <img decoding=\"async\" alt=\"Photo de Damien C\u00e9ly, ancien plongeur professionnel, en pleine action.\" loading=\"lazy\" data-flickity-lazyload=\"https:\/\/www.europesays.com\/fr\/wp-content\/uploads\/2026\/01\/original-2f59f77cc35fcc657c58fd8521f6e81f.jpeg\" src=\"https:\/\/www.europesays.com\/fr\/wp-content\/uploads\/2026\/01\/original-2f59f77cc35fcc657c58fd8521f6e81f.jpeg\"\/><br \/>\n<\/a>        <\/p>\n<p>            <a data-lightbox=\"gallery-block-7826693745849\" data-title=\"Quelques secondes avant l\u2019impact. - Cr\u00e9dit photo : Benjamin Auffret.\" href=\"https:\/\/www.europesays.com\/fr\/wp-content\/uploads\/2026\/01\/original-012547229a2a0278da9beffd7fb1726e.jpeg\"><br \/>\n              <img decoding=\"async\" alt=\"Photo de Damien C\u00e9ly, ancien plongeur professionnel, en pleine action.\" loading=\"lazy\" data-flickity-lazyload=\"https:\/\/www.europesays.com\/fr\/wp-content\/uploads\/2026\/01\/original-012547229a2a0278da9beffd7fb1726e.jpeg\" src=\"https:\/\/www.europesays.com\/fr\/wp-content\/uploads\/2026\/01\/original-012547229a2a0278da9beffd7fb1726e.jpeg\"\/><br \/>\n<\/a>        <\/p>\n<p>  \u2026 \u00e0 formateur chez les sapeurs-pompiers<\/p>\n<p>\n  \u00ab\u00a0J\u2019ai int\u00e9gr\u00e9 la brigade de<br \/>\nsapeurs-pompiers de Paris (BSPP) en septembre 2012, deux semaines apr\u00e8s la fin<br \/>\ndes Jeux de Londres. J\u2019ai d\u00e9couvert cette vocation pendant mes ann\u00e9es \u00e0<br \/>\nl\u2019INSEP. En parall\u00e8le de mon entra\u00eenement, je passais des dipl\u00f4mes pour devenir<br \/>\nma\u00eetre-nageur et on avait des cours de secourisme avec des pompiers. C\u2019est l\u00e0<br \/>\nque j\u2019ai eu le d\u00e9clic.\n<\/p>\n<p>\n  Au d\u00e9but, c\u2019\u00e9tait perturbant\u00a0:<br \/>\nj\u2019avais atteint les sommets en tant qu\u2019athl\u00e8te, et l\u00e0, je recommen\u00e7ais tout en<br \/>\nbas de l\u2019\u00e9chelle. J\u2019ai d\u2019abord travaill\u00e9 pendant sept ans au service<br \/>\nd\u2019incendies et de secours, puis je suis pass\u00e9 au bureau sport du 2e groupement d\u2019incendies et de secours. J\u2019y donnais<br \/>\nnotamment des cours de gymnastique, qui permet d\u2019\u00eatre plus efficace en<br \/>\nintervention.\n<\/p>\n<p>\n  <strong>Maintenant, cela fait un peu plus de trois ans que je travaille<br \/>\nen tant que formateur sur le site de l\u2019\u00e9cole de la BSPP<\/strong> \u00e0 Limeil-Br\u00e9vannes<br \/>\n(Val-de-Marne). J\u2019y enseigne la natation, la musculation, la gym et les TIOR (techniques<br \/>\nd\u2019intervention op\u00e9rationnelle rapproch\u00e9e). Au quotidien, j\u2019essaye de<br \/>\ntransmettre de la bienveillance \u00e0 mes \u00e9l\u00e8ves pompiers. Je les pousse \u00e0 donner<br \/>\nle meilleur d\u2019eux-m\u00eames et on cultive ensemble cette envie de vouloir toujours<br \/>\naider notre prochain.\u00a0\u00bb\n<\/p>\n<p>            <a data-lightbox=\"gallery-block-4387767581902\" data-title=\"Oui, cette photo est dans le bon sens. - Cr\u00e9dit photo : Jean-Baptiste Gurliat \/ Mairie de Paris\" href=\"https:\/\/www.europesays.com\/fr\/wp-content\/uploads\/2026\/01\/original-69aab19e786bcf88bcbb42139534b53a.jpg\"><br \/>\n              <img decoding=\"async\" alt=\"Portait de Damien Cely - BSPP en plein gainage dans un espace d'\u00e9quipement sportif.\" loading=\"lazy\" data-flickity-lazyload=\"https:\/\/www.europesays.com\/fr\/wp-content\/uploads\/2026\/01\/original-69aab19e786bcf88bcbb42139534b53a.jpg\" src=\"https:\/\/www.europesays.com\/fr\/wp-content\/uploads\/2026\/01\/original-69aab19e786bcf88bcbb42139534b53a.jpg\"\/><br \/>\n<\/a>        <\/p>\n<p>            <a data-lightbox=\"gallery-block-4387767581902\" data-title=\"La gymnastique fait partie des disciplines enseign\u00e9es par Damien C\u00e9ly \u00e0 l\u2019\u00e9cole de la BSPP. - Cr\u00e9dit photo : Jean-Baptiste Gurliat \/ Mairie de Paris\" href=\"https:\/\/www.europesays.com\/fr\/wp-content\/uploads\/2026\/01\/original-15e68461e8cb081713db82672ac308e3.jpg\"><br \/>\n              <img decoding=\"async\" alt=\"Portait de Damien Cely - BSPP en plein effort sur un \u00e9quipement sportif.\" loading=\"lazy\" data-flickity-lazyload=\"https:\/\/www.europesays.com\/fr\/wp-content\/uploads\/2026\/01\/original-15e68461e8cb081713db82672ac308e3.jpg\" src=\"https:\/\/www.europesays.com\/fr\/wp-content\/uploads\/2026\/01\/original-15e68461e8cb081713db82672ac308e3.jpg\"\/><br \/>\n<\/a>        <\/p>\n<p>        On garde le rythme avec la newsletter Sports\u00a0!<\/p>\n<p>\n      Default Confirmation Text<br \/>\n      <br \/>Settings Text Html\n    <\/p>\n","protected":false},"excerpt":{"rendered":"Si les sapeurs-pompiers de Paris sont aussi efficaces en intervention, c\u2019est en partie gr\u00e2ce \u00e0 lui. Damien C\u00e9ly,&hellip;\n","protected":false},"author":2,"featured_media":658132,"comment_status":"","ping_status":"","sticky":false,"template":"","format":"standard","meta":{"footnotes":""},"categories":[1888],"tags":[11,1777,674,1011,27,12,626,25],"class_list":{"0":"post-658131","1":"post","2":"type-post","3":"status-publish","4":"format-standard","5":"has-post-thumbnail","7":"category-paris","8":"tag-actualites","9":"tag-eu","10":"tag-europe","11":"tag-fr","12":"tag-france","13":"tag-news","14":"tag-paris","15":"tag-republique-francaise"},"share_on_mastodon":{"url":"https:\/\/pubeurope.com\/@fr\/115881707341019191","error":""},"_links":{"self":[{"href":"https:\/\/www.europesays.com\/fr\/wp-json\/wp\/v2\/posts\/658131","targetHints":{"allow":["GET"]}}],"collection":[{"href":"https:\/\/www.europesays.com\/fr\/wp-json\/wp\/v2\/posts"}],"about":[{"href":"https:\/\/www.europesays.com\/fr\/wp-json\/wp\/v2\/types\/post"}],"author":[{"embeddable":true,"href":"https:\/\/www.europesays.com\/fr\/wp-json\/wp\/v2\/users\/2"}],"replies":[{"embeddable":true,"href":"https:\/\/www.europesays.com\/fr\/wp-json\/wp\/v2\/comments?post=658131"}],"version-history":[{"count":0,"href":"https:\/\/www.europesays.com\/fr\/wp-json\/wp\/v2\/posts\/658131\/revisions"}],"wp:featuredmedia":[{"embeddable":true,"href":"https:\/\/www.europesays.com\/fr\/wp-json\/wp\/v2\/media\/658132"}],"wp:attachment":[{"href":"https:\/\/www.europesays.com\/fr\/wp-json\/wp\/v2\/media?parent=658131"}],"wp:term":[{"taxonomy":"category","embeddable":true,"href":"https:\/\/www.europesays.com\/fr\/wp-json\/wp\/v2\/categories?post=658131"},{"taxonomy":"post_tag","embeddable":true,"href":"https:\/\/www.europesays.com\/fr\/wp-json\/wp\/v2\/tags?post=658131"}],"curies":[{"name":"wp","href":"https:\/\/api.w.org\/{rel}","templated":true}]}}