{"id":658168,"date":"2026-01-12T11:04:16","date_gmt":"2026-01-12T11:04:16","guid":{"rendered":"https:\/\/www.europesays.com\/fr\/658168\/"},"modified":"2026-01-12T11:04:16","modified_gmt":"2026-01-12T11:04:16","slug":"hybe-aurait-propose-un-echange-autour-de-la-tournee-mondiale-de-bts-les-fans-sont-mecontents","status":"publish","type":"post","link":"https:\/\/www.europesays.com\/fr\/658168\/","title":{"rendered":"HYBE aurait propos\u00e9 un \u00e9change autour de la tourn\u00e9e mondiale de BTS, les fans sont m\u00e9contents"},"content":{"rendered":"<p>Le 9 janvier 2026, <strong>un article professionnel sur la tourn\u00e9e mondiale de BTS a attir\u00e9 l\u2019attention du secteur musical international<\/strong>.<\/p>\n<p>Selon Hits Daily Double, <strong>des discussions importantes auraient eu lieu concernant la prochaine tourn\u00e9e de BTS.<\/strong> Ces informations interviennent alors que le groupe pr\u00e9pare son retour sur sc\u00e8ne, tr\u00e8s attendu par les fans, et <a href=\"https:\/\/altselection.ouest-france.fr\/les-details-du-nouvel-album-de-bts-devoiles-par-bighit-titres-et-tournee-mondiale-2026\/\" target=\"_blank\" rel=\"noopener\">plusieurs \u00e9l\u00e9ments li\u00e9s \u00e0 cette tourn\u00e9e circulent d\u00e9j\u00e0 dans le milieu musical.<\/a><\/p>\n<p><img loading=\"lazy\" decoding=\"async\" width=\"973\" height=\"547\" src=\"https:\/\/www.europesays.com\/fr\/wp-content\/uploads\/2026\/01\/Tournee-mondiale-de-BTS-en-2026-comment-obtenir-vos-billets.webp.webp\" alt=\"HYBE aurait propos\u00e9 un \u00e9change autour de la tourn\u00e9e mondiale de BTS, les fans sont m\u00e9contents\" class=\"wp-image-287007 lazyload\" title=\"HYBE aurait propos\u00e9 un \u00e9change autour de la tourn\u00e9e mondiale de BTS, les fans sont m\u00e9contents\"  \/>Une tourn\u00e9e mondiale \u00e9voqu\u00e9e par Hits Daily Double<\/p>\n<p>Le journaliste <strong>Marc Pollack a publi\u00e9 une chronique intitul\u00e9e \u00ab\u202fWheels and Deals\u202f\u00bb<\/strong> dans Hits Daily Double, dans laquelle <strong>il explique que HYBE aurait propos\u00e9 un accord peu habituel<\/strong>. D\u2019apr\u00e8s ces informations, <strong>BTS devrait officiellement annoncer sa premi\u00e8re tourn\u00e9e depuis le 14 janvier 2022.<\/strong> La tourn\u00e9e pr\u00e9voirait environ 60 concerts, avec 30 dates \u00e0 l\u2019international et 30 autres en Am\u00e9rique du Nord.<\/p>\n<p>Selon le rapport, <strong>la direction de HYBE aurait discut\u00e9 avec AEG Presents<\/strong> au sujet de cette tourn\u00e9e. <strong>L\u2019entreprise aurait propos\u00e9 de c\u00e9der tous les droits li\u00e9s \u00e0 la promotion de la tourn\u00e9e mondiale de BTS<\/strong>. En \u00e9change, <strong>HYBE souhaiterait obtenir une participation de 50\u2009% dans le festival Coachella<\/strong>. Toutefois, des sources cit\u00e9es par le m\u00e9dia indiquent <strong>que cette proposition aurait \u00e9t\u00e9 refus\u00e9e, ce qui aurait interrompu les discussions<\/strong>.<\/p>\n<p><img loading=\"lazy\" decoding=\"async\" width=\"976\" height=\"549\" src=\"https:\/\/www.europesays.com\/fr\/wp-content\/uploads\/2026\/01\/HYBE-accuse-de-negliger-BTS-dans-sa-strategie-de-comeback-apres-les-Grammy-Awards.jpg\" alt=\"HYBE aurait propos\u00e9 un \u00e9change autour de la tourn\u00e9e mondiale de BTS, les fans sont m\u00e9contents\" class=\"wp-image-278826 lazyload\" title=\"HYBE aurait propos\u00e9 un \u00e9change autour de la tourn\u00e9e mondiale de BTS, les fans sont m\u00e9contents\"  \/>Live Nation impliqu\u00e9 dans la promotion<\/p>\n<p>Toujours selon Hits Daily Double, <strong>cette situation aurait permis \u00e0 Live Nation de se positionner pour la tourn\u00e9e<\/strong>. L\u2019entreprise assurerait la promotion de la majorit\u00e9 des concerts, principalement ceux pr\u00e9vus en Am\u00e9rique du Nord.<\/p>\n<p><strong>Cette participation pourrait donner lieu \u00e0 une nouvelle collaboration apr\u00e8s le succ\u00e8s des concerts Permission to Dance On Stage<\/strong>. Ainsi, <strong>la gestion de la tourn\u00e9e semble se dessiner progressivement avec de nouveaux partenaires<\/strong>.<\/p>\n<p>Cependant, <strong>ni HYBE ni AEG Presents n\u2019ont publi\u00e9 de d\u00e9claration officielle \u00e0 ce sujet<\/strong>. Les informations relay\u00e9es reposent uniquement sur des sources du secteur musical. \u00c0 ce stade, <strong>il s\u2019agit donc de rumeurs, sans confirmation publique de la part des entreprises concern\u00e9es<\/strong>. Cependant, les internautes sont m\u00e9contents.<\/p>\n<p>Les r\u00e9actions des internautes<img loading=\"lazy\" decoding=\"async\" width=\"1547\" height=\"773\" src=\"https:\/\/www.europesays.com\/fr\/wp-content\/uploads\/2026\/01\/Le-comeback-tant-attendu-de-BTS-approche-les-fans-lancent-le-compte-a-rebours-sur-X0A.jpg\" alt=\"HYBE aurait propos\u00e9 un \u00e9change autour de la tourn\u00e9e mondiale de BTS, les fans sont m\u00e9contents\" class=\"wp-image-242119 lazyload\" title=\"HYBE aurait propos\u00e9 un \u00e9change autour de la tourn\u00e9e mondiale de BTS, les fans sont m\u00e9contents\"  \/><\/p>\n<p>Beaucoup ont pens\u00e9 <strong>que HYBE avait fait cette proposition pour d\u00e9cider quels groupes de K-pop se produiraient \u00e0 Coachella.<\/strong> Face \u00e0 cela, <strong>les fans affirment \u00eatre fatigu\u00e9s de voir HYBE exploiter BTS et ont estim\u00e9 qu\u2019ils devraient quitter la soci\u00e9t\u00e9<\/strong>. Plusieurs ont exprim\u00e9 leur m\u00e9contentement :<\/p>\n<p>\u00ab\u202fBTS devrait envisager de partir et de cr\u00e9er leur propre label. HYBE d\u00e9truit leur image.\u202f\u00bb<br \/>\u00ab\u202fIls ont vraiment besoin de repenser le renouvellement de leurs contrats.\u00bb<br \/>\u00ab\u202fJusqu\u2019\u00e0 quand vont-ils utiliser BTS\u00a0? L\u00e0, c\u2019est trop.\u202fIl faut quitter l\u2019agence \u00bb<br \/>\u00ab\u202fPourquoi sont-ils aussi obs\u00e9d\u00e9s par Coachella\u202f?\u202f\u00bb<\/p>\n<p>D\u2019autres ont trouv\u00e9 <strong>que la demande \u00e9tait exag\u00e9r\u00e9e, surtout avec 50% <\/strong>:<\/p>\n<p>\u00ab\u202fC\u2019est quoi ce d\u00e9lire\u202f?\u202f\u00bb<br \/>\u00ab\u202fPeu importe \u00e0 quel point BTS est g\u00e9nial, demander 50\u202f% de Coachella, \u00e7a d\u00e9passe les limites.\u202f\u00bb<br \/>\u00ab\u202fIls doivent vraiment se ressaisir\u2026 50\u202f% de Coachella\u202f?\u202f\u00bb<br \/>\u00ab\u202fC\u2019est s\u00e9rieux, \u00e7a\u202f?\u202f\u00bb<br \/>\u00ab\u202fVous croyez r\u00e9ellement qu\u2019ils donneraient 50\u202f%\u202f? C\u2019est compl\u00e8tement fou.\u202f\u00bb<\/p>\n<p>Un moment cl\u00e9 pour le retour de BTS<img loading=\"lazy\" decoding=\"async\" width=\"1920\" height=\"1080\" src=\"https:\/\/www.europesays.com\/fr\/wp-content\/uploads\/2026\/01\/BTS-tease-un-comeback-le-6-mars-Une-horloge-mysterieuse-intrigue-les-ARMYs.jpg\" alt=\"HYBE aurait propos\u00e9 un \u00e9change autour de la tourn\u00e9e mondiale de BTS, les fans sont m\u00e9contents\" class=\"wp-image-255549 lazyload\" title=\"HYBE aurait propos\u00e9 un \u00e9change autour de la tourn\u00e9e mondiale de BTS, les fans sont m\u00e9contents\"  \/><\/p>\n<p>Ces rumeurs apparaissent \u00e0 un moment important pour BTS. <a href=\"https:\/\/altselection.ouest-france.fr\/bts-confirme-la-date-exacte-de-son-retour-et-confirme-sa-tournee-mondiale-2026\/\" target=\"_blank\" rel=\"noopener\"><strong>Le groupe fera son retour au complet en mars 2026<\/strong>,<\/a> apr\u00e8s la fin du service militaire. HYBE a d\u00e9j\u00e0 indiqu\u00e9 que cette ann\u00e9e marquerait une nouvelle \u00e9tape pour le groupe, avec <strong>des projets mondiaux, de nouvelles sorties musicales et une tourn\u00e9e internationale en pr\u00e9paration<\/strong>.<\/p>\n<p>Selon des analystes du secteur, <strong>la tourn\u00e9e mondiale de BTS ferait partie des plus rentables de ces derni\u00e8res ann\u00e9es.<\/strong><\/p>\n<p>Qu\u2019en pensez-vous\u00a0?<\/p>\n<p>  Si vous appr\u00e9ciez notre travail, vous pouvez nous soutenir en nous suivant sur Google :  <a href=\"https:\/\/profile.google.com\/cp\/EjwKHGFsdHNlbGVjdGlvbi5vdWVzdC1mcmFuY2UuZnISHGFsdHNlbGVjdGlvbi5vdWVzdC1mcmFuY2UuZnI\" target=\"_blank\" rel=\"noopener nofollow external\" style=\"&#010; display:inline-block !important;&#010; padding:12px 20px !important;&#010; background:#ff2d89 !important;&#010; color:#fff !important;&#010; border-radius:999px !important;&#010; font-weight:700 !important;&#010; text-decoration:none !important;&#010; line-height:1 !important;&#010; border:0 !important;&#010; box-shadow:0 6px 18px rgba(255,45,137,.25) !important;&#010; transition:transform .06s ease, box-shadow .2s ease !important;\"> Suivre sur Google News <\/a><\/p>\n","protected":false},"excerpt":{"rendered":"Le 9 janvier 2026, un article professionnel sur la tourn\u00e9e mondiale de BTS a attir\u00e9 l\u2019attention du secteur&hellip;\n","protected":false},"author":2,"featured_media":658169,"comment_status":"","ping_status":"","sticky":false,"template":"","format":"standard","meta":{"footnotes":""},"categories":[1355],"tags":[58,59,1011,27,1361,873],"class_list":{"0":"post-658168","1":"post","2":"type-post","3":"status-publish","4":"format-standard","5":"has-post-thumbnail","7":"category-musique","8":"tag-divertissement","9":"tag-entertainment","10":"tag-fr","11":"tag-france","12":"tag-music","13":"tag-musique"},"share_on_mastodon":{"url":"https:\/\/pubeurope.com\/@fr\/115881801676717085","error":""},"_links":{"self":[{"href":"https:\/\/www.europesays.com\/fr\/wp-json\/wp\/v2\/posts\/658168","targetHints":{"allow":["GET"]}}],"collection":[{"href":"https:\/\/www.europesays.com\/fr\/wp-json\/wp\/v2\/posts"}],"about":[{"href":"https:\/\/www.europesays.com\/fr\/wp-json\/wp\/v2\/types\/post"}],"author":[{"embeddable":true,"href":"https:\/\/www.europesays.com\/fr\/wp-json\/wp\/v2\/users\/2"}],"replies":[{"embeddable":true,"href":"https:\/\/www.europesays.com\/fr\/wp-json\/wp\/v2\/comments?post=658168"}],"version-history":[{"count":0,"href":"https:\/\/www.europesays.com\/fr\/wp-json\/wp\/v2\/posts\/658168\/revisions"}],"wp:featuredmedia":[{"embeddable":true,"href":"https:\/\/www.europesays.com\/fr\/wp-json\/wp\/v2\/media\/658169"}],"wp:attachment":[{"href":"https:\/\/www.europesays.com\/fr\/wp-json\/wp\/v2\/media?parent=658168"}],"wp:term":[{"taxonomy":"category","embeddable":true,"href":"https:\/\/www.europesays.com\/fr\/wp-json\/wp\/v2\/categories?post=658168"},{"taxonomy":"post_tag","embeddable":true,"href":"https:\/\/www.europesays.com\/fr\/wp-json\/wp\/v2\/tags?post=658168"}],"curies":[{"name":"wp","href":"https:\/\/api.w.org\/{rel}","templated":true}]}}