{"id":658180,"date":"2026-01-12T11:10:17","date_gmt":"2026-01-12T11:10:17","guid":{"rendered":"https:\/\/www.europesays.com\/fr\/658180\/"},"modified":"2026-01-12T11:10:17","modified_gmt":"2026-01-12T11:10:17","slug":"apres-lindonesie-la-malaisie-a-suspendu-grok-lia-de-x-accusee-de-denuder-des-personnes-reelles-le-monde-fr","status":"publish","type":"post","link":"https:\/\/www.europesays.com\/fr\/658180\/","title":{"rendered":"Apr\u00e8s l\u2019Indon\u00e9sie, la Malaisie a suspendu Grok, l\u2019IA de X, accus\u00e9e de d\u00e9nuder des personnes r\u00e9elles &#8211; Le Monde.fr"},"content":{"rendered":"<ol>\n<li><a href=\"https:\/\/news.google.com\/rss\/articles\/CBMi-gFBVV95cUxNQUMwSjI3aUg3bXNZTncta3A3dGhZa2VVLXZxNlZRUnR6TkZsMk5Id2tpbEU3Q21MS3dQWUlIcURYclFmNTMwTndoblZLX0tFUUpQOUV0QzNyZ1JqTTVpTHBtZjdhTzFGS3Y4WUhCQkpqS1JVVm9nQTlWUnBVSnpuS095emlUaDBJWF9KcDB0TXY0dFFUWVZlbEJHR0M3dHJHTEF0dEFLaEN1U1VWRjBrSk94bTgxMTVkMU1xZ01iaDNqLV9hTndsSVVRX3gyRWxiWEZYU3k2MWQ2NXp4M2NXSUJLSGx2N0U1c3Y1MHdJZGZwOGhWcWlaQ2l3?oc=5\" target=\"_blank\" rel=\"noopener\">Apr\u00e8s l\u2019Indon\u00e9sie, la Malaisie a suspendu Grok, l\u2019IA de X, accus\u00e9e de d\u00e9nuder des personnes r\u00e9elles<\/a>&nbsp;&nbsp;Le Monde.fr<\/li>\n<li><a href=\"https:\/\/news.google.com\/rss\/articles\/CBMijAJBVV95cUxPNG1DOWlNLWVtNW80RUM1Zms4YjM4aU1LMnV2ZzJtdXJQNm9YOUR2NnREQWJtSFIwWVo0YTQ0X1F2WEZNY2ZIbHpSZUxxYjB5eWZOOGl0dnplNUNZbGtoeVFNUTIxV3BobGIxWXRmNEUtODhGOFV3OVhKb1RuNlNXVVJxUnhMTURPLVg4ZEdQR3o4eU1oMUhMdm5aeHgtaGpDaklwWnJGMmFsaldPUTFtN0V3bDBsRWcwREVlNXpFcTl4QTNJMllkS1JmNU5kTHdaeEtaZy1ibUZ1alFCRmlNWHJONlpyRkxsZV9Oc04yMlN2WGQzSTVnVjRicWVJcXdjQkFGMWhEMDdzanJT?oc=5\" target=\"_blank\" rel=\"noopener\">Inde : X contraint de supprimer des milliers de contenus apr\u00e8s le scandale des images g\u00e9n\u00e9r\u00e9es par Grok<\/a>&nbsp;&nbsp;La Tribune<\/li>\n<li><a href=\"https:\/\/news.google.com\/rss\/articles\/CBMi4gFBVV95cUxPWFhaRXF3UV9Hd2MwbXBIZ0dmMzFKR1J6RXBiWXo3c3pEU0NqOFBDT2ZDbjFrLWRUOGU4cFJQUHpBek1XOWdDRE5MbE5LUWR1el9rdUVGXzhLXzctcHRaM2lzamtfenk2OHU4Mmwzd21NRTJtRkNfUUlfVmhyNU1sLWZ5YTI4VGFVTkw5cHhhTF8wQk5zT1BDWVJQRlE1LUZ6OXY5a3BmVWpxOWlZMFFDbVFiSkNubS01NGYzTjFEdmRMd3BYU3AzSGZISUp6bXdTS0hoVDI2WTNTaUNCR0hUZ0F3?oc=5\" target=\"_blank\" rel=\"noopener\">Grok : le scandale des deepfakes sexuelles s&rsquo;\u00e9tend en Asie, l&rsquo;IA de Musk bloqu\u00e9e dans plusieurs pays<\/a>&nbsp;&nbsp;Les Echos<\/li>\n<li><a href=\"https:\/\/news.google.com\/rss\/articles\/CBMijgJBVV95cUxNbmpmNDZJWXI0QmZIaGxpd0NQNWxxckowc09kVGJMMjZJZGVxcXB5WUVmSXBMY1FvenRUVERla3VFa2hkMHFYT0M5YmlocllwY2hDMVpMXzA3Y3hTclJVNzJ6QVdVZVUyZnA1TWVPWGNDWDhxeVNPck5zb2VpTS04NlU4U2djRmx4cTFNZlJhSkpPd0xIc0l3T05VUVo5Wm8tN2h5bTdIX1Jfb3F5NDBsZEcxem1ubjJ0dUlHSUw3LVJydzBrbXJIdkdjU0dKSkExcWNLemoycFV5dFZvMEhoc0lsOVBnUGNWT1NiUU50eTlPRnM2MXRJalJIN2FFd281ZmcwRXI1QzVLblBQQ2c?oc=5\" target=\"_blank\" rel=\"noopener\">\u00ab\u00a0Des gens ont demand\u00e9 \u00e0 Grok de me voir en bikini\u00a0\u00bb : une victime fran\u00e7aise de l&rsquo;IA d&rsquo;Elon Musk porte plainte<\/a>&nbsp;&nbsp;TF1 Info<\/li>\n<li><a href=\"https:\/\/news.google.com\/rss\/articles\/CBMixAFBVV95cUxNT0RJbHhpSWlsR3ozSzZvaEhsZlpGYWVwR3ZwWE1QZEQwZGdWeWx2TE1PN1FvemMyakthQS15Rl9BSWVoUnowNlp4TmNWQldscFRzY19KZTZlWUF1MjJuRDlXWmc5cFN2UVRqU2NndjZmYXFOR2ptWTVLaHBOSHVGa2dsMW9CYm93OEp6c1ZZdkZGYTVkZEpUTGFObEt6THJrU3gtM3lyZUhVQm4tM1VkbmlyX0sycnJGYjRyVll1d0ZXM0Jm?oc=5\" target=\"_blank\" rel=\"noopener\">Deepfakes sexuels : l\u2019ambassadrice fran\u00e7aise de l\u2019IA menace X de poursuites<\/a>&nbsp;&nbsp;France 24<\/li>\n<\/ol>\n","protected":false},"excerpt":{"rendered":"Apr\u00e8s l\u2019Indon\u00e9sie, la Malaisie a suspendu Grok, l\u2019IA de X, accus\u00e9e de d\u00e9nuder des personnes r\u00e9elles&nbsp;&nbsp;Le Monde.fr Inde&hellip;\n","protected":false},"author":2,"featured_media":395849,"comment_status":"","ping_status":"","sticky":false,"template":"","format":"standard","meta":{"footnotes":""},"categories":[6],"tags":[35,33,34,1011,27],"class_list":{"0":"post-658180","1":"post","2":"type-post","3":"status-publish","4":"format-standard","5":"has-post-thumbnail","7":"category-economie","8":"tag-business","9":"tag-economie","10":"tag-economy","11":"tag-fr","12":"tag-france"},"share_on_mastodon":{"url":"https:\/\/pubeurope.com\/@fr\/115881825038414387","error":""},"_links":{"self":[{"href":"https:\/\/www.europesays.com\/fr\/wp-json\/wp\/v2\/posts\/658180","targetHints":{"allow":["GET"]}}],"collection":[{"href":"https:\/\/www.europesays.com\/fr\/wp-json\/wp\/v2\/posts"}],"about":[{"href":"https:\/\/www.europesays.com\/fr\/wp-json\/wp\/v2\/types\/post"}],"author":[{"embeddable":true,"href":"https:\/\/www.europesays.com\/fr\/wp-json\/wp\/v2\/users\/2"}],"replies":[{"embeddable":true,"href":"https:\/\/www.europesays.com\/fr\/wp-json\/wp\/v2\/comments?post=658180"}],"version-history":[{"count":0,"href":"https:\/\/www.europesays.com\/fr\/wp-json\/wp\/v2\/posts\/658180\/revisions"}],"wp:featuredmedia":[{"embeddable":true,"href":"https:\/\/www.europesays.com\/fr\/wp-json\/wp\/v2\/media\/395849"}],"wp:attachment":[{"href":"https:\/\/www.europesays.com\/fr\/wp-json\/wp\/v2\/media?parent=658180"}],"wp:term":[{"taxonomy":"category","embeddable":true,"href":"https:\/\/www.europesays.com\/fr\/wp-json\/wp\/v2\/categories?post=658180"},{"taxonomy":"post_tag","embeddable":true,"href":"https:\/\/www.europesays.com\/fr\/wp-json\/wp\/v2\/tags?post=658180"}],"curies":[{"name":"wp","href":"https:\/\/api.w.org\/{rel}","templated":true}]}}