{"id":658186,"date":"2026-01-12T11:14:10","date_gmt":"2026-01-12T11:14:10","guid":{"rendered":"https:\/\/www.europesays.com\/fr\/658186\/"},"modified":"2026-01-12T11:14:10","modified_gmt":"2026-01-12T11:14:10","slug":"le-parachutiste-stephanois-greg-crozier-recoit-la-medaille-dor-du-ministere-des-sports","status":"publish","type":"post","link":"https:\/\/www.europesays.com\/fr\/658186\/","title":{"rendered":"Le parachutiste St\u00e9phanois Greg Crozier re\u00e7oit la M\u00e9daille d\u2019or du minist\u00e8re des Sports !"},"content":{"rendered":"\n<p>Quand on dit que Saint-Etienne est bien repr\u00e9sent\u00e9 partout, ce n&rsquo;est pas une blague. C&rsquo;est une fiert\u00e9 local qui emporte un peu de Saint-Etienne dans les cieux du monde. Le parachutiste st\u00e9phanois Gregory Crozier a re\u00e7u la M\u00e9daille d&rsquo;or du minist\u00e8re des Sports. C&rsquo;est une distinction qui vient r\u00e9compenser des ann\u00e9es de passion et de haut-niveau pour le sportif de 44 ans. Il a notamment \u00e9t\u00e9 champion du monde avec plus de 10.000 sauts (onze fois recordman du Monde de parachutisme). En 2022, il avait d&rsquo;ailleurs d\u00e9j\u00e0 re\u00e7u la m\u00e9daille de la ville de Saint-Etienne.<\/p>\n","protected":false},"excerpt":{"rendered":"Quand on dit que Saint-Etienne est bien repr\u00e9sent\u00e9 partout, ce n&rsquo;est pas une blague. C&rsquo;est une fiert\u00e9 local&hellip;\n","protected":false},"author":2,"featured_media":658187,"comment_status":"","ping_status":"","sticky":false,"template":"","format":"standard","meta":{"footnotes":"","_share_on_mastodon":"0"},"categories":[9653],"tags":[1111,11,2430,1777,674,1011,27,76049,3367,38555,12,58085,5593,25,4001,517],"class_list":["post-658186","post","type-post","status-publish","format-standard","has-post-thumbnail","category-saint-etienne","tag-actu","tag-actualites","tag-auvergne-rhone-alpes","tag-eu","tag-europe","tag-fr","tag-france","tag-greg-crozier","tag-loire","tag-medaille","tag-news","tag-parachute","tag-recompense","tag-republique-francaise","tag-saint-etienne","tag-sport"],"share_on_mastodon":{"url":"https:\/\/pubeurope.com\/@fr\/115881840739187185","error":""},"_links":{"self":[{"href":"https:\/\/www.europesays.com\/fr\/wp-json\/wp\/v2\/posts\/658186","targetHints":{"allow":["GET"]}}],"collection":[{"href":"https:\/\/www.europesays.com\/fr\/wp-json\/wp\/v2\/posts"}],"about":[{"href":"https:\/\/www.europesays.com\/fr\/wp-json\/wp\/v2\/types\/post"}],"author":[{"embeddable":true,"href":"https:\/\/www.europesays.com\/fr\/wp-json\/wp\/v2\/users\/2"}],"replies":[{"embeddable":true,"href":"https:\/\/www.europesays.com\/fr\/wp-json\/wp\/v2\/comments?post=658186"}],"version-history":[{"count":0,"href":"https:\/\/www.europesays.com\/fr\/wp-json\/wp\/v2\/posts\/658186\/revisions"}],"wp:featuredmedia":[{"embeddable":true,"href":"https:\/\/www.europesays.com\/fr\/wp-json\/wp\/v2\/media\/658187"}],"wp:attachment":[{"href":"https:\/\/www.europesays.com\/fr\/wp-json\/wp\/v2\/media?parent=658186"}],"wp:term":[{"taxonomy":"category","embeddable":true,"href":"https:\/\/www.europesays.com\/fr\/wp-json\/wp\/v2\/categories?post=658186"},{"taxonomy":"post_tag","embeddable":true,"href":"https:\/\/www.europesays.com\/fr\/wp-json\/wp\/v2\/tags?post=658186"}],"curies":[{"name":"wp","href":"https:\/\/api.w.org\/{rel}","templated":true}]}}