{"id":658198,"date":"2026-01-12T11:25:11","date_gmt":"2026-01-12T11:25:11","guid":{"rendered":"https:\/\/www.europesays.com\/fr\/658198\/"},"modified":"2026-01-12T11:25:11","modified_gmt":"2026-01-12T11:25:11","slug":"seine-maritime-46-morts-sur-les-routes-du-departement-en-2025","status":"publish","type":"post","link":"https:\/\/www.europesays.com\/fr\/658198\/","title":{"rendered":"Seine-Maritime. 46 morts sur les routes du d\u00e9partement en 2025"},"content":{"rendered":"<p melodystyle=\"texte\">La pr\u00e9fecture de la Seine-Maritime dresse un premier bilan de la s\u00e9curit\u00e9 routi\u00e8re bas\u00e9 sur les chiffres provisoires de l&rsquo;accidentalit\u00e9 pour l&rsquo;ann\u00e9e 2025. Si le nombre d&rsquo;accidents et de victimes est en recul par rapport \u00e0 2024, le d\u00e9partement comptabilise 46 d\u00e9c\u00e8s cette ann\u00e9e. Bien qu&rsquo;en baisse, ce chiffre reste sup\u00e9rieur aux ann\u00e9es\u00a02021 et\u00a02023 (41 d\u00e9c\u00e8s) et demeure loin du minimum, recens\u00e9 en 2019 (35 tu\u00e9s).<\/p>\n<p>Les moins de 24 ans durement touch\u00e9s<\/p>\n<p melodystyle=\"texte\">Les services de l&rsquo;Etat constatent plusieurs facteurs r\u00e9currents dans l&rsquo;accidentologie de 2025. Pr\u00e8s de la moiti\u00e9 des victimes (48\u00a0%) sont des usagers vuln\u00e9rables (dont 9 pi\u00e9tons, 10 utilisateurs de deux-roues motoris\u00e9s et 3 cyclistes). Les moins de 24 ans sont durement touch\u00e9s avec 13 d\u00e9c\u00e8s constat\u00e9s\u00a0; 15 accidents mortels ont \u00e9t\u00e9 engendr\u00e9s par une vitesse excessive ou inadapt\u00e9e\u00a0; le non-respect du code de la route (contresens, d\u00e9passement dangereux, changement de file, r\u00e8gle de priorit\u00e9) a g\u00e9n\u00e9r\u00e9 13 accidents mortels\u00a0; 14 accidents mortels sont li\u00e9s \u00e0 l&rsquo;alcool ou aux stup\u00e9fiants, et le non-port de la ceinture de s\u00e9curit\u00e9 repr\u00e9sente un facteur aggravant\u00a0: 5 des usagers de la route tu\u00e9s en Seine-Maritime en 2025 ne portaient pas leur ceinture de s\u00e9curit\u00e9.<\/p>\n<p class=\"article_photo\" data-num=\"2\"><img decoding=\"async\" alt=\"Les chiffres de la s\u00e9curit\u00e9 routi\u00e8re en Seine-Maritime depuis 2019.\" src=\"https:\/\/www.europesays.com\/fr\/wp-content\/uploads\/2026\/01\/7982-tab.jpg\"\/>Les chiffres de la s\u00e9curit\u00e9 routi\u00e8re en Seine-Maritime depuis 2019. &#8211; Pr\u00e9fecture Seine-Maritime<\/p>\n","protected":false},"excerpt":{"rendered":"La pr\u00e9fecture de la Seine-Maritime dresse un premier bilan de la s\u00e9curit\u00e9 routi\u00e8re bas\u00e9 sur les chiffres provisoires&hellip;\n","protected":false},"author":2,"featured_media":658199,"comment_status":"","ping_status":"","sticky":false,"template":"","format":"standard","meta":{"footnotes":""},"categories":[9587],"tags":[1111,11,1777,674,1011,27,12,5161,25,9590],"class_list":{"0":"post-658198","1":"post","2":"type-post","3":"status-publish","4":"format-standard","5":"has-post-thumbnail","7":"category-rouen","8":"tag-actu","9":"tag-actualites","10":"tag-eu","11":"tag-europe","12":"tag-fr","13":"tag-france","14":"tag-news","15":"tag-normandie","16":"tag-republique-francaise","17":"tag-rouen"},"share_on_mastodon":{"url":"https:\/\/pubeurope.com\/@fr\/115881884032857939","error":""},"_links":{"self":[{"href":"https:\/\/www.europesays.com\/fr\/wp-json\/wp\/v2\/posts\/658198","targetHints":{"allow":["GET"]}}],"collection":[{"href":"https:\/\/www.europesays.com\/fr\/wp-json\/wp\/v2\/posts"}],"about":[{"href":"https:\/\/www.europesays.com\/fr\/wp-json\/wp\/v2\/types\/post"}],"author":[{"embeddable":true,"href":"https:\/\/www.europesays.com\/fr\/wp-json\/wp\/v2\/users\/2"}],"replies":[{"embeddable":true,"href":"https:\/\/www.europesays.com\/fr\/wp-json\/wp\/v2\/comments?post=658198"}],"version-history":[{"count":0,"href":"https:\/\/www.europesays.com\/fr\/wp-json\/wp\/v2\/posts\/658198\/revisions"}],"wp:featuredmedia":[{"embeddable":true,"href":"https:\/\/www.europesays.com\/fr\/wp-json\/wp\/v2\/media\/658199"}],"wp:attachment":[{"href":"https:\/\/www.europesays.com\/fr\/wp-json\/wp\/v2\/media?parent=658198"}],"wp:term":[{"taxonomy":"category","embeddable":true,"href":"https:\/\/www.europesays.com\/fr\/wp-json\/wp\/v2\/categories?post=658198"},{"taxonomy":"post_tag","embeddable":true,"href":"https:\/\/www.europesays.com\/fr\/wp-json\/wp\/v2\/tags?post=658198"}],"curies":[{"name":"wp","href":"https:\/\/api.w.org\/{rel}","templated":true}]}}