{"id":658224,"date":"2026-01-12T11:40:12","date_gmt":"2026-01-12T11:40:12","guid":{"rendered":"https:\/\/www.europesays.com\/fr\/658224\/"},"modified":"2026-01-12T11:40:12","modified_gmt":"2026-01-12T11:40:12","slug":"dans-ces-deux-lieux-emblematiques-de-toulouse-vivez-une-experience-musicale-unique-pour-la-saint-valentin-et-celebrez-votre-histoire","status":"publish","type":"post","link":"https:\/\/www.europesays.com\/fr\/658224\/","title":{"rendered":"Dans ces deux lieux embl\u00e9matiques de Toulouse, vivez une exp\u00e9rience musicale unique pour la Saint-Valentin et c\u00e9l\u00e9brez votre histoire"},"content":{"rendered":"<p>\t\t\t\t\t\t\t\t\t\t\t\t\t\t\t\t\t\t\t\t\t\t<img decoding=\"async\" fetchpriority=\"high\" src=\"https:\/\/www.europesays.com\/fr\/wp-content\/uploads\/2026\/01\/2024_04_12_Universitetets-Aula_OSLO_NO_18_bth5e4-1-1024x683.jpg\" class=\"img-fluid\" alt=\"Photo d'un couple de dos s'enlacant dans le public d'un concert Candlelight\" width=\"1024\" height=\"683\"\/><\/p>\n<p>    Save<\/p>\n<p>Cette ann\u00e9e, pour la Saint-Valentin \u00e0 Toulouse, laissez la musique parler pour vous. Le 14 f\u00e9vrier est une occasion de se retrouver, et quoi de mieux qu\u2019une m\u00e9lodie pour traduire ce que les mots peinent parfois \u00e0 exprimer ? Les concerts <a href=\"https:\/\/feverup.com\/fr\/toulouse\/candlelight-valentines-day-concerts\" rel=\"follow noopener\" target=\"_blank\" class=\"shortcode-outbound-link\" data-has-ga=\"true\" data-ga-type=\"click\" data-label=\"https:\/\/feverup.com\/fr\/toulouse\/candlelight-valentines-day-concerts\" data-action=\"text_cta_0\" data-tracked=\"1\" data-category=\"click_sales\" data-cp_smn_source=\"toulousesecret\" data-cp_smn_content=\"candlelight-saint-valentin-toulouse-concert-de-musique-classique-2026\" data-cp_smn_term=\"text_cta_0\">Candlelight<\/a> vous invitent \u00e0 partager un moment suspendu dans le temps, o\u00f9 des milliers de bougies illuminent des airs comme <strong>Your Song<\/strong>, cr\u00e9ant une atmosph\u00e8re d\u2019une rare intimit\u00e9. Selon l\u2019\u00e9motion que vous souhaitez partager, l\u2019\u00e9crin de votre soir\u00e9e pourra \u00eatre diff\u00e9rent.<\/p>\n<p>Candlelight Sp\u00e9cial Saint-Valentin \u00e0 Toulouse au Palais Consulaire et \u00e0 la Chapelle du CHU H\u00f4tel-Dieu Saint-Jacques<\/p>\n<p><img fetchpriority=\"high\" decoding=\"async\" class=\"alignnone wp-image-56103 size-full\" src=\"data:image\/svg+xml,%3Csvg%20xmlns=\" http:=\"\" alt=\"Candlelight San Valentin\" width=\"1200\" height=\"801\" data-lazy-src=\"https:\/\/www.europesays.com\/fr\/wp-content\/uploads\/2026\/01\/Candlelight-San-Valentin.jpg\"\/><\/p>\n<p>La lueur vacillante des bougies cr\u00e9e un cocon de chaleur et de s\u00e9r\u00e9nit\u00e9, un espace o\u00f9 le temps semble s\u2019arr\u00eater. Selon le moment que vous souhaitez cr\u00e9er, vous pourrez choisir entre deux lieux toulousains embl\u00e9matiques. Le <strong>Palais Consulaire \u2013 CCI de Toulouse<\/strong>, avec sa grandeur solennelle, offre un cadre majestueux pour une d\u00e9claration en musique, tandis que la <strong>Chapelle du CHU H\u00f4tel-Dieu Saint-Jacques<\/strong> propose une atmosph\u00e8re plus recueillie, parfaite pour une connexion intime et profonde. Chaque lieu a sa propre \u00e2me, pr\u00eate \u00e0 accueillir votre histoire.<\/p>\n<p>Imaginez les premi\u00e8res notes de <strong>Clair de Lune<\/strong> s\u2019\u00e9levant dans le silence, ou la m\u00e9lodie intemporelle de <strong>La Vie en Rose<\/strong> qui r\u00e9sonne comme une \u00e9vidence. La musique, interpr\u00e9t\u00e9e par des artistes talentueux, devient le langage universel de l\u2019amour. Vous pourriez aussi entendre des classiques du cin\u00e9ma qui ont marqu\u00e9 les esprits, comme <strong>Moon River<\/strong>, dont la douceur vous transportera loin du tumulte quotidien. C\u2019est une invitation \u00e0 se laisser porter, ensemble.<\/p>\n<p>Plus qu\u2019un simple concert, c\u2019est une exp\u00e9rience sensorielle partag\u00e9e. C\u2019est un regard \u00e9chang\u00e9 pendant que r\u00e9sonne <strong>My Heart Will Go On<\/strong>, une main tendue sur les accords de <strong>All You Need Is Love<\/strong>. C\u2019est l\u2019occasion de se souvenir et de c\u00e9l\u00e9brer ce qui vous unit, dans un cadre qui sort de l\u2019ordinaire. Une soir\u00e9e o\u00f9 la seule chose qui compte, c\u2019est l\u2019\u00e9motion partag\u00e9e, amplifi\u00e9e par la beaut\u00e9 du lieu et la magie de l\u2019instant.<\/p>\n<p>\t\t\t\tCandlelight St-Valentin : Chansons d&rsquo;amour intemporelles<\/p>\n<p>\t&#8211;<\/p>\n<p>\t4.59<br \/>\n\t\u00b7<\/p>\n<p>\t\t<a href=\"https:\/\/feverup.com\/m\/147698\/reviews\/\" rel=\"follow noopener\" target=\"_blank\" class=\"text-decoration-underline text-body position-relative z-1\" data-has-ga=\"true\" data-ga-type=\"click\" data-label=\"https:\/\/feverup.com\/m\/147698\/reviews\/\" data-action=\"profile_card_reviews\" data-tracked=\"1\" data-category=\"click_sales\" data-cp_smn_source=\"toulousesecret\" data-cp_smn_content=\"candlelight-saint-valentin-toulouse-concert-de-musique-classique-2026\" data-cp_smn_term=\"profile_card_reviews\">88 reviews<\/a><\/p>\n<p>\t\t\t\tf\u00e9vrier 14, 2026 17:00<\/p>\n<p>Chapelle du CHU H\u00f4tel-Dieu Saint-Jacques<\/p>\n<p>\n\t\t<strong>\u00c0 partir de 29,50\u20ac<br \/>\n\t\t<\/strong>\n\t<\/p>\n<p>\t\t\t\tCandlelight : \u00c9dition sp\u00e9ciale Saint-Valentin<\/p>\n<p>\t&#8211;<\/p>\n<p>\t4.57<br \/>\n\t\u00b7<\/p>\n<p>\t\t<a href=\"https:\/\/feverup.com\/m\/273194\/reviews\/\" rel=\"follow noopener\" target=\"_blank\" class=\"text-decoration-underline text-body position-relative z-1\" data-has-ga=\"true\" data-ga-type=\"click\" data-label=\"https:\/\/feverup.com\/m\/273194\/reviews\/\" data-action=\"profile_card_reviews\" data-tracked=\"1\" data-category=\"click_sales\" data-cp_smn_source=\"toulousesecret\" data-cp_smn_content=\"candlelight-saint-valentin-toulouse-concert-de-musique-classique-2026\" data-cp_smn_term=\"profile_card_reviews\">44 reviews<\/a><\/p>\n<p>\t\t\t\tf\u00e9vrier 14, 2026 19:00<\/p>\n<p>Palais Consulaire &#8211; CCI de Toulouse<\/p>\n<p>\n\t\t<strong>\u00c0 partir de 27,50\u20ac<br \/>\n\t\t<\/strong>\n\t<\/p>\n","protected":false},"excerpt":{"rendered":"Save Cette ann\u00e9e, pour la Saint-Valentin \u00e0 Toulouse, laissez la musique parler pour vous. Le 14 f\u00e9vrier est&hellip;\n","protected":false},"author":2,"featured_media":658225,"comment_status":"","ping_status":"","sticky":false,"template":"","format":"standard","meta":{"footnotes":""},"categories":[2816],"tags":[1111,11,3526,63060,1777,674,1011,27,12,2680,25,39400,72878,2312],"class_list":{"0":"post-658224","1":"post","2":"type-post","3":"status-publish","4":"format-standard","5":"has-post-thumbnail","7":"category-toulouse","8":"tag-actu","9":"tag-actualites","10":"tag-classique","11":"tag-concert-candlelight","12":"tag-eu","13":"tag-europe","14":"tag-fr","15":"tag-france","16":"tag-news","17":"tag-occitanie","18":"tag-republique-francaise","19":"tag-romantique","20":"tag-saint-valentin","21":"tag-toulouse"},"share_on_mastodon":{"url":"https:\/\/pubeurope.com\/@fr\/115881943086736171","error":""},"_links":{"self":[{"href":"https:\/\/www.europesays.com\/fr\/wp-json\/wp\/v2\/posts\/658224","targetHints":{"allow":["GET"]}}],"collection":[{"href":"https:\/\/www.europesays.com\/fr\/wp-json\/wp\/v2\/posts"}],"about":[{"href":"https:\/\/www.europesays.com\/fr\/wp-json\/wp\/v2\/types\/post"}],"author":[{"embeddable":true,"href":"https:\/\/www.europesays.com\/fr\/wp-json\/wp\/v2\/users\/2"}],"replies":[{"embeddable":true,"href":"https:\/\/www.europesays.com\/fr\/wp-json\/wp\/v2\/comments?post=658224"}],"version-history":[{"count":0,"href":"https:\/\/www.europesays.com\/fr\/wp-json\/wp\/v2\/posts\/658224\/revisions"}],"wp:featuredmedia":[{"embeddable":true,"href":"https:\/\/www.europesays.com\/fr\/wp-json\/wp\/v2\/media\/658225"}],"wp:attachment":[{"href":"https:\/\/www.europesays.com\/fr\/wp-json\/wp\/v2\/media?parent=658224"}],"wp:term":[{"taxonomy":"category","embeddable":true,"href":"https:\/\/www.europesays.com\/fr\/wp-json\/wp\/v2\/categories?post=658224"},{"taxonomy":"post_tag","embeddable":true,"href":"https:\/\/www.europesays.com\/fr\/wp-json\/wp\/v2\/tags?post=658224"}],"curies":[{"name":"wp","href":"https:\/\/api.w.org\/{rel}","templated":true}]}}