{"id":658242,"date":"2026-01-12T11:52:17","date_gmt":"2026-01-12T11:52:17","guid":{"rendered":"https:\/\/www.europesays.com\/fr\/658242\/"},"modified":"2026-01-12T11:52:17","modified_gmt":"2026-01-12T11:52:17","slug":"mon-paris-mon-20e-corinne-lepeytre","status":"publish","type":"post","link":"https:\/\/www.europesays.com\/fr\/658242\/","title":{"rendered":"Mon Paris, mon 20e &#8211; Corinne Lepeytre"},"content":{"rendered":"<p>\n  Avec une vingtaine de nouvelles aquatintes, Corinne Lepeytre<br \/>\nrend ici hommage \u00e0 l&rsquo;arrondissement o\u00f9 elle vit et travaille. L&rsquo;occasion de<br \/>\nmettre en avant l&rsquo;esprit village des quartiers de Charonne, Belleville,<br \/>\nM\u00e9nilmontant, P\u00e8re Lachaise, Saint-Fargeau\u2026 mais aussi la grande vari\u00e9t\u00e9<br \/>\narchitecturale de l&rsquo;arrondissement, des lieux les plus connus, aux vues<br \/>\ncach\u00e9es. Pour cette exposition, ses matrices de zinc seront aussi pr\u00e9sent\u00e9es.<\/p>\n","protected":false},"excerpt":{"rendered":"Avec une vingtaine de nouvelles aquatintes, Corinne Lepeytre rend ici hommage \u00e0 l&rsquo;arrondissement o\u00f9 elle vit et travaille.&hellip;\n","protected":false},"author":2,"featured_media":658243,"comment_status":"","ping_status":"","sticky":false,"template":"","format":"standard","meta":{"footnotes":""},"categories":[1888],"tags":[1111,1928,11,1927,1777,674,1011,27,12,1926,626,1925,25],"class_list":{"0":"post-658242","1":"post","2":"type-post","3":"status-publish","4":"format-standard","5":"has-post-thumbnail","7":"category-paris","8":"tag-actu","9":"tag-actu-paris","10":"tag-actualites","11":"tag-actualites-paris","12":"tag-eu","13":"tag-europe","14":"tag-fr","15":"tag-france","16":"tag-news","17":"tag-news-paris","18":"tag-paris","19":"tag-paris-news","20":"tag-republique-francaise"},"share_on_mastodon":{"url":"https:\/\/pubeurope.com\/@fr\/115881990039570979","error":""},"_links":{"self":[{"href":"https:\/\/www.europesays.com\/fr\/wp-json\/wp\/v2\/posts\/658242","targetHints":{"allow":["GET"]}}],"collection":[{"href":"https:\/\/www.europesays.com\/fr\/wp-json\/wp\/v2\/posts"}],"about":[{"href":"https:\/\/www.europesays.com\/fr\/wp-json\/wp\/v2\/types\/post"}],"author":[{"embeddable":true,"href":"https:\/\/www.europesays.com\/fr\/wp-json\/wp\/v2\/users\/2"}],"replies":[{"embeddable":true,"href":"https:\/\/www.europesays.com\/fr\/wp-json\/wp\/v2\/comments?post=658242"}],"version-history":[{"count":0,"href":"https:\/\/www.europesays.com\/fr\/wp-json\/wp\/v2\/posts\/658242\/revisions"}],"wp:featuredmedia":[{"embeddable":true,"href":"https:\/\/www.europesays.com\/fr\/wp-json\/wp\/v2\/media\/658243"}],"wp:attachment":[{"href":"https:\/\/www.europesays.com\/fr\/wp-json\/wp\/v2\/media?parent=658242"}],"wp:term":[{"taxonomy":"category","embeddable":true,"href":"https:\/\/www.europesays.com\/fr\/wp-json\/wp\/v2\/categories?post=658242"},{"taxonomy":"post_tag","embeddable":true,"href":"https:\/\/www.europesays.com\/fr\/wp-json\/wp\/v2\/tags?post=658242"}],"curies":[{"name":"wp","href":"https:\/\/api.w.org\/{rel}","templated":true}]}}