{"id":658254,"date":"2026-01-12T12:01:12","date_gmt":"2026-01-12T12:01:12","guid":{"rendered":"https:\/\/www.europesays.com\/fr\/658254\/"},"modified":"2026-01-12T12:01:12","modified_gmt":"2026-01-12T12:01:12","slug":"comment-les-etats-unis-vont-decider-du-sort-des-manifestants-iraniens","status":"publish","type":"post","link":"https:\/\/www.europesays.com\/fr\/658254\/","title":{"rendered":"comment les \u00c9tats-Unis vont d\u00e9cider du sort des manifestants iraniens"},"content":{"rendered":"<p class=\"article-p mdl\">Depuis plusieurs semaines, l&rsquo;Iran est secou\u00e9 par un mouvement de contestation. La r\u00e9pression s&rsquo;intensifie, et les manifestants paient un lourd tribut. Selon l&rsquo;Organisation non gouvernementale Iran Human Rights, au moins 192 personnes ont d\u00e9j\u00e0 perdu la vie. Dans ce contexte tendu, les \u00c9tats-Unis semblent jouer un r\u00f4le crucial dans l&rsquo;avenir du pays.<\/p>\n<p class=\"article-p mdl\">\u00ab\u00a0H\u00e9las, l&rsquo;avenir de ce mouvement ne sera pas dict\u00e9 \u00e0 T\u00e9h\u00e9ran et dans les rues de l&rsquo;Iran, mais plut\u00f4t \u00e0 Mascate, la capitale de Oman\u00a0\u00bb, a confi\u00e9 sur RTL\u00a0Adel Bakawan, directeur de l&rsquo;Institut europ\u00e9en pour les \u00e9tudes sur le Moyen-Orient, ce lundi 12 janvier.<\/p>\n<p class=\"article-p mdl\"><a class=\"link\" href=\"https:\/\/www.rtl.fr\/actu\/international\/iran-donald-trump-affirme-que-teheran-veut-negocier-et-qu-une-reunion-est-en-cours-de-preparation-7900587578\" title=\"Iran : Donald Trump affirme que T\u00e9h\u00e9ran &quot;veut n\u00e9gocier&quot; et qu&#039;une r\u00e9union &quot;est en cours de pr\u00e9paration&quot;\" target=\"_blank\" rel=\"noopener\">Des n\u00e9gociations sont en cours <\/a>entre Washington et T\u00e9h\u00e9ran, a confirm\u00e9 la diplomatie iranienne. Les \u00c9tats-Unis ont clairement \u00e9nonc\u00e9 leurs exigences pour sauver le r\u00e9gime des mollahs. Parmi celles-ci, l&rsquo;abandon total du\u00a0<a class=\"link\" href=\"https:\/\/www.rtl.fr\/actu\/international\/en-direct-frappes-americaines-en-iran-teheran-replique-avec-de-nouveaux-tirs-de-missiles-visant-israel-7900518060\" title=\"Frappes am\u00e9ricaines en Iran : le programme nucl\u00e9aire iranien est &quot;d\u00e9vast\u00e9&quot;, d\u00e9clare le chef du Pentagone\" target=\"_blank\" rel=\"noopener\">programme atomique<\/a>, du programme balistique, et du soutien aux milices au Moyen-Orient.<\/p>\n<p class=\"article-p mdl\">\u00ab\u00a0Si l&rsquo;Iran accepte, le r\u00e9gime sera sauv\u00e9 et donc la R\u00e9publique aura la main libre pour r\u00e9primer, \u00e0 l&rsquo;instar de Saddam Hussein dans les ann\u00e9es 90, lorsqu&rsquo;il a eu le feu vert am\u00e9ricain\u00a0\u00bb, averti Adel Bakawan.\u00a0<\/p>\n<p>            Des messages \u00e9chang\u00e9s \u00ab\u00a0\u00e0 chaque fois que c&rsquo;est n\u00e9cessaire\u00a0\u00bb<\/p>\n<p class=\"article-p mdl\">Un canal de communication est \u00ab\u00a0ouvert\u00a0\u00bb entre l&rsquo;Iran et l&rsquo;\u00e9missaire am\u00e9ricain pour le Moyen-Orient malgr\u00e9 d&rsquo;absence de relations diplomatiques entre les deux pays ennemis, a d\u00e9clar\u00e9 ce lundi le minist\u00e8re iranien des Affaires \u00e9trang\u00e8res, selon l&rsquo;AFP.<\/p>\n<p class=\"article-p mdl\">\u00ab\u00a0Ce canal de communication entre notre ministre des Affaires \u00e9trang\u00e8res (Abbas Araghchi) et l&rsquo;\u00e9missaire sp\u00e9cial du pr\u00e9sident des Etats-Unis est ouvert\u00a0\u00bb, a soulign\u00e9 e porte-parole du minist\u00e8re, Esma\u00efl Bagha\u00ef, dans une d\u00e9claration retransmise par la t\u00e9l\u00e9vision d&rsquo;<\/p>\n<p>\u00c9tat, semblant faire r\u00e9f\u00e9rence \u00e0 l&rsquo;\u00e9missaire de Donald Trump pour le Moyen-Orient, Steve Witkoff.<\/p>\n<p class=\"article-p mdl\">\u00ab\u00a0Des messages sont \u00e9chang\u00e9s \u00e0 chaque fois que c&rsquo;est n\u00e9cessaire\u00a0\u00bb, a-t-il dit, soulignant que les int\u00e9r\u00eats am\u00e9ricains en Iran \u00e9taient repr\u00e9sent\u00e9s par l&rsquo;ambassade de Suisse, en l&rsquo;absence de relations diplomatiques entre Washington et T\u00e9h\u00e9ran, rompues en 1980.<\/p>\n<p>            Des manifestants qui d\u00e9pendent malgr\u00e9 eux des \u00c9tats-Unis<\/p>\n<p class=\"article-p mdl\">Les manifestants iraniens affirment avec force qu&rsquo;ils ne sont pas manipul\u00e9s par les \u00c9tats-Unis et qu&rsquo;ils ne sont pas le r\u00e9sultat d&rsquo;une ing\u00e9rence \u00e9trang\u00e8re. Leur col\u00e8re est motiv\u00e9e par la d\u00e9gradation de\u00a0<a class=\"link\" href=\"https:\/\/www.rtl.fr\/actu\/international\/iran-ce-qu-il-faut-savoir-sur-les-manifestations-qui-secouent-le-pays-depuis-plusieurs-jours-7900584197\" title=\"Iran : ce qu&#039;il faut savoir sur les manifestations qui secouent le pays depuis plusieurs jours\" target=\"_blank\" rel=\"noopener\">leur \u00e9conomie nationale<\/a>\u00a0et une inflation galopante qui p\u00e8se lourdement sur leur quotidien.<\/p>\n<p>Malgr\u00e9 leur volont\u00e9 de ne pas \u00eatre instrumentalis\u00e9s par Washington, leur destin semble inextricablement li\u00e9 aux d\u00e9cisions de Donald Trump. Sans le soutien des \u00c9tats-Unis leur combat est presque vain, face \u00e0 un r\u00e9gime disposant de toutes les ressources pour r\u00e9primer.\u00a0<\/p>\n<p>\u00ab\u00a0Si on reste comme on a \u00e9t\u00e9 en 2009, le mouvement vert, en 2019, en 2022, c&rsquo;est-\u00e0-dire un mouvement de contestation livr\u00e9 \u00e0 lui-m\u00eame face \u00e0 un r\u00e9gime qui dispose de toutes les ressources pour r\u00e9primer le mouvement, oui, dans quelques semaines, peut-\u00eatre dans quelques mois, on n&rsquo;en parlera plus\u00a0\u00bb, assure le directeur de l&rsquo;Institut europ\u00e9en pour les \u00e9tudes sur le Moyen-Orient. \u00ab\u00a0Le peuple est d\u00e9sarm\u00e9 face \u00e0 un r\u00e9gime qui n&rsquo;a aucune, vraiment aucune retenue pour r\u00e9primer le peuple\u00a0\u00bb, conclut-il.\u00a0<\/p>\n<p>    La r\u00e9daction vous recommande<\/p>\n<p class=\"s-newsletter__title\">\n                L\u2019actualit\u00e9 par la r\u00e9daction de RTL dans votre bo\u00eete mail.\n            <\/p>\n<p class=\"s-newsletter__subtitle\">\n                Gr\u00e2ce \u00e0 votre compte RTL abonnez-vous \u00e0 la newsletter RTL info pour suivre toute l&rsquo;actualit\u00e9 au quotidien\n            <\/p>\n<p>\n                                    Lire la suite\n                                <\/p>\n","protected":false},"excerpt":{"rendered":"Depuis plusieurs semaines, l&rsquo;Iran est secou\u00e9 par un mouvement de contestation. La r\u00e9pression s&rsquo;intensifie, et les manifestants paient&hellip;\n","protected":false},"author":2,"featured_media":658255,"comment_status":"","ping_status":"","sticky":false,"template":"","format":"standard","meta":{"footnotes":""},"categories":[1589],"tags":[11,75,73,1866,107,3019,12,362,1864,1865,1863,308],"class_list":{"0":"post-658254","1":"post","2":"type-post","3":"status-publish","4":"format-standard","5":"has-post-thumbnail","7":"category-etats-unis","8":"tag-actualites","9":"tag-donald-trump","10":"tag-etats-unis","11":"tag-etats-unis-damerique","12":"tag-fil-info","13":"tag-iran","14":"tag-news","15":"tag-replay","16":"tag-united-states","17":"tag-united-states-of-america","18":"tag-us","19":"tag-usa"},"share_on_mastodon":{"url":"https:\/\/pubeurope.com\/@fr\/115882025626570441","error":""},"_links":{"self":[{"href":"https:\/\/www.europesays.com\/fr\/wp-json\/wp\/v2\/posts\/658254","targetHints":{"allow":["GET"]}}],"collection":[{"href":"https:\/\/www.europesays.com\/fr\/wp-json\/wp\/v2\/posts"}],"about":[{"href":"https:\/\/www.europesays.com\/fr\/wp-json\/wp\/v2\/types\/post"}],"author":[{"embeddable":true,"href":"https:\/\/www.europesays.com\/fr\/wp-json\/wp\/v2\/users\/2"}],"replies":[{"embeddable":true,"href":"https:\/\/www.europesays.com\/fr\/wp-json\/wp\/v2\/comments?post=658254"}],"version-history":[{"count":0,"href":"https:\/\/www.europesays.com\/fr\/wp-json\/wp\/v2\/posts\/658254\/revisions"}],"wp:featuredmedia":[{"embeddable":true,"href":"https:\/\/www.europesays.com\/fr\/wp-json\/wp\/v2\/media\/658255"}],"wp:attachment":[{"href":"https:\/\/www.europesays.com\/fr\/wp-json\/wp\/v2\/media?parent=658254"}],"wp:term":[{"taxonomy":"category","embeddable":true,"href":"https:\/\/www.europesays.com\/fr\/wp-json\/wp\/v2\/categories?post=658254"},{"taxonomy":"post_tag","embeddable":true,"href":"https:\/\/www.europesays.com\/fr\/wp-json\/wp\/v2\/tags?post=658254"}],"curies":[{"name":"wp","href":"https:\/\/api.w.org\/{rel}","templated":true}]}}