{"id":658268,"date":"2026-01-12T12:08:16","date_gmt":"2026-01-12T12:08:16","guid":{"rendered":"https:\/\/www.europesays.com\/fr\/658268\/"},"modified":"2026-01-12T12:08:16","modified_gmt":"2026-01-12T12:08:16","slug":"ou-se-classe-la-france-a-lechelle-mondiale","status":"publish","type":"post","link":"https:\/\/www.europesays.com\/fr\/658268\/","title":{"rendered":"o\u00f9 se classe la France \u00e0 l\u2019\u00e9chelle mondiale\u00a0?"},"content":{"rendered":"<p>\u00c0 l\u2019\u00e9chelle mondiale, environ un adulte sur six utilise aujourd\u2019hui des outils d\u2019IA g\u00e9n\u00e9rative. C\u2019est ce que r\u00e9v\u00e8le un rapport de Microsoft, intitul\u00e9 <a href=\"https:\/\/www.microsoft.com\/en-us\/corporate-responsibility\/topics\/AI-Economy-Institute\/reports\/Global-AI-Adoption-2025\/\" target=\"_blank\" rel=\"noopener\">AI Diffusion Report 2025 <\/a>et publi\u00e9 ce jeudi 8 janvier 2025. L\u2019\u00e9tude mesure, pays par pays, la part de la population ayant utilis\u00e9 un produit d\u2019IA g\u00e9n\u00e9rative durant le second semestre 2025, en s\u2019appuyant sur les donn\u00e9es de t\u00e9l\u00e9m\u00e9trie \u00ab\u00a0agr\u00e9g\u00e9es et anonymis\u00e9es\u00a0\u00bb du groupe.<\/p>\n<p>La France dans le peloton de t\u00eate, les \u00c9tats-Unis distanc\u00e9s<\/p>\n<p>\u00ab\u00a0Le taux d\u2019adoption mondial de l\u2019intelligence artificielle a continu\u00e9 de progresser au second semestre 2025\u00a0\u00bb, annonce d\u2019embl\u00e9e le Microsoft AI Economy Institute, le think tank en charge de l\u2019\u00e9tude. Au niveau mondial, 16,3 % des personnes en \u00e2ge de travailler ont utilis\u00e9 au moins une fois un outil d\u2019IA g\u00e9n\u00e9rative, comme ChatGPT, Gemini ou Microsoft Copilot, sur la p\u00e9riode, contre 15,1 % au premier semestre (+1,2 %).<\/p>\n<p>La France figure parmi les pays o\u00f9 l\u2019adoption de l\u2019IA g\u00e9n\u00e9rative est la plus marqu\u00e9e, enregistrant m\u00eame la troisi\u00e8me plus forte progression au second semestre (+3,1 %). D\u2019apr\u00e8s Microsoft, 44 % des adultes y ont eu recours au moins une fois durant la seconde moiti\u00e9 de l\u2019ann\u00e9e civile, contre 40,9 % au premier semestre. Cinqui\u00e8me, la France reste devanc\u00e9e par les \u00c9mirats arabes unis (64 %), Singapour (60,9 %), la Norv\u00e8ge (46,4 %) et l\u2019Irlande (44,6 %).<\/p>\n<blockquote>\n<p>Les pays ayant investi t\u00f4t dans les infrastructures num\u00e9riques, la formation \u00e0 l\u2019IA et l\u2019adoption gouvernementale (\u2026) continuent de mener la course, analyse Microsoft.<\/p>\n<\/blockquote>\n<p>Plus \u00e9tonnant, les \u00c9tats-Unis, pourtant leaders en mati\u00e8re d\u2019infrastructures et d\u2019innovations dans l\u2019IA, ne figurent qu\u2019\u00e0 la 24e place de ce classement, avec 28,3 % d\u2019adultes ayant utilis\u00e9 cette technologie sur la p\u00e9riode. \u00ab\u00a0Une proportion plus faible de la population am\u00e9ricaine utilise l\u2019IA compar\u00e9 \u00e0 plusieurs nations plus petites et hautement num\u00e9ris\u00e9es\u00a0\u00bb, observe Microsoft. La progression la plus marqu\u00e9e concerne la Cor\u00e9e du Sud, qui bondit de 7 places pour atteindre la 18e position, avec une hausse de 4,8 %.<\/p>\n<p><a href=\"https:\/\/www.europesays.com\/fr\/wp-content\/uploads\/2026\/01\/carte-adoption-ia-monde-microsoft.png\" target=\"_blank\"><img loading=\"lazy\" decoding=\"async\" class=\"size-full wp-image-197571\" src=\"data:image\/svg+xml,%3Csvg%20xmlns=\" http:=\"\" alt=\"carte-adoption-ia-monde-microsoft\" width=\"1200\" height=\"628\" data-lazy- data-lazy- data-lazy-src=\"https:\/\/www.europesays.com\/fr\/wp-content\/uploads\/2026\/01\/carte-adoption-ia-monde-microsoft.png\"\/><\/a>L\u2019adoption de l\u2019IA pays par pays.\u00a0 \u00a9 Microsoft<br \/>\nDeepSeek s\u2019impose sur des march\u00e9s \u00ab\u00a0mal desservis\u00a0\u00bb par OpenAI ou Google<\/p>\n<p>Si le foss\u00e9 se creuse en mati\u00e8re d\u2019adoption de l\u2019IA entre les pays de l\u2019h\u00e9misph\u00e8re Nord et de l\u2019h\u00e9misph\u00e8re Sud, l\u2019ascension de DeepSeek pourrait att\u00e9nuer ce ph\u00e9nom\u00e8ne, observe Microsoft. Lanc\u00e9 en janvier 2025, l\u2019agent conversationnel chinois a, en effet, partiellement supprim\u00e9 des barri\u00e8res financi\u00e8res et techniques qui limitaient l\u2019acc\u00e8s \u00e0 cette technologie. Gratuit et open source, il a conquis \u00ab\u00a0des march\u00e9s longtemps mal desservis par les fournisseurs traditionnels\u00ab\u00a0, selon le rapport.<\/p>\n<p>S\u2019il a \u00e9t\u00e9 massivement adopt\u00e9 en Chine, en Russie, en Iran, \u00e0 Cuba et en Bi\u00e9lorussie, sans grande surprise, il profite \u00e9galement d\u2019une popularit\u00e9 croissante en Afrique, souligne Microsoft, gr\u00e2ce \u00e0 \u00ab\u00a0une promotion strat\u00e9gique et des partenariats avec des entreprises comme Huawei\u00a0\u00bb. \u00ab\u00a0Cette \u00e9volution rapide souligne une dimension de plus en plus importante de la comp\u00e9tition IA entre les \u00c9tats-Unis et la Chine, impliquant une course \u00e0 la promotion de l\u2019adoption de leurs mod\u00e8les nationaux respectifs\u00a0\u00bb, compl\u00e8te la firme.<\/p>\n<p><a href=\"https:\/\/www.europesays.com\/fr\/wp-content\/uploads\/2026\/01\/deepseek-ia-part-marche-monde.png\" target=\"_blank\"><img loading=\"lazy\" decoding=\"async\" class=\"size-full wp-image-197570\" src=\"data:image\/svg+xml,%3Csvg%20xmlns=\" http:=\"\" alt=\"deepseek-ia-part-marche-monde\" width=\"1200\" height=\"628\" data-lazy- data-lazy- data-lazy-src=\"https:\/\/www.europesays.com\/fr\/wp-content\/uploads\/2026\/01\/deepseek-ia-part-marche-monde.png\"\/><\/a>DeepSeek s\u2019impose sur des march\u00e9s d\u00e9laiss\u00e9s par OpenAI ou Google. \u00a9 Microsoft<\/p>\n","protected":false},"excerpt":{"rendered":"\u00c0 l\u2019\u00e9chelle mondiale, environ un adulte sur six utilise aujourd\u2019hui des outils d\u2019IA g\u00e9n\u00e9rative. C\u2019est ce que r\u00e9v\u00e8le&hellip;\n","protected":false},"author":2,"featured_media":658269,"comment_status":"","ping_status":"","sticky":false,"template":"","format":"standard","meta":{"footnotes":""},"categories":[4],"tags":[11,7078,1011,27,861,5533,12,25],"class_list":{"0":"post-658268","1":"post","2":"type-post","3":"status-publish","4":"format-standard","5":"has-post-thumbnail","7":"category-france","8":"tag-actualites","9":"tag-etude","10":"tag-fr","11":"tag-france","12":"tag-ia","13":"tag-microsoft","14":"tag-news","15":"tag-republique-francaise"},"share_on_mastodon":{"url":"https:\/\/pubeurope.com\/@fr\/115882053006770778","error":""},"_links":{"self":[{"href":"https:\/\/www.europesays.com\/fr\/wp-json\/wp\/v2\/posts\/658268","targetHints":{"allow":["GET"]}}],"collection":[{"href":"https:\/\/www.europesays.com\/fr\/wp-json\/wp\/v2\/posts"}],"about":[{"href":"https:\/\/www.europesays.com\/fr\/wp-json\/wp\/v2\/types\/post"}],"author":[{"embeddable":true,"href":"https:\/\/www.europesays.com\/fr\/wp-json\/wp\/v2\/users\/2"}],"replies":[{"embeddable":true,"href":"https:\/\/www.europesays.com\/fr\/wp-json\/wp\/v2\/comments?post=658268"}],"version-history":[{"count":0,"href":"https:\/\/www.europesays.com\/fr\/wp-json\/wp\/v2\/posts\/658268\/revisions"}],"wp:featuredmedia":[{"embeddable":true,"href":"https:\/\/www.europesays.com\/fr\/wp-json\/wp\/v2\/media\/658269"}],"wp:attachment":[{"href":"https:\/\/www.europesays.com\/fr\/wp-json\/wp\/v2\/media?parent=658268"}],"wp:term":[{"taxonomy":"category","embeddable":true,"href":"https:\/\/www.europesays.com\/fr\/wp-json\/wp\/v2\/categories?post=658268"},{"taxonomy":"post_tag","embeddable":true,"href":"https:\/\/www.europesays.com\/fr\/wp-json\/wp\/v2\/tags?post=658268"}],"curies":[{"name":"wp","href":"https:\/\/api.w.org\/{rel}","templated":true}]}}