{"id":658270,"date":"2026-01-12T12:10:18","date_gmt":"2026-01-12T12:10:18","guid":{"rendered":"https:\/\/www.europesays.com\/fr\/658270\/"},"modified":"2026-01-12T12:10:18","modified_gmt":"2026-01-12T12:10:18","slug":"volley-ball-trois-points-precieux-pour-les-beziers-angels-en-route-directe-vers-les-play-offs","status":"publish","type":"post","link":"https:\/\/www.europesays.com\/fr\/658270\/","title":{"rendered":"Volley-ball\u00a0: trois points pr\u00e9cieux pour les B\u00e9ziers Angels en route directe vers les play-offs"},"content":{"rendered":"<p>\n                                                                Sur le parquet des jeunes joueuses Espoirs de France Avenir, les Biterroises, qui auraient pu \u00eatre plus tranchantes, ont assur\u00e9 un succ\u00e8s 3-0 qui leur permet de rester en course pour le sprint final.\n                            <\/p>\n<p>Le B\u00e9ziers-Angels ont fait le Job, sans fioritures. Samedi apr\u00e8s-midi, sur le parquet de France-Avenir, les Biterroises se sont impos\u00e9es logiquement 3 sets \u00e0 0 (20\/25, 15\/25, 11\/25) lors de la 16e journ\u00e9e de Ligue A f\u00e9minine.<br \/>Une victoire attendue entre les Biterroises, 6e du classement et le p\u00f4le de formation des jeunes espoirs du volley fran\u00e7ais, toujours en qu\u00eate d\u2019un premier succ\u00e8s cette saison.<\/p>\n<p>\u00ab\u00a0C\u2019\u00e9tait le principal objectif\u00a0\u00bb<\/p>\n<p>Dans ce contexte favorable, B\u00e9ziers a donc rempli son objectif prioritaire\u00a0: prendre trois points. \u00ab\u00a0C\u2019\u00e9tait le principal objectif de la journ\u00e9e. Ce n\u2019\u00e9tait pas un grand match de volley, mais c\u2019\u00e9tait trois points\u00a0\u00bb, r\u00e9sume, avec lucidit\u00e9, l\u2019entra\u00eeneur biterrois Fabien Simondet \u00e0 l\u2019issue de la rencontre.<br \/>Face \u00e0 une \u00e9quipe de France-Avenir diminu\u00e9e par quelques absences, notamment li\u00e9es \u00e0 la s\u00e9lection U18 engag\u00e9e en Italie, B\u00e9ziers a n\u00e9anmoins connu un d\u00e9but de match poussif. \u00ab\u00a0On n\u2019a pas bien d\u00e9marr\u00e9 la partie. On n\u2019a pas mis les ingr\u00e9dients, on n\u2019\u00e9tait pas focus sur l\u2019objectif, au d\u00e9part\u00a0\u00bb, reconnaissait le technicien, \u00e9voquant un premier set \u00ab\u00a0un peu plus serr\u00e9 que pr\u00e9vu\u00a0\u00bb.<\/p>\n<p>Des joueuses ont pu souffler<\/p>\n<p>Sans jamais se mettre en danger, les H\u00e9raultaises ont ensuite progressivement pris la mesure de leur adversaire, mieux ma\u00eetris\u00e9 les deuxi\u00e8me et troisi\u00e8me manches et g\u00e9r\u00e9 leur effectif. \u00ab\u00a0On a moins fait tourner que ce que j\u2019aurais voulu, mais \u00e7a nous a permis de reposer certaines joueuses. Certaines n\u2019ont m\u00eame pas jou\u00e9 du tout, comme Debell et Pierret\u00a0\u00bb, expliquait Fabien Simondet.<\/p>\n<p>Ce succ\u00e8s, au-del\u00e0 de son contenu, rev\u00eat une importance strat\u00e9gique dans la course au classement. \u00ab\u00a0On commence \u00e0 prendre de la marge sur la septi\u00e8me place. Les six premiers sont qualifi\u00e9s directement pour les play-offs\u00a0\u00bb, soulignait l\u2019entra\u00eeneur. Une victoire qui permet aussi \u00e0 B\u00e9ziers de rester au contact des \u00e9quipes de t\u00eate avant un rendez-vous bien plus relev\u00e9 le week-end prochain \u00e0 domicile. \u00ab\u00a0Il va falloir vite se reconcentrer sur notre rencontre face \u00e0 Cannes. Ce match sera important si on veut se rapprocher de la quatri\u00e8me ou cinqui\u00e8me place\u00a0\u00bb.<\/p>\n<p>B\u00e9ziers-Cannes, samedi 17\u00a0janvier, \u00e0 20\u00a0h, au Palais des sports B\u00e9ziers M\u00e9diterran\u00e9e.<\/p>\n","protected":false},"excerpt":{"rendered":"Sur le parquet des jeunes joueuses Espoirs de France Avenir, les Biterroises, qui auraient pu \u00eatre plus tranchantes,&hellip;\n","protected":false},"author":2,"featured_media":658271,"comment_status":"","ping_status":"","sticky":false,"template":"","format":"standard","meta":{"footnotes":""},"categories":[1417],"tags":[37552,1011,27,7089,517,60,1470,1632,1469],"class_list":{"0":"post-658270","1":"post","2":"type-post","3":"status-publish","4":"format-standard","5":"has-post-thumbnail","7":"category-volley","8":"tag-beziers","9":"tag-fr","10":"tag-france","11":"tag-herault","12":"tag-sport","13":"tag-sports","14":"tag-volley","15":"tag-volley-ball","16":"tag-volleyball"},"share_on_mastodon":{"url":"https:\/\/pubeurope.com\/@fr\/115882060935850382","error":""},"_links":{"self":[{"href":"https:\/\/www.europesays.com\/fr\/wp-json\/wp\/v2\/posts\/658270","targetHints":{"allow":["GET"]}}],"collection":[{"href":"https:\/\/www.europesays.com\/fr\/wp-json\/wp\/v2\/posts"}],"about":[{"href":"https:\/\/www.europesays.com\/fr\/wp-json\/wp\/v2\/types\/post"}],"author":[{"embeddable":true,"href":"https:\/\/www.europesays.com\/fr\/wp-json\/wp\/v2\/users\/2"}],"replies":[{"embeddable":true,"href":"https:\/\/www.europesays.com\/fr\/wp-json\/wp\/v2\/comments?post=658270"}],"version-history":[{"count":0,"href":"https:\/\/www.europesays.com\/fr\/wp-json\/wp\/v2\/posts\/658270\/revisions"}],"wp:featuredmedia":[{"embeddable":true,"href":"https:\/\/www.europesays.com\/fr\/wp-json\/wp\/v2\/media\/658271"}],"wp:attachment":[{"href":"https:\/\/www.europesays.com\/fr\/wp-json\/wp\/v2\/media?parent=658270"}],"wp:term":[{"taxonomy":"category","embeddable":true,"href":"https:\/\/www.europesays.com\/fr\/wp-json\/wp\/v2\/categories?post=658270"},{"taxonomy":"post_tag","embeddable":true,"href":"https:\/\/www.europesays.com\/fr\/wp-json\/wp\/v2\/tags?post=658270"}],"curies":[{"name":"wp","href":"https:\/\/api.w.org\/{rel}","templated":true}]}}