{"id":658297,"date":"2026-01-12T12:28:20","date_gmt":"2026-01-12T12:28:20","guid":{"rendered":"https:\/\/www.europesays.com\/fr\/658297\/"},"modified":"2026-01-12T12:28:20","modified_gmt":"2026-01-12T12:28:20","slug":"cette-lamborghini-na-aucun-probleme-avec-les-routes-enneigees-au-contraire","status":"publish","type":"post","link":"https:\/\/www.europesays.com\/fr\/658297\/","title":{"rendered":"Cette Lamborghini n&rsquo;a aucun probl\u00e8me avec les routes enneig\u00e9es, au contraire !"},"content":{"rendered":"<p><img loading=\"lazy\" decoding=\"async\" width=\"1200\" height=\"800\" alt=\"\" class=\"wp-image-45231 perfmatters-lazy\" src=\"https:\/\/www.europesays.com\/fr\/wp-content\/uploads\/2026\/01\/sterrato-neige-1.jpg\"  data-\/><\/p>\n<p><a href=\"https:\/\/www.italpassion.fr\/lamborghini\/\" target=\"_blank\" rel=\"noopener\">Lamborghini<\/a> a b\u00e2ti sa l\u00e9gende sur l\u2019asphalte, les routes de montagne et les circuits. Pourtant, l\u2019une de ses cr\u00e9ations les plus radicales semble aujourd\u2019hui prendre un malin plaisir \u00e0 \u00e9voluer dans un d\u00e9cor totalement oppos\u00e9 : la neige. La Lamborghini Huracan Sterrato, version sur\u00e9lev\u00e9e et baroudeuse de la Huracan, prouve une nouvelle fois qu\u2019elle n\u2019est pas qu\u2019un simple coup de communication.<\/p>\n<p>Une supercar n\u00e9e pour sortir de sa zone de confort<\/p>\n<p>Pr\u00e9sent\u00e9e fin 2022, la Huracan Sterrato a imm\u00e9diatement marqu\u00e9 une rupture dans l\u2019univers des supercars. L\u00e0 o\u00f9 la <a href=\"https:\/\/www.italpassion.fr\/voitures\/lamborghini-huracan\/\" target=\"_blank\" rel=\"noopener\">Huracan<\/a> classique rase le sol, cette version adopte une garde au sol rehauss\u00e9e d\u2019environ 44 mm, des protections de carrosserie, des ailes \u00e9largies, un diffuseur sp\u00e9cifique et m\u00eame des projecteurs additionnels \u00e0 l\u2019avant. Lamborghini est all\u00e9 jusqu\u2019\u00e0 int\u00e9grer un mode de conduite d\u00e9di\u00e9 aux surfaces \u00e0 faible adh\u00e9rence, baptis\u00e9 Rally. Sous cette silhouette se cache pourtant une vraie Lamborghini. Le V10 atmosph\u00e9rique de 5,2 litres d\u00e9veloppe 610 ch et 560 Nm de couple, de quoi abattre le 0 \u00e0 100 km\/h en 3,4 secondes. La vitesse de pointe est volontairement limit\u00e9e \u00e0 260 km\/h, un chiffre plus \u00ab modeste \u00bb pour une supercar, mais coh\u00e9rent avec sa philosophie baroudeuse.<\/p>\n<p><img loading=\"lazy\" decoding=\"async\" width=\"1200\" height=\"800\" alt=\"\" class=\"wp-image-43211 perfmatters-lazy\" src=\"https:\/\/www.europesays.com\/fr\/wp-content\/uploads\/2026\/01\/Lamborghini-Huracan-Sterrato.jpg\"  data-\/>Lamborghini Huracan Sterrato<\/p>\n<p>La neige comme terrain de jeu<\/p>\n<p>Alors que la Huracan a officiellement laiss\u00e9 sa place \u00e0 la <a href=\"https:\/\/www.italpassion.fr\/voitures\/lamborghini-temerario\/\" target=\"_blank\" rel=\"noopener\">Temerario<\/a> dans la gamme, la Sterrato continue de faire parler d\u2019elle loin des showrooms. Dernier exemple en date, un designer reconnu pour ses illustration hyper r\u00e9alistes, a imagin\u00e9 cette Sterrarto sur les routes enneig\u00e9es de Suisse.<\/p>\n<p><img loading=\"lazy\" decoding=\"async\" width=\"1200\" height=\"800\" alt=\"\" class=\"wp-image-45232 perfmatters-lazy\" src=\"https:\/\/www.europesays.com\/fr\/wp-content\/uploads\/2026\/01\/sterrato-neige-2.jpg\"  data-\/>Illustration <a href=\"https:\/\/www.instagram.com\/onb.artdesign\/\" target=\"_blank\" rel=\"noopener\">onb.artdesign<\/a><\/p>\n<p><img loading=\"lazy\" decoding=\"async\" width=\"1200\" height=\"800\" alt=\"\" class=\"wp-image-45233 perfmatters-lazy\" src=\"https:\/\/www.europesays.com\/fr\/wp-content\/uploads\/2026\/01\/sterrato-neige-3.jpg\"  data-\/>Illustration <a href=\"https:\/\/www.instagram.com\/onb.artdesign\/\" target=\"_blank\" rel=\"noopener\">onb.artdesign<\/a><\/p>\n<p><img loading=\"lazy\" decoding=\"async\" width=\"1200\" height=\"800\" alt=\"\" class=\"wp-image-45234 perfmatters-lazy\" src=\"https:\/\/www.europesays.com\/fr\/wp-content\/uploads\/2026\/01\/sterrato-neige-4.jpg\"  data-\/>Illustration <a href=\"https:\/\/www.instagram.com\/onb.artdesign\/\" target=\"_blank\" rel=\"noopener\">onb.artdesign<\/a><\/p>\n<p><img loading=\"lazy\" decoding=\"async\" width=\"1200\" height=\"800\" alt=\"\" class=\"wp-image-45235 perfmatters-lazy\" src=\"https:\/\/www.europesays.com\/fr\/wp-content\/uploads\/2026\/01\/sterrato-neige-5.jpg\"  data-\/>Illustration <a href=\"https:\/\/www.instagram.com\/onb.artdesign\/\" target=\"_blank\" rel=\"noopener\">onb.artdesign<\/a><\/p>\n<p>Une promesse d\u00e9j\u00e0 tenue sur d\u2019autres terrains extr\u00eames<\/p>\n<p>Ce n\u2019est d\u2019ailleurs pas la premi\u00e8re fois que la Huracan Sterrato surprend. Ces derniers mois, elle a d\u00e9j\u00e0 \u00e9t\u00e9 vue <a href=\"https:\/\/www.italpassion.fr\/lamborghini\/cette-lamborghini-huracan-sterrato-a-plus-de-300-000-e-pensee-pour-le-rallye-affronte-la-boue-promesse-tenue\/\" target=\"_blank\" rel=\"noopener\">en pleine action dans la boue<\/a>, notamment au Mexique, o\u00f9 un propri\u00e9taire n\u2019a pas h\u00e9sit\u00e9 \u00e0 la confronter \u00e0 des conditions proches de celles d\u2019un rallye. M\u00eame les forces de l\u2019ordre s\u2019y sont int\u00e9ress\u00e9es. Aux \u00c9tats-Unis, une <a href=\"https:\/\/www.italpassion.fr\/lamborghini\/lamborghini-livre-huracan-sterrato-a-la-police-afin-de-lutter-contre-la-drogue-elle-na-rien-coute\/\" target=\"_blank\" rel=\"noopener\">Huracan Sterrato a \u00e9t\u00e9 confi\u00e9e \u00e0 la police de Garfield<\/a>, dans le New Jersey, non pas pour des poursuites spectaculaires, mais dans le cadre d\u2019une campagne de pr\u00e9vention contre les opio\u00efdes. L\u00e0 encore, c\u2019est son image hors norme et sa polyvalence qui ont \u00e9t\u00e9 mises en avant.<\/p>\n<p><img loading=\"lazy\" decoding=\"async\" width=\"1200\" height=\"800\" alt=\"\" class=\"wp-image-41343 perfmatters-lazy\" src=\"https:\/\/www.europesays.com\/fr\/wp-content\/uploads\/2026\/01\/lamborghini-sterrato-1.jpg\"  data-\/><\/p>\n<p><img loading=\"lazy\" decoding=\"async\" width=\"1200\" height=\"800\" alt=\"\" class=\"wp-image-44666 perfmatters-lazy\" src=\"https:\/\/www.europesays.com\/fr\/wp-content\/uploads\/2025\/12\/lambo-police.jpg\"  data-\/><\/p>\n<p>D\u00e9j\u00e0 collector<\/p>\n<p>Produite \u00e0 seulement 1 499 exemplaires, tous vendus avant m\u00eame la fin de sa carri\u00e8re, la Huracan Sterrato est d\u00e9j\u00e0 une pi\u00e8ce de collection. Sur le march\u00e9 de l\u2019occasion, les prix d\u00e9passent r\u00e9guli\u00e8rement les 300 000 euros, preuve que le concept a trouv\u00e9 son public.<\/p>\n<p>\t\t<script async src=\"\/\/www.instagram.com\/embed.js\"><\/script><\/p>\n","protected":false},"excerpt":{"rendered":"Lamborghini a b\u00e2ti sa l\u00e9gende sur l\u2019asphalte, les routes de montagne et les circuits. Pourtant, l\u2019une de ses&hellip;\n","protected":false},"author":2,"featured_media":658298,"comment_status":"","ping_status":"","sticky":false,"template":"","format":"standard","meta":{"footnotes":""},"categories":[6],"tags":[35,33,34,1011,27,47108,76074],"class_list":{"0":"post-658297","1":"post","2":"type-post","3":"status-publish","4":"format-standard","5":"has-post-thumbnail","7":"category-economie","8":"tag-business","9":"tag-economie","10":"tag-economy","11":"tag-fr","12":"tag-france","13":"tag-lamborghini-huracan","14":"tag-lamborghini-sterrato"},"share_on_mastodon":{"url":"https:\/\/pubeurope.com\/@fr\/115882132165696018","error":""},"_links":{"self":[{"href":"https:\/\/www.europesays.com\/fr\/wp-json\/wp\/v2\/posts\/658297","targetHints":{"allow":["GET"]}}],"collection":[{"href":"https:\/\/www.europesays.com\/fr\/wp-json\/wp\/v2\/posts"}],"about":[{"href":"https:\/\/www.europesays.com\/fr\/wp-json\/wp\/v2\/types\/post"}],"author":[{"embeddable":true,"href":"https:\/\/www.europesays.com\/fr\/wp-json\/wp\/v2\/users\/2"}],"replies":[{"embeddable":true,"href":"https:\/\/www.europesays.com\/fr\/wp-json\/wp\/v2\/comments?post=658297"}],"version-history":[{"count":0,"href":"https:\/\/www.europesays.com\/fr\/wp-json\/wp\/v2\/posts\/658297\/revisions"}],"wp:featuredmedia":[{"embeddable":true,"href":"https:\/\/www.europesays.com\/fr\/wp-json\/wp\/v2\/media\/658298"}],"wp:attachment":[{"href":"https:\/\/www.europesays.com\/fr\/wp-json\/wp\/v2\/media?parent=658297"}],"wp:term":[{"taxonomy":"category","embeddable":true,"href":"https:\/\/www.europesays.com\/fr\/wp-json\/wp\/v2\/categories?post=658297"},{"taxonomy":"post_tag","embeddable":true,"href":"https:\/\/www.europesays.com\/fr\/wp-json\/wp\/v2\/tags?post=658297"}],"curies":[{"name":"wp","href":"https:\/\/api.w.org\/{rel}","templated":true}]}}