{"id":658307,"date":"2026-01-12T12:33:14","date_gmt":"2026-01-12T12:33:14","guid":{"rendered":"https:\/\/www.europesays.com\/fr\/658307\/"},"modified":"2026-01-12T12:33:14","modified_gmt":"2026-01-12T12:33:14","slug":"tribunal-de-commerce-de-saint-etienne-un-contexte-pas-brillant-2","status":"publish","type":"post","link":"https:\/\/www.europesays.com\/fr\/658307\/","title":{"rendered":"Tribunal de commerce de Saint-\u00c9tienne : un contexte pas brillant"},"content":{"rendered":"<p><img loading=\"lazy\" decoding=\"async\" alt=\"\u00a9 St\u00e9phanie V\u00e9ron - Brigitte Dubois a succ\u00e9d\u00e9 \u00e0 Fran\u00e7ois M\u00e9on \u00e0 la t\u00eate du tribunal de commerce de Saint-Etienne.\" data-zoom-src=\"https:\/\/www.europesays.com\/fr\/wp-content\/uploads\/2026\/01\/initial-brigitte-dubois-tribunal-de-commerce-de-saint-etienne.jpg\" data-zoomable=\"\" height=\"702\" src=\"https:\/\/www.europesays.com\/fr\/wp-content\/uploads\/2026\/01\/initial-brigitte-dubois-tribunal-de-commerce-de-saint-etienne.jpg\" width=\"1248\"\/>  <\/p>\n<p class=\"article-desc\">\u00a9 St\u00e9phanie V\u00e9ron &#8211; Brigitte Dubois a succ\u00e9d\u00e9 \u00e0 Fran\u00e7ois M\u00e9on \u00e0 la t\u00eate du tribunal de commerce de Saint-Etienne. <\/p>\n<p>A Saint-\u00c9tienne, pour l\u2019heure, il n\u2019y a pas plus de <strong>proc\u00e9dures collectives<\/strong> qu\u2019en 2024. N\u00e9anmoins, \u00ab\u00a0il me semble que l\u2019on a plus d\u2019emplois concern\u00e9s\u00a0\u00bb, stipule <strong>Brigitte Dubois<\/strong>, pr\u00e9sidente du <strong>tribunal de commerce de Saint-Etienne<\/strong>. \u00ab\u00a0Comme nous ne sommes pas un tribunal de commerce sp\u00e9cialis\u00e9, nous ne voyons pas les grosses entreprises qui font plus de 40 millions d\u2019euros de chiffre d\u2019affaires, elles sont g\u00e9r\u00e9es \u00e0 Lyon\u00a0\u00bb, ajoute l\u2019ancienne experte-comptable.\u00a0 <\/p>\n<p>Au global, si le contexte n\u2019est pas tr\u00e8s brillant, il ne r\u00e9v\u00e8le pas une hausse spectaculaire des d\u00e9p\u00f4ts de bilan. Et d\u2019ailleurs, malgr\u00e9 toutes les incertitudes politiques, au niveau national, l\u2019\u00e9conomie a plut\u00f4t bien r\u00e9sist\u00e9. \u00ab\u00a0C\u2019est plut\u00f4t une bonne nouvelle, car on a beaucoup de sous-traitance dans la r\u00e9gion, qui d\u00e9pend de la bonne sant\u00e9 \u00e9conomique des plus gros\u00a0\u00bb, analyse Brigitte Dubois.\u00a0 <\/p>\n<p>Brigitte Dubois acc\u00e9l\u00e8re sur le d\u00e9ploiement de la r\u00e9solution amiable\u00a0 <\/p>\n<p>Au niveau de la juridiction, la pr\u00e9sidente note <strong>une augmentation des contentieux<\/strong>, des contentieux Locam notamment, pour lesquels sont mis en place des modes amiables de r\u00e9solution des diff\u00e9rends. Une convention a \u00e9t\u00e9 sign\u00e9e avec l\u2019Ordre des avocats d\u00e9but 2025 et un coup d\u2019acc\u00e9l\u00e9rateur sera donn\u00e9 pour d\u00e9velopper ce mode de r\u00e8glement. <\/p>\n<p>\u00ab\u00a0Il y a une grande r\u00e9ticence sur cette proc\u00e9dure et c\u2019est dommage, car elle n\u2019empi\u00e8te pas sur les d\u00e9lais des proc\u00e8s. Aujourd\u2019hui un contentieux, c\u2019est minimum un an. S\u2019il y a appel, c\u2019est deux ans suppl\u00e9mentaire. Trois ans de proc\u00e9dure, trois ans d\u2019angoisse\u2026 J\u2019ai coutume de dire qu\u2019il vaut mieux un mauvais accord, qu\u2019un bon proc\u00e8s\u00a0\u00bb.\u00a0D\u2019autant que le juge conciliateur n\u2019a pas vocation \u00e0 prendre parti et portera un regard neutre sur le dossier.\u00a0<\/p>\n<p> Tribunal de commerce de Saint-\u00c9tienne : la pr\u00e9vention, un outil puissant pour les entreprises en difficult\u00e9 <\/p>\n<p>Brigitte Dubois souligne \u00e9galement le fait que les entreprises sollicitent beaucoup trop tardivement l\u2019aide du tribunal de commerce, alors qu\u2019il existe <strong>des proc\u00e9dures de pr\u00e9vention confidentielles<\/strong> qui permettent r\u00e9ellement de n\u00e9gocier des r\u00e9\u00e9chelonnements de dettes. <\/p>\n<p>\u00ab\u00a0Quand vous \u00eates en cessation de paiement, il n\u2019y a pas d\u2019autre choix qu\u2019une proc\u00e9dure collective, mais si l\u2019entreprise \u00e9tait venue plus t\u00f4t, on aurait pu faire quelque chose. J\u2019interviens en ce sens aupr\u00e8s des experts-comptables pour dire que la pr\u00e9vention est un outil extr\u00eamement puissant \u00e0 disposition des entreprises pour faire face \u00e0 des difficult\u00e9s.\u00a0\u00bb <\/p>\n<p>Soulignant la remise en cause de certains dispositifs d\u2019aide, comme l\u2019Aide \u00e0 la cr\u00e9ation ou reprise d\u2019entreprise (jug\u00e9e co\u00fbteuse et inefficace par un rapport de la Cour des comptes, NDLR), le manque de visibilit\u00e9 en l\u2019absence de budget, la pr\u00e9sidente estime que cette instabilit\u00e9 politique n\u2019est pas un bon signal envoy\u00e9 aux entreprises.\u00a0<\/p>\n","protected":false},"excerpt":{"rendered":"\u00a9 St\u00e9phanie V\u00e9ron &#8211; Brigitte Dubois a succ\u00e9d\u00e9 \u00e0 Fran\u00e7ois M\u00e9on \u00e0 la t\u00eate du tribunal de commerce&hellip;\n","protected":false},"author":2,"featured_media":658189,"comment_status":"","ping_status":"","sticky":false,"template":"","format":"standard","meta":{"footnotes":""},"categories":[9653],"tags":[1111,11,2430,313,1777,674,1011,27,12,25,4001,10329,56157],"class_list":{"0":"post-658307","1":"post","2":"type-post","3":"status-publish","4":"format-standard","5":"has-post-thumbnail","7":"category-saint-etienne","8":"tag-actu","9":"tag-actualites","10":"tag-auvergne-rhone-alpes","11":"tag-entreprises","12":"tag-eu","13":"tag-europe","14":"tag-fr","15":"tag-france","16":"tag-news","17":"tag-republique-francaise","18":"tag-saint-etienne","19":"tag-tribunal-de-commerce-de-saint-etienne","20":"tag-tribunaux"},"share_on_mastodon":{"url":"https:\/\/pubeurope.com\/@fr\/115882151332898326","error":""},"_links":{"self":[{"href":"https:\/\/www.europesays.com\/fr\/wp-json\/wp\/v2\/posts\/658307","targetHints":{"allow":["GET"]}}],"collection":[{"href":"https:\/\/www.europesays.com\/fr\/wp-json\/wp\/v2\/posts"}],"about":[{"href":"https:\/\/www.europesays.com\/fr\/wp-json\/wp\/v2\/types\/post"}],"author":[{"embeddable":true,"href":"https:\/\/www.europesays.com\/fr\/wp-json\/wp\/v2\/users\/2"}],"replies":[{"embeddable":true,"href":"https:\/\/www.europesays.com\/fr\/wp-json\/wp\/v2\/comments?post=658307"}],"version-history":[{"count":0,"href":"https:\/\/www.europesays.com\/fr\/wp-json\/wp\/v2\/posts\/658307\/revisions"}],"wp:featuredmedia":[{"embeddable":true,"href":"https:\/\/www.europesays.com\/fr\/wp-json\/wp\/v2\/media\/658189"}],"wp:attachment":[{"href":"https:\/\/www.europesays.com\/fr\/wp-json\/wp\/v2\/media?parent=658307"}],"wp:term":[{"taxonomy":"category","embeddable":true,"href":"https:\/\/www.europesays.com\/fr\/wp-json\/wp\/v2\/categories?post=658307"},{"taxonomy":"post_tag","embeddable":true,"href":"https:\/\/www.europesays.com\/fr\/wp-json\/wp\/v2\/tags?post=658307"}],"curies":[{"name":"wp","href":"https:\/\/api.w.org\/{rel}","templated":true}]}}