{"id":658310,"date":"2026-01-12T12:35:13","date_gmt":"2026-01-12T12:35:13","guid":{"rendered":"https:\/\/www.europesays.com\/fr\/658310\/"},"modified":"2026-01-12T12:35:13","modified_gmt":"2026-01-12T12:35:13","slug":"nancy-le-coup-daccelerateur-du-nancy-roller-vitesse","status":"publish","type":"post","link":"https:\/\/www.europesays.com\/fr\/658310\/","title":{"rendered":"Nancy. Le coup d\u2019acc\u00e9l\u00e9rateur du Nancy Roller Vitesse"},"content":{"rendered":"<p>\u00ab\u00a0Cela faisait dix ans que nous n\u2019avions pas organis\u00e9 pareil \u00e9v\u00e9nement\u00a0\u00bb, explique Marion Ribeyron, tr\u00e9sori\u00e8re du Nancy Roller Vitesse. \u00ab\u00a0Nous sommes tr\u00e8s satisfaits de cette journ\u00e9e qui a permis de mettre en avant une discipline sportive aux multiples facettes\u00a0\u00bb.<\/p>\n<p>Le <a href=\"https:\/\/www.estrepublicain.fr\/sport\/2023\/02\/08\/le-nancy-roller-vitesse-repart-pour-un-tour\" target=\"_blank\" rel=\"noopener\">NRV<\/a> , club de roller de vitesse cr\u00e9\u00e9 en 2012 par Lo\u00efc Lasson, et aujourd\u2019hui pr\u00e9sid\u00e9 par Sylvain Behr, qui est devenu champion du monde en roller de descente en 2019, vient d\u2019organiser la comp\u00e9tition indoor roller, au gymnase Maurice-Jacquet, \u00e0 la P\u00e9pini\u00e8re. Cet \u00e9v\u00e9nement a rassembl\u00e9 77 rolleurs et rolleuses et 180 spectateurs venus de tout le Grand Est. \u00ab\u00a0La comp\u00e9tition a \u00e9t\u00e9 organis\u00e9e sur un format absolu\u00a0\u00bb, souligne Marion Ribeyron. \u00ab\u00a0Les patineurs et patineuses \u00e0 roulettes se sont \u00e9lanc\u00e9s sur un tour et ont \u00e9t\u00e9 class\u00e9s par niveau et non pas par cat\u00e9gorie. Il y a eu des courses de fond de 15, 18, et 20 tours ainsi que des courses de vitesse sur quatre tours. Certains comp\u00e9titeurs sont venus de Lille.\u00a0\u00bb<\/p>\n<p>La journ\u00e9e a permis aux participants de se pr\u00e9parer aux comp\u00e9titions de roller indoor interr\u00e9gionales qui se d\u00e9rouleront \u00e0 Annecy le 17\u00a0janvier et seront qualificatives pour les championnats de France programm\u00e9s les 21 et 22\u00a0f\u00e9vrier. \u00ab\u00a0L\u2019an pass\u00e9, notre club, comptant une vingtaine d\u2019adh\u00e9rents, a eu deux patineurs s\u00e9lectionn\u00e9s par la R\u00e9gion Grand Est pour participer au championnat de France\u00a0\u00bb, reprend la tr\u00e9sori\u00e8re du <a href=\"https:\/\/www.estrepublicain.fr\/sport-lorrain\/2017\/10\/03\/les-nanceiens-a-fond-la-glisse\" target=\"_blank\" rel=\"noopener\">Nancy Roller Vitesse.<\/a><\/p>\n<p>La technique du roller de vitesse est similaire \u00e0 celle du patinage de vitesse sur glace, consistant en de longues pouss\u00e9es lat\u00e9rales, ainsi que des pas crois\u00e9s pour les prises de virages. Cette fa\u00e7on de patiner a \u00e9t\u00e9 enrichie par une nouvelle technique appel\u00e9e double-pouss\u00e9e pour les experts. La pratique du roller est recommand\u00e9e pour la sant\u00e9 physique. Comme d\u2019autres disciplines plus traditionnelles telles que la course \u00e0 pied, la natation ou la musculation, le roller permet de se muscler, de perdre du poids tout en pr\u00e9servant ses articulations. En moyenne, une heure de roller revient \u00e0 br\u00fbler 500 calories.<\/p>\n<p>  Manque d\u2019infrastructures en ext\u00e9rieur<\/p>\n<p>\u00ab\u00a0Le roller de vitesse peut se pratiquer en int\u00e9rieur et en ext\u00e9rieur, dans des \u00e9preuves de marathon ou semi-marathon sur route\u00a0\u00bb, d\u00e9taille Marion Ribeyron. \u00ab\u00a0Au NRV, nous accueillons des patineurs et patineuses qui ont d\u00e9j\u00e0 quelques bases comme savoir freiner, avancer, tourner. Nous ne proposons plus de cours d\u2019initiation car nous n\u2019avons pas les entra\u00eeneurs pour encadrer les novices. En hiver, nos adh\u00e9rents s\u2019entra\u00eenent le lundi au gymnase du Moulin noir, \u00e0 Lay-Saint-Christophe, et le mercredi au gymnase Jacquet, \u00e0 Nancy.\u00a0\u00bb<\/p>\n<p>\u00ab\u00a0\u00c0 la belle saison, c\u2019est un peu plus compliqu\u00e9 car il manque d\u2019infrastructures pour la pratique en ext\u00e9rieur\u00a0\u00bb, poursuit Marion. \u00ab\u00a0L\u2019an dernier, nos adh\u00e9rents allaient s\u2019entra\u00eener du c\u00f4t\u00e9 de Max\u00e9ville, le long de la voie verte, mais ce n\u2019\u00e9tait pas probant en termes de s\u00e9curit\u00e9. Cette ann\u00e9e, ils iront patiner le soir sur le parking de la Facult\u00e9 de m\u00e9decine, \u00e0 Brabois.\u00a0\u00bb<\/p>\n<p class=\"note\">Contact\u00a0: nancyrollervitesse@gmail.com<\/p>\n","protected":false},"excerpt":{"rendered":"\u00ab\u00a0Cela faisait dix ans que nous n\u2019avions pas organis\u00e9 pareil \u00e9v\u00e9nement\u00a0\u00bb, explique Marion Ribeyron, tr\u00e9sori\u00e8re du Nancy Roller&hellip;\n","protected":false},"author":2,"featured_media":658311,"comment_status":"","ping_status":"","sticky":false,"template":"","format":"standard","meta":{"footnotes":""},"categories":[9635],"tags":[1111,11,1687,1704,1777,674,1011,27,775,1702,1703,12,25],"class_list":{"0":"post-658310","1":"post","2":"type-post","3":"status-publish","4":"format-standard","5":"has-post-thumbnail","7":"category-nancy","8":"tag-actu","9":"tag-actualites","10":"tag-culture-loisirs","11":"tag-edition-nancy-et-agglomeration","12":"tag-eu","13":"tag-europe","14":"tag-fr","15":"tag-france","16":"tag-grand-est","17":"tag-nancy","18":"tag-nancy-ville-54b","19":"tag-news","20":"tag-republique-francaise"},"share_on_mastodon":{"url":"https:\/\/pubeurope.com\/@fr\/115882159197641198","error":""},"_links":{"self":[{"href":"https:\/\/www.europesays.com\/fr\/wp-json\/wp\/v2\/posts\/658310","targetHints":{"allow":["GET"]}}],"collection":[{"href":"https:\/\/www.europesays.com\/fr\/wp-json\/wp\/v2\/posts"}],"about":[{"href":"https:\/\/www.europesays.com\/fr\/wp-json\/wp\/v2\/types\/post"}],"author":[{"embeddable":true,"href":"https:\/\/www.europesays.com\/fr\/wp-json\/wp\/v2\/users\/2"}],"replies":[{"embeddable":true,"href":"https:\/\/www.europesays.com\/fr\/wp-json\/wp\/v2\/comments?post=658310"}],"version-history":[{"count":0,"href":"https:\/\/www.europesays.com\/fr\/wp-json\/wp\/v2\/posts\/658310\/revisions"}],"wp:featuredmedia":[{"embeddable":true,"href":"https:\/\/www.europesays.com\/fr\/wp-json\/wp\/v2\/media\/658311"}],"wp:attachment":[{"href":"https:\/\/www.europesays.com\/fr\/wp-json\/wp\/v2\/media?parent=658310"}],"wp:term":[{"taxonomy":"category","embeddable":true,"href":"https:\/\/www.europesays.com\/fr\/wp-json\/wp\/v2\/categories?post=658310"},{"taxonomy":"post_tag","embeddable":true,"href":"https:\/\/www.europesays.com\/fr\/wp-json\/wp\/v2\/tags?post=658310"}],"curies":[{"name":"wp","href":"https:\/\/api.w.org\/{rel}","templated":true}]}}