{"id":658320,"date":"2026-01-12T12:40:09","date_gmt":"2026-01-12T12:40:09","guid":{"rendered":"https:\/\/www.europesays.com\/fr\/658320\/"},"modified":"2026-01-12T12:40:09","modified_gmt":"2026-01-12T12:40:09","slug":"municipales-2026-a-rouen-la-gauche-part-rassemblee-derriere-nicolas-mayer-rossignol","status":"publish","type":"post","link":"https:\/\/www.europesays.com\/fr\/658320\/","title":{"rendered":"Municipales 2026. A Rouen, la gauche part rassembl\u00e9e derri\u00e8re Nicolas Mayer-Rossignol"},"content":{"rendered":"<p melodystyle=\"texte\">C&rsquo;est une situation quasi in\u00e9dite \u00e0 Rouen. Une large partie de la gauche, Parti socialiste, Europe \u00e9cologie les verts, parti communiste, Place publique ou l&rsquo;Eveil citoyen, part rassembl\u00e9e sur une liste commune d\u00e8s le premier tour des \u00e9lections municipales. La liste est conduite par le maire sortant,<a href=\"https:\/\/www.tendanceouest.com\/actualite-435238-municipales-2026-a-rouen-le-maire-sortant-nicolas-mayer-rossignol-officialise-sa-candidature\" target=\"_blank\" rel=\"noopener\"> le socialiste Nicolas Mayer-Rossignol.<\/a> \u00ab\u00a0Il y a quelque chose de fondamental qui nous rassemble, c&rsquo;est le combat contre l&rsquo;extr\u00eame droite et la droite extr\u00eame parce qu&rsquo;il y a une d\u00e9rive d&rsquo;une partie de la droite\u00a0\u00bb, indique le maire.<\/p>\n<p>Force est de constater que l&rsquo;on a besoin de s&rsquo;unir<\/p>\n<p melodystyle=\"texte\">Pas question de prendre le risque de partir divis\u00e9s au premier tour, comme c&rsquo;\u00e9tait la coutume, avant de se rassembler dans l&rsquo;entre-deux tours. \u00ab\u00a0Aujourd&rsquo;hui, il faut \u00eatre honn\u00eate, la situation pour le combat des \u00e9cologistes est compliqu\u00e9e, donc force est de constater que l&rsquo;on a besoin de s&rsquo;unir pour \u00eatre plus forts\u00a0\u00bb, renforce Jean-Michel B\u00e9r\u00e9govoy, qui <a href=\"https:\/\/www.tendanceouest.com\/actualite-435281-rouen-municipales-2026-l-ecologiste-jean-michel-beregovoy-se-rallie-finalement-a-nicolas-mayer-rossignol\" target=\"_blank\" rel=\"noopener\">portait la candidature des \u00e9cologistes<\/a> avant d&rsquo;annoncer son ralliement, jeudi 15\u00a0janvier. D&rsquo;abord tr\u00e8s critique sur \u00ab\u00a0certains projets dispendieux\u00a0\u00bb ou la m\u00e9thode de gouvernance, il indique avoir obtenu des garanties notamment\u00a0: un moratoire sur l&rsquo;accueil des paquebots de croisi\u00e8re, une priorit\u00e9 vers l&rsquo;agrandissement du stade Diochon plut\u00f4t qu&rsquo;un nouveau stade ou encore des adaptations du futur centre des congr\u00e8s pour qu&rsquo;il serve aussi \u00e0 la culture et aux associations locales. \u00ab\u00a0S&rsquo;allier, ce n&rsquo;est pas s&rsquo;aligner, c&rsquo;est d\u00e9battre en permanence\u00a0\u00bb, insiste l&rsquo;\u00e9lu, d\u00e9j\u00e0 dans l&rsquo;ex\u00e9cutif actuel.<\/p>\n<p>Une union sans les Insoumis<\/p>\n<p melodystyle=\"texte\">Pour le parti communiste, la recherche de l&rsquo;union \u00e9tait la cl\u00e9. \u00ab\u00a0On appelle m\u00eame \u00e0 une union encore plus large de tous les partis de gauche\u00a0\u00bb, pr\u00e9cise Cl\u00e9mentine le Duey, cheffe de file des municipales pour les communistes de Rouen, car \u00ab\u00a0on est d&rsquo;accord sur la majorit\u00e9 des choses\u00a0\u00bb. Les communistes entendent d\u00e9fendre les questions de sant\u00e9, avec la cr\u00e9ation d&rsquo;une maison de sant\u00e9 avec des m\u00e9decins salari\u00e9s, mais souhaitent aussi \u00e9tendre la gratuit\u00e9 des transports en commun de la m\u00e9tropole, notamment pour les moins de 26 ans.<\/p>\n<p melodystyle=\"texte\">L&rsquo;union s&rsquo;arr\u00eate \u00e0 la France insoumise, qui part de son c\u00f4t\u00e9 derri\u00e8re la candidature<a href=\"https:\/\/www.tendanceouest.com\/actualite-433650-rouen-maxime-da-silva-de-la-france-insoumise-se-declare-officiellement-tete-de-liste-pour-les-municipales\" target=\"_blank\" rel=\"noopener\"> de Maxime Da Silva<\/a>. \u00ab\u00a0La liste Faire mieux \u00e0 Rouen est d\u00e9sormais la seule alternative \u00e0 gauche\u00a0\u00bb, indique-t-il, d\u00e9non\u00e7ant au passage cette union comme \u00ab\u00a0l&rsquo;opportunisme d&rsquo;une poign\u00e9e de barons locaux inquiets de leur place\u00a0\u00bb.<\/p>\n","protected":false},"excerpt":{"rendered":"C&rsquo;est une situation quasi in\u00e9dite \u00e0 Rouen. Une large partie de la gauche, Parti socialiste, Europe \u00e9cologie les&hellip;\n","protected":false},"author":2,"featured_media":658321,"comment_status":"","ping_status":"","sticky":false,"template":"","format":"standard","meta":{"footnotes":""},"categories":[9587],"tags":[1111,11,1777,674,1011,27,12,5161,25,9590],"class_list":{"0":"post-658320","1":"post","2":"type-post","3":"status-publish","4":"format-standard","5":"has-post-thumbnail","7":"category-rouen","8":"tag-actu","9":"tag-actualites","10":"tag-eu","11":"tag-europe","12":"tag-fr","13":"tag-france","14":"tag-news","15":"tag-normandie","16":"tag-republique-francaise","17":"tag-rouen"},"share_on_mastodon":{"url":"https:\/\/pubeurope.com\/@fr\/115882178919652861","error":""},"_links":{"self":[{"href":"https:\/\/www.europesays.com\/fr\/wp-json\/wp\/v2\/posts\/658320","targetHints":{"allow":["GET"]}}],"collection":[{"href":"https:\/\/www.europesays.com\/fr\/wp-json\/wp\/v2\/posts"}],"about":[{"href":"https:\/\/www.europesays.com\/fr\/wp-json\/wp\/v2\/types\/post"}],"author":[{"embeddable":true,"href":"https:\/\/www.europesays.com\/fr\/wp-json\/wp\/v2\/users\/2"}],"replies":[{"embeddable":true,"href":"https:\/\/www.europesays.com\/fr\/wp-json\/wp\/v2\/comments?post=658320"}],"version-history":[{"count":0,"href":"https:\/\/www.europesays.com\/fr\/wp-json\/wp\/v2\/posts\/658320\/revisions"}],"wp:featuredmedia":[{"embeddable":true,"href":"https:\/\/www.europesays.com\/fr\/wp-json\/wp\/v2\/media\/658321"}],"wp:attachment":[{"href":"https:\/\/www.europesays.com\/fr\/wp-json\/wp\/v2\/media?parent=658320"}],"wp:term":[{"taxonomy":"category","embeddable":true,"href":"https:\/\/www.europesays.com\/fr\/wp-json\/wp\/v2\/categories?post=658320"},{"taxonomy":"post_tag","embeddable":true,"href":"https:\/\/www.europesays.com\/fr\/wp-json\/wp\/v2\/tags?post=658320"}],"curies":[{"name":"wp","href":"https:\/\/api.w.org\/{rel}","templated":true}]}}